{"id":19490,"date":"2019-06-05T13:50:41","date_gmt":"2019-06-05T13:50:41","guid":{"rendered":"https:\/\/www.lab.eus\/el-retraso-de-fechas-en-la-adjudicacion-de-plazas-para-todo-el-profesorado-interino-en-nafarroa-supone-un-reves-a-la-estabilizacion\/"},"modified":"2019-06-05T13:50:41","modified_gmt":"2019-06-05T13:50:41","slug":"el-retraso-de-fechas-en-la-adjudicacion-de-plazas-para-todo-el-profesorado-interino-en-nafarroa-supone-un-reves-a-la-estabilizacion","status":"publish","type":"post","link":"https:\/\/www.lab.eus\/es\/el-retraso-de-fechas-en-la-adjudicacion-de-plazas-para-todo-el-profesorado-interino-en-nafarroa-supone-un-reves-a-la-estabilizacion\/","title":{"rendered":"El retraso de fechas en la adjudicaci\u00f3n de plazas para todo el profesorado interino en Nafarroa supone un rev\u00e9s a la estabilizaci\u00f3n"},"content":{"rendered":"<div style=\"padding-right:15px;width:345px; float:left; border-right-style:solid; border-right-width:1px; border-right-color:#dddddd\"><em><span style=\"font-size: 14px; \">El Departamento de Educaci&oacute;n anunci&oacute; que retrasar&aacute; a agosto el proceso adjudicaci&oacute;n de plazas para todo el profesorado interino y no solo para aquellos cuerpos afectados por una oposici&oacute;n, como ocurr&iacute;a hasta ahora. LAB no ha recibido ninguna aclaraci&oacute;n sobre el motivo de este cambio en la adjudicaci&oacute;n de plazas y considera que es algo incomprensible, ya que el hecho de que las adjudicaciones se realizaran en junio permit&iacute;a al profesorado poder realizar en mejores condiciones su planificaci&oacute;n para el siguiente curso.<\/p>\n<p> <\/span><\/em>A ra&iacute;z de ese anuncio, el riesgo de desajustes e inconvenientes para el pr&oacute;ximo curso vuelve a aumentar considerablemente. El profesorado tiene que tomar una serie de decisiones respecto a la movilidad, hipot&eacute;ticos cambios de vivienda, desarrollo de sus contenidos did&aacute;cticos y mejoras metodol&oacute;gicas&#8230; que se ver&aacute;n seriamente condicionadas por dicho retraso.<\/p>\n<p> Independientemente de los motivos personales, este tipo de decisiones tienen otras repercusiones en el &aacute;mbito pedag&oacute;gico, que afectan a aspectos como las plazas con jornadas reducidas, las que exigen m&uacute;ltiples perfiles o los destinos especiales e itinerantes, por poner algunos ejemplos. Este tipo de plazas acostumbran a ser dif&iacute;ciles de cubrir y siempre existen casos que quedan vacantes tras la adjudicaci&oacute;n. Si las adjudicaciones se retrasan a agosto es f&aacute;cil prever que en muchos centros se iniciar&aacute; el curso con importantes huecos por cubrir.<\/p>\n<p> <strong>Una planificaci&oacute;n adecuada<\/strong><br \/> Consideramos que mantener las adjudicaciones en junio contribuye a que el profesorado, y el conjunto de la comunidad educativa, pueda tomar decisiones con un mayor margen para realizar una planificaci&oacute;n adecuada y consolida el proceso de estabilizaci&oacute;n del profesorado interino, que a&uacute;n tiene un largo camino por recorrer.<\/p>\n<p> Por todo ello, apostamos por que la adjudicaci&oacute;n de las plazas no afectadas por ning&uacute;n proceso de oposici&oacute;n se hagan, como hasta ahora, en junio y exigimos al Departamento de Educaci&oacute;n que reconsidere su decisi&oacute;n al respecto.<br \/> &nbsp;<\/div>\n<div style=\"width:180px; float:left; padding-left:15px;\">\n<div style=\"text-align: center; \"><a href=\"\/rssak\"><input src=\"\/materiala\/argazkiak\/feed.png\" alt=\"RSSak\" longdesc=\"undefined\" width=\"30\" type=\"image\" height=\"30\" \/><\/a><a target=\"_blank\" href=\"http:\/\/www.facebook.com\/pages\/LAB-sindikatua\/292846207397345\" rel=\"noopener noreferrer\"><input src=\"\/modules\/mod_socialmediacloud\/icons\/facebook.png\" alt=\"LAB Facebooken\" longdesc=\"undefined\" width=\"30\" type=\"image\" height=\"30\" \/><\/a><a target=\"_blank\" href=\"http:\/\/issuu.com\/lab_argitalpenak\" rel=\"noopener noreferrer\"><input src=\"\/modules\/mod_socialmediacloud\/icons\/issuu.png\" longdesc=\"undefined\" width=\"30\" type=\"image\" height=\"30\" \/><\/a><a target=\"_blank\" href=\"http:\/\/es.scribd.com\/LABsindikatua\" rel=\"noopener noreferrer\"><input src=\"\/modules\/mod_socialmediacloud\/icons\/scribd.png\" longdesc=\"undefined\" width=\"30\" type=\"image\" height=\"30\" \/><br \/> <\/a><\/div>\n<div style=\"text-align: center; \"><a target=\"_blank\" href=\"http:\/\/twitter.com\/LABsindikatua\" rel=\"noopener noreferrer\"><input src=\"\/modules\/mod_socialmediacloud\/icons\/twitter.png\" longdesc=\"undefined\" width=\"30\" type=\"image\" height=\"30\" \/><\/a><a target=\"_blank\" href=\"http:\/\/www.youtube.com\/user\/labsindikatua\" rel=\"noopener noreferrer\"><input src=\"\/modules\/mod_socialmediacloud\/icons\/youtube.png\" longdesc=\"undefined\" width=\"30\" type=\"image\" height=\"30\" \/><\/a><a target=\"_blank\" href=\"http:\/\/www.flickr.com\/photos\/lab-sindikatua\/\" rel=\"noopener noreferrer\"><input src=\"\/modules\/mod_socialmediacloud\/icons\/flickr.png\" longdesc=\"undefined\" width=\"30\" type=\"image\" height=\"30\" \/><\/a><a href=\"http:\/\/www.labsindikatua.org\/eu\/hasiera\/upload\"><input src=\"\/modules\/mod_socialmediacloud\/icons\/igo.png\" longdesc=\"undefined\" width=\"30\" type=\"image\" height=\"30\" \/><\/a><\/div>\n<p> &nbsp;<\/p><\/div>\n<div>&nbsp;<\/div>\n","protected":false},"excerpt":{"rendered":"<p>El Departamento de Educaci&oacute;n anunci&oacute; que retrasar&aacute; a agosto el proceso adjudicaci&oacute;n de plazas para todo el profesorado interino y no solo para aquellos cuerpos afectados por una oposici&oacute;n, como ocurr&iacute;a hasta ahora. LAB no ha recibido ninguna aclaraci&oacute;n sobre el motivo de este cambio en la adjudicaci&oacute;n de plazas y considera que es algo [&hellip;]<\/p>\n","protected":false},"author":1,"featured_media":0,"comment_status":"open","ping_status":"open","sticky":false,"template":"","format":"standard","meta":{"_monsterinsights_skip_tracking":false,"_monsterinsights_sitenote_active":false,"_monsterinsights_sitenote_note":"","_monsterinsights_sitenote_category":0,"footnotes":"","_links_to":"","_links_to_target":""},"categories":[33,2998],"tags":[3033],"class_list":{"0":"post-19490","1":"post","2":"type-post","3":"status-publish","4":"format-standard","6":"category-es-ensenanza","7":"category-uncategorized-eu-es","8":"tag-accion-sindical-es"},"_links":{"self":[{"href":"https:\/\/www.lab.eus\/es\/wp-json\/wp\/v2\/posts\/19490","targetHints":{"allow":["GET"]}}],"collection":[{"href":"https:\/\/www.lab.eus\/es\/wp-json\/wp\/v2\/posts"}],"about":[{"href":"https:\/\/www.lab.eus\/es\/wp-json\/wp\/v2\/types\/post"}],"author":[{"embeddable":true,"href":"https:\/\/www.lab.eus\/es\/wp-json\/wp\/v2\/users\/1"}],"replies":[{"embeddable":true,"href":"https:\/\/www.lab.eus\/es\/wp-json\/wp\/v2\/comments?post=19490"}],"version-history":[{"count":0,"href":"https:\/\/www.lab.eus\/es\/wp-json\/wp\/v2\/posts\/19490\/revisions"}],"wp:attachment":[{"href":"https:\/\/www.lab.eus\/es\/wp-json\/wp\/v2\/media?parent=19490"}],"wp:term":[{"taxonomy":"category","embeddable":true,"href":"https:\/\/www.lab.eus\/es\/wp-json\/wp\/v2\/categories?post=19490"},{"taxonomy":"post_tag","embeddable":true,"href":"https:\/\/www.lab.eus\/es\/wp-json\/wp\/v2\/tags?post=19490"}],"curies":[{"name":"wp","href":"https:\/\/api.w.org\/{rel}","templated":true}]}}