{"id":19481,"date":"2019-06-04T12:33:26","date_gmt":"2019-06-04T12:33:26","guid":{"rendered":"https:\/\/www.lab.eus\/a-pesar-de-llevar-mas-de-cinco-anos-de-crecimiento-economico-todavia-hoy-el-desempleo-se-reduce-a-golpe-de-precariedad\/"},"modified":"2019-06-04T12:33:26","modified_gmt":"2019-06-04T12:33:26","slug":"a-pesar-de-llevar-mas-de-cinco-anos-de-crecimiento-economico-todavia-hoy-el-desempleo-se-reduce-a-golpe-de-precariedad","status":"publish","type":"post","link":"https:\/\/www.lab.eus\/es\/a-pesar-de-llevar-mas-de-cinco-anos-de-crecimiento-economico-todavia-hoy-el-desempleo-se-reduce-a-golpe-de-precariedad\/","title":{"rendered":"A pesar de llevar m\u00e1s de cinco a\u00f1os de crecimiento econ\u00f3mico, todav\u00eda hoy el desempleo se reduce a golpe de precariedad"},"content":{"rendered":"<div style=\"padding-right:15px;width:345px; float:left; border-right-style:solid; border-right-width:1px; border-right-color:#dddddd\"><em><span style=\"font-size: 14px; \">Ya se han cumplido m&aacute;s de siete a&ntilde;os de la &uacute;ltima reforma laboral, la que Pedro Sanchez se comprometi&oacute; a derogar en infinidad de ocasiones. Lo prometi&oacute; antes de su primera investidura, y posteriormente se convirti&oacute; en promesa electoral para la siguiente legislatura. Pero ahora nadie duda de que todo formaba parte de nuevo enga&ntilde;o a la clase trabajadora.<\/p>\n<p> <\/span><\/em>La evoluci&oacute;n del paro se ha comportado como de costumbre suele hacer en mayo y ha registrado un descenso de 3.089 personas en Hego Euskal Herria, lo que sit&uacute;a la cifra oficial de desempleo en 145.136 personas.<\/p>\n<p> Adem&aacute;s, el paro ha remitido m&aacute;s entre los hombres (-3%) que entre las mujeres (-1,4%), de manera que actualmente el 58% de las personas en paro son mujeres y el 42% hombres.<\/p>\n<p> Tambi&eacute;n cabe destacar que el desempleo ha vuelto a aumentar entre la juventud menor de 25 a&ntilde;os. Al finalizar mayo hab&iacute;a un total de 11.161 j&oacute;venes en paro registrados en las oficinas p&uacute;blicas de empleo. Esto supone un 1,7% m&aacute;s que el mes anterior y un 2,7% m&aacute;s que hace un a&ntilde;o.<\/p>\n<p> En estas circunstancias, y con una tasa de paro que ronda el 30% (el doble que la media europea), es evidente que una gran parte de la juventud vasca se encuentra expulsada del mercado de trabajo. Por esta misma raz&oacute;n se trata de un colectivo especialmente vulnerable y expuesto a mayores cotas de explotaci&oacute;n laboral.<\/p>\n<p> Por tanto, el mantenimiento de las brechas de g&eacute;nero y de edad en el &aacute;mbito laboral contin&uacute;a siendo motivo de alerta para nuestro sindicato, como tambi&eacute;n lo es el deterioro generalizado y continuado de las condiciones laborales.<\/p>\n<p> La situaci&oacute;n lo exige, porque a pesar de llevar m&aacute;s de cinco a&ntilde;os de crecimiento econ&oacute;mico todav&iacute;a hoy el desempleo se reduce a golpe de precariedad por culpa de las &uacute;ltimas reformas laborales.<\/p>\n<p> Evidentemente la reforma de 2012 implantada por el PP no ha servido para reducir la precariedad, sino todo lo contrario. L&oacute;gico, porque su objetivo consist&iacute;a en profundizar la reforma del PSOE (2010) para as&iacute; ganar competitividad a costa de deprimir los salarios y reducir los costes laborales.<\/p>\n<p> El 92% de los contratos firmados son temporales, un porcentaje similar al que se registraba antes de la &uacute;ltima reforma, pero ahora los contratos tienen menor duraci&oacute;n. Esto ha provocado un aumento de la rotaci&oacute;n laboral y de la inestabilidad en el empleo.<\/p>\n<p> Adem&aacute;s, la mala calidad del empleo creado tambi&eacute;n se ve reflejada en la expansi&oacute;n de formas de trabajo m&aacute;s precarias: temporalidad, parcialidad involuntaria y subcontrataci&oacute;n.&nbsp;De hecho, cuando se aprob&oacute; por la v&iacute;a urgente del real decreto-ley la reforma laboral de 2012 el 53,7% de las personas afiliadas a la Seguridad Social en Hego Euskal Herria ten&iacute;an una relaci&oacute;n laboral indefinida a jornada completa. Hoy el peso de esta modalidad ha ca&iacute;do hasta el 50% como consecuencia del proceso de sustituci&oacute;n que est&aacute; sufriendo por el aumento de otras formas de trabajo de car&aacute;cter eventual y a jornada parcial.<br \/> &nbsp;<\/div>\n<div style=\"width:180px; float:left; padding-left:15px;\">\n<div style=\"text-align: center; \"><a href=\"\/rssak\"><input src=\"\/materiala\/argazkiak\/feed.png\" alt=\"RSSak\" longdesc=\"undefined\" width=\"30\" type=\"image\" height=\"30\" \/><\/a><a target=\"_blank\" href=\"http:\/\/www.facebook.com\/pages\/LAB-sindikatua\/292846207397345\" rel=\"noopener noreferrer\"><input src=\"\/modules\/mod_socialmediacloud\/icons\/facebook.png\" alt=\"LAB Facebooken\" longdesc=\"undefined\" width=\"30\" type=\"image\" height=\"30\" \/><\/a><a target=\"_blank\" href=\"http:\/\/issuu.com\/lab_argitalpenak\" rel=\"noopener noreferrer\"><input src=\"\/modules\/mod_socialmediacloud\/icons\/issuu.png\" longdesc=\"undefined\" width=\"30\" type=\"image\" height=\"30\" \/><\/a><a target=\"_blank\" href=\"http:\/\/es.scribd.com\/LABsindikatua\" rel=\"noopener noreferrer\"><input src=\"\/modules\/mod_socialmediacloud\/icons\/scribd.png\" longdesc=\"undefined\" width=\"30\" type=\"image\" height=\"30\" \/><br \/> <\/a><\/div>\n<div style=\"text-align: center; \"><a target=\"_blank\" href=\"http:\/\/twitter.com\/LABsindikatua\" rel=\"noopener noreferrer\"><input src=\"\/modules\/mod_socialmediacloud\/icons\/twitter.png\" longdesc=\"undefined\" width=\"30\" type=\"image\" height=\"30\" \/><\/a><a target=\"_blank\" href=\"http:\/\/www.youtube.com\/user\/labsindikatua\" rel=\"noopener noreferrer\"><input src=\"\/modules\/mod_socialmediacloud\/icons\/youtube.png\" longdesc=\"undefined\" width=\"30\" type=\"image\" height=\"30\" \/><\/a><a target=\"_blank\" href=\"http:\/\/www.flickr.com\/photos\/lab-sindikatua\/\" rel=\"noopener noreferrer\"><input src=\"\/modules\/mod_socialmediacloud\/icons\/flickr.png\" longdesc=\"undefined\" width=\"30\" type=\"image\" height=\"30\" \/><\/a><a href=\"http:\/\/www.labsindikatua.org\/eu\/hasiera\/upload\"><input src=\"\/modules\/mod_socialmediacloud\/icons\/igo.png\" longdesc=\"undefined\" width=\"30\" type=\"image\" height=\"30\" \/><\/a><\/div>\n<p> &nbsp;<\/p><\/div>\n<div>&nbsp;<\/div>\n","protected":false},"excerpt":{"rendered":"<p>Ya se han cumplido m&aacute;s de siete a&ntilde;os de la &uacute;ltima reforma laboral, la que Pedro Sanchez se comprometi&oacute; a derogar en infinidad de ocasiones. Lo prometi&oacute; antes de su primera investidura, y posteriormente se convirti&oacute; en promesa electoral para la siguiente legislatura. Pero ahora nadie duda de que todo formaba parte de nuevo enga&ntilde;o [&hellip;]<\/p>\n","protected":false},"author":1,"featured_media":0,"comment_status":"open","ping_status":"open","sticky":false,"template":"","format":"standard","meta":{"_monsterinsights_skip_tracking":false,"_monsterinsights_sitenote_active":false,"_monsterinsights_sitenote_note":"","_monsterinsights_sitenote_category":0,"footnotes":"","_links_to":"","_links_to_target":""},"categories":[2994],"tags":[3182,3101],"class_list":{"0":"post-19481","1":"post","2":"type-post","3":"status-publish","4":"format-standard","6":"category-accion-social","7":"tag-accion-social-es","8":"tag-desempleo"},"_links":{"self":[{"href":"https:\/\/www.lab.eus\/es\/wp-json\/wp\/v2\/posts\/19481","targetHints":{"allow":["GET"]}}],"collection":[{"href":"https:\/\/www.lab.eus\/es\/wp-json\/wp\/v2\/posts"}],"about":[{"href":"https:\/\/www.lab.eus\/es\/wp-json\/wp\/v2\/types\/post"}],"author":[{"embeddable":true,"href":"https:\/\/www.lab.eus\/es\/wp-json\/wp\/v2\/users\/1"}],"replies":[{"embeddable":true,"href":"https:\/\/www.lab.eus\/es\/wp-json\/wp\/v2\/comments?post=19481"}],"version-history":[{"count":0,"href":"https:\/\/www.lab.eus\/es\/wp-json\/wp\/v2\/posts\/19481\/revisions"}],"wp:attachment":[{"href":"https:\/\/www.lab.eus\/es\/wp-json\/wp\/v2\/media?parent=19481"}],"wp:term":[{"taxonomy":"category","embeddable":true,"href":"https:\/\/www.lab.eus\/es\/wp-json\/wp\/v2\/categories?post=19481"},{"taxonomy":"post_tag","embeddable":true,"href":"https:\/\/www.lab.eus\/es\/wp-json\/wp\/v2\/tags?post=19481"}],"curies":[{"name":"wp","href":"https:\/\/api.w.org\/{rel}","templated":true}]}}