{"id":19368,"date":"2019-05-20T07:46:01","date_gmt":"2019-05-20T07:46:01","guid":{"rendered":"https:\/\/www.lab.eus\/quien-no-apuesta-por-otra-politica-fiscal-promueve-la-perpetuacion-de-politicas-neoliberales\/"},"modified":"2019-05-20T07:46:01","modified_gmt":"2019-05-20T07:46:01","slug":"quien-no-apuesta-por-otra-politica-fiscal-promueve-la-perpetuacion-de-politicas-neoliberales","status":"publish","type":"post","link":"https:\/\/www.lab.eus\/es\/quien-no-apuesta-por-otra-politica-fiscal-promueve-la-perpetuacion-de-politicas-neoliberales\/","title":{"rendered":"\u201cQuien no apuesta por otra pol\u00edtica fiscal promueve la perpetuaci\u00f3n de pol\u00edticas neoliberales\u201d"},"content":{"rendered":"<p> <\/p>\n<div style=\"padding-right:15px;width:345px; float:left; border-right-style:solid; border-right-width:1px; border-right-color:#dddddd\"><img loading=\"lazy\" decoding=\"async\" class=\" size-full wp-image-19365\" src=\"https:\/\/www.lab.eus\/wp-content\/uploads\/2019\/05\/materiala_argazkiak_sozio-ekonomia_19_05_20Fiskalitatea_Fiskalitatea.JPG\" width=\"345\" height=\"254\" alt=\"\" srcset=\"https:\/\/www.lab.eus\/wp-content\/uploads\/2019\/05\/materiala_argazkiak_sozio-ekonomia_19_05_20Fiskalitatea_Fiskalitatea.JPG 990w, https:\/\/www.lab.eus\/wp-content\/uploads\/2019\/05\/materiala_argazkiak_sozio-ekonomia_19_05_20Fiskalitatea_Fiskalitatea-300x221.jpg 300w, https:\/\/www.lab.eus\/wp-content\/uploads\/2019\/05\/materiala_argazkiak_sozio-ekonomia_19_05_20Fiskalitatea_Fiskalitatea-768x565.jpg 768w, https:\/\/www.lab.eus\/wp-content\/uploads\/2019\/05\/materiala_argazkiak_sozio-ekonomia_19_05_20Fiskalitatea_Fiskalitatea-150x110.jpg 150w, https:\/\/www.lab.eus\/wp-content\/uploads\/2019\/05\/materiala_argazkiak_sozio-ekonomia_19_05_20Fiskalitatea_Fiskalitatea-696x512.jpg 696w, https:\/\/www.lab.eus\/wp-content\/uploads\/2019\/05\/materiala_argazkiak_sozio-ekonomia_19_05_20Fiskalitatea_Fiskalitatea-571x420.jpg 571w, https:\/\/www.lab.eus\/wp-content\/uploads\/2019\/05\/materiala_argazkiak_sozio-ekonomia_19_05_20Fiskalitatea_Fiskalitatea-80x60.jpg 80w\" sizes=\"auto, (max-width: 345px) 100vw, 345px\" \/><br \/> <em><br \/> <span style=\"font-size: 14px; \">La secretaria general de LAB Garbi&ntilde;e Aranburu y la responsable de organizaci&oacute;n de acci&oacute;n social Edurne Larra&ntilde;aga han realizado una rueda de prensa para presentar el informe realizado por el sindicato sobre fiscalidad ein formar sobre las medidas para un nuevo modelo fiscal. El pr&oacute;ximo 26 de mayo ser&aacute;n las elecciones a Juntas Generales de Araba, Bizkaia y Gipuzkoa y para el Parlamento de Nafarroa y son estas las instituciones que tinene capacidad de regular la pol&iacute;tica fiscal. As&iacute;, en v&iacute;speras de estas elecciones, hemos realizado algunas propuestas para una reforma fiscal redistributiva: para acercar la presi&oacute;n fiscal a la media de Europa, pero para que la carga impositiva recaiga en las grandes empresas, las grandes rentas y los grandes patrimonios; corregir la tendencia de dirigir el peso de la recaudaci&oacute;n a impuestos indirectos, especialmente el IVA, ya que aunque parezca una medida fiscalmente neutral, exige un mayor esfuerzo fiscal para las personas con rentas m&aacute;s bajas; o incrementar el personal y los recursos contra el fraude fiscal.&nbsp;<\/p>\n<div style=\"font-family: Times; font-size: medium; border-style: solid; border-width: 1px; border-color: rgb(221, 221, 221); background-color: rgb(237, 237, 237); padding: 5px;\"><i><span style=\"font-size: 13px;\"><span style=\"font-family: &quot;Arial Narrow&quot;;\"><strong><span style=\"color: rgb(0, 0, 0);\"><span style=\"color: rgb(0, 0, 0);\"><input type=\"image\" src=\"http:\/\/www.labsindikatua.org\/materiala\/argazkiak\/euskalHerria\/EuskalHerriakBereBidea\/ikonoak\/testua.png\" \/><\/span><span style=\"color: rgb(0, 0, 0);\">&nbsp;<u><span style=\"color: rgb(0, 0, 0);\"><a href=\"https:\/\/www.lab.eus\/wp-content\/uploads\/2019\/05\/materiala_argazkiak_sozio-ekonomia_19_05_20Fiskalitatea_TXOSTENA-EU.pdf\"><span style=\"color: rgb(51, 51, 0);\">Fiskalitatea Hego Euskal Herrian. Egoeraren azterketa eta proposamenak.<\/span><\/a><\/span><\/u><\/span><\/span><\/strong><\/span><\/span><\/i><span style=\"color: rgb(0, 0, 0);\"><i><span style=\"font-size: 13px;\"><span style=\"font-family: &quot;Arial Narrow&quot;;\"><strong><\/p>\n<p> <\/strong><\/span><\/span><\/i><i><span style=\"font-size: 13px;\"><span style=\"font-family: &quot;Arial Narrow&quot;;\"><strong><input type=\"image\" src=\"http:\/\/www.labsindikatua.org\/materiala\/argazkiak\/euskalHerria\/EuskalHerriakBereBidea\/ikonoak\/testua.png\" \/>&nbsp;<\/strong><\/span><\/span><\/i><\/span><i><span style=\"font-size: 13px;\"><span style=\"font-family: &quot;Arial Narrow&quot;;\"><strong><span style=\"color: rgb(0, 0, 0);\"><span style=\"color: rgb(0, 0, 0);\"><u><span style=\"color: rgb(0, 0, 0);\"><a href=\"https:\/\/www.lab.eus\/wp-content\/uploads\/2019\/05\/materiala_argazkiak_sozio-ekonomia_19_05_20Fiskalitatea_TXOSTENA-ES.pdf\"><span style=\"color: rgb(51, 51, 0);\">La fiscalidad en Hego Euskal Herria. An&aacute;lisis de la situaci&oacute;n y propuestas.<\/span><\/a><\/span><\/u><\/span><\/span><\/strong><\/span><\/span><\/i><i><span style=\"font-size: 13px;\"><span style=\"font-family: &quot;Arial Narrow&quot;;\"><strong><a href=\"https:\/\/www.lab.eus\/wp-content\/uploads\/2018\/06\/materiala_argazkiak_zerbitzuPublikoak_osasungintzaPublikoa_18_06_06_OsakidetzaTxostena.pdf\" target=\"_blank\" rel=\"noopener noreferrer\"><br \/> <\/a><\/strong><\/span><\/span><\/i><\/div>\n<p> <\/span><\/em><br \/> &ldquo;La precariedad, la pobreza y la exclusi&oacute;n social que afectan especialmente a las mujeres se pueden evitar haciendo una apuesta por un reparto m&aacute;s justo de la riqueza yla pol&iacute;tica fiscal puede ser un instrumento para ello&rdquo;&rdquo;.<\/p>\n<p> Son palabras de Garbi&ntilde;e Aranburu, realizadas en la presentaci&oacute;n del informe sobre fiscalidad realizado por el sindicato. En el contexto de la campa&ntilde;a electoral, la secretaria general de LAB ha recordado que el modelo fiscal que defiende un partido es reflejo del modelo de sociedad que defiende dicho partido: &ldquo;Quien no haga una apuesta por otro tipo de pol&iacute;tica fiscal promueve la perpetuaci&oacute;n de pol&iacute;ticas neoliberales; promueve la perpetuaci&oacute;n de la precariedad, la pobreza y la exclusi&oacute;n social. De hecho, promueve perpetuar un modelo econ&oacute;mico y social que da la espalda a la mayor&iacute;a social, a favor del modelo disa&ntilde;ado a la medida de la patronal.<\/p>\n<p> En palabras de Garbi&ntilde;e Aranburu, &ldquo;las y los trabajadores tienen que saber que es imposible mejorar la vida de las personas sin cambiar la pol&iacute;tica fiscal. Las y los trabajadores tienen que saber que la pol&iacute;tica fiscal que est&aacute; en vigor la ha dise&ntilde;ado la patronal. Es la propioa patronal la que est&aacute; dirigiendo las pol&iacute;ticas p&uacute;blicas de este pa&iacute;s&rdquo;.<\/p>\n<p> <strong>Medidas propuestas<\/strong><br \/> Tal y como se recogen en el informe presentado en la rueda de prensa, LAB promueve las siguientes medidas para una reforma fiscal redistributiva.<\/p>\n<p> &bull; Incrementar la presi&oacute;n fiscal para acercarnos a los est&aacute;ndares europeos, pero de forma que el aumento de la carga impositiva recaiga sobre las grandes empresas, las rentas m&aacute;s elevadas y los grandes patrimonios.<\/p>\n<p> &bull; Corregir la tendencia a desplazar el peso de la recaudaci&oacute;n hacia los impuestos indirectos, especialmente el IVA, que a pesar de su aparente neutralidad fiscal supone un mayor esfuerzo fiscal para las personas con menos ingresos.<\/p>\n<p> &bull; Recuperar el principio de equidad en el IRPF para que todas las rentas reciban el mismo tratamiento fiscal ya sean rendimientos del trabajo, de capital o ganancias patrimoniales.<\/p>\n<p> &bull; Reforzar la progresividad del IRPF aumentando el n&uacute;mero de tramos y los tipos impositivos aplicados a las rentas m&aacute;s elevadas.<\/p>\n<p> &bull; Revertir las rebajas de los tipos de gravamen del Impuesto de Sociedades.<\/p>\n<p> &bull; Suprimir las deducciones, bonificaciones y dem&aacute;s beneficios fiscales que no cumplen los objetivos con los que<br \/> supuestamente se conceden a las empresas.<\/p>\n<p> &bull; Blindar la imposici&oacute;n fiscal sobre la riqueza frente a las presiones para eliminar o debilitar aquellas figuras impositivas que gravan la acumulaci&oacute;n y trasmisi&oacute;n de grandes patrimonios.<\/p>\n<p> &bull; Revisar el Impuesto sobre Patrimonio y someter a tributaci&oacute;n todos los bienes acumulados, incluidas las participaciones en empresas.<\/p>\n<p> &bull; Eliminar los topes m&aacute;ximos de cotizaci&oacute;n a la Seguridad Social para aumentar los recursos destinados a pensiones.<\/p>\n<p> &bull; Prohibir todo tipo de relaci&oacute;n comercial con sociedades establecidas en para&iacute;sos fiscales. <\/p>\n<p> &bull; Redoblar el personal y los recursos dedicados a la persecuci&oacute;n del fraude fiscal.<\/p>\n<p> &nbsp;<\/p><\/div>\n<div style=\"width:180px; float:left; padding-left:15px;\">\n<div style=\"text-align: center; \"><a href=\"\/rssak\"><input src=\"\/materiala\/argazkiak\/feed.png\" alt=\"RSSak\" longdesc=\"undefined\" width=\"30\" type=\"image\" height=\"30\" \/><\/a><a target=\"_blank\" href=\"http:\/\/www.facebook.com\/pages\/LAB-sindikatua\/292846207397345\" rel=\"noopener noreferrer\"><input src=\"\/modules\/mod_socialmediacloud\/icons\/facebook.png\" alt=\"LAB Facebooken\" longdesc=\"undefined\" width=\"30\" type=\"image\" height=\"30\" \/><\/a><a target=\"_blank\" href=\"http:\/\/issuu.com\/lab_argitalpenak\" rel=\"noopener noreferrer\"><input src=\"\/modules\/mod_socialmediacloud\/icons\/issuu.png\" longdesc=\"undefined\" width=\"30\" type=\"image\" height=\"30\" \/><\/a><a target=\"_blank\" href=\"http:\/\/es.scribd.com\/LABsindikatua\" rel=\"noopener noreferrer\"><input src=\"\/modules\/mod_socialmediacloud\/icons\/scribd.png\" longdesc=\"undefined\" width=\"30\" type=\"image\" height=\"30\" \/><br \/> <\/a><\/div>\n<div style=\"text-align: center; \"><a target=\"_blank\" href=\"http:\/\/twitter.com\/LABsindikatua\" rel=\"noopener noreferrer\"><input src=\"\/modules\/mod_socialmediacloud\/icons\/twitter.png\" longdesc=\"undefined\" width=\"30\" type=\"image\" height=\"30\" \/><\/a><a target=\"_blank\" href=\"http:\/\/www.youtube.com\/user\/labsindikatua\" rel=\"noopener noreferrer\"><input src=\"\/modules\/mod_socialmediacloud\/icons\/youtube.png\" longdesc=\"undefined\" width=\"30\" type=\"image\" height=\"30\" \/><\/a><a target=\"_blank\" href=\"http:\/\/www.flickr.com\/photos\/lab-sindikatua\/\" rel=\"noopener noreferrer\"><input src=\"\/modules\/mod_socialmediacloud\/icons\/flickr.png\" longdesc=\"undefined\" width=\"30\" type=\"image\" height=\"30\" \/><\/a><a href=\"http:\/\/www.labsindikatua.org\/eu\/hasiera\/upload\"><input src=\"\/modules\/mod_socialmediacloud\/icons\/igo.png\" longdesc=\"undefined\" width=\"30\" type=\"image\" height=\"30\" \/><\/a><\/div>\n<p> &nbsp;<\/p><\/div>\n<div>&nbsp;<\/div>\n","protected":false},"excerpt":{"rendered":"<p>La secretaria general de LAB Garbi&ntilde;e Aranburu y la responsable de organizaci&oacute;n de acci&oacute;n social Edurne Larra&ntilde;aga han realizado una rueda de prensa para presentar el informe realizado por el sindicato sobre fiscalidad ein formar sobre las medidas para un nuevo modelo fiscal. El pr&oacute;ximo 26 de mayo ser&aacute;n las elecciones a Juntas Generales de [&hellip;]<\/p>\n","protected":false},"author":1,"featured_media":19365,"comment_status":"open","ping_status":"open","sticky":false,"template":"","format":"standard","meta":{"_monsterinsights_skip_tracking":false,"_monsterinsights_sitenote_active":false,"_monsterinsights_sitenote_note":"","_monsterinsights_sitenote_category":0,"footnotes":"","_links_to":"","_links_to_target":""},"categories":[2998],"tags":[],"class_list":{"0":"post-19368","1":"post","2":"type-post","3":"status-publish","4":"format-standard","5":"has-post-thumbnail","7":"category-uncategorized-eu-es"},"_links":{"self":[{"href":"https:\/\/www.lab.eus\/es\/wp-json\/wp\/v2\/posts\/19368","targetHints":{"allow":["GET"]}}],"collection":[{"href":"https:\/\/www.lab.eus\/es\/wp-json\/wp\/v2\/posts"}],"about":[{"href":"https:\/\/www.lab.eus\/es\/wp-json\/wp\/v2\/types\/post"}],"author":[{"embeddable":true,"href":"https:\/\/www.lab.eus\/es\/wp-json\/wp\/v2\/users\/1"}],"replies":[{"embeddable":true,"href":"https:\/\/www.lab.eus\/es\/wp-json\/wp\/v2\/comments?post=19368"}],"version-history":[{"count":0,"href":"https:\/\/www.lab.eus\/es\/wp-json\/wp\/v2\/posts\/19368\/revisions"}],"wp:featuredmedia":[{"embeddable":true,"href":"https:\/\/www.lab.eus\/es\/wp-json\/wp\/v2\/media\/19365"}],"wp:attachment":[{"href":"https:\/\/www.lab.eus\/es\/wp-json\/wp\/v2\/media?parent=19368"}],"wp:term":[{"taxonomy":"category","embeddable":true,"href":"https:\/\/www.lab.eus\/es\/wp-json\/wp\/v2\/categories?post=19368"},{"taxonomy":"post_tag","embeddable":true,"href":"https:\/\/www.lab.eus\/es\/wp-json\/wp\/v2\/tags?post=19368"}],"curies":[{"name":"wp","href":"https:\/\/api.w.org\/{rel}","templated":true}]}}