{"id":19321,"date":"2019-05-14T08:53:16","date_gmt":"2019-05-14T08:53:16","guid":{"rendered":"https:\/\/www.lab.eus\/queremos-mostrar-nuestra-solidaridad-y-apoyo-a-ramon-font-miembro-del-sindicato-catalan-ustec-con-motivo-de-la-declaracion-a-celebrar-hoy-en-el-tribunal-supremo\/"},"modified":"2019-05-14T08:53:16","modified_gmt":"2019-05-14T08:53:16","slug":"queremos-mostrar-nuestra-solidaridad-y-apoyo-a-ramon-font-miembro-del-sindicato-catalan-ustec-con-motivo-de-la-declaracion-a-celebrar-hoy-en-el-tribunal-supremo","status":"publish","type":"post","link":"https:\/\/www.lab.eus\/es\/queremos-mostrar-nuestra-solidaridad-y-apoyo-a-ramon-font-miembro-del-sindicato-catalan-ustec-con-motivo-de-la-declaracion-a-celebrar-hoy-en-el-tribunal-supremo\/","title":{"rendered":"Queremos mostrar nuestra solidaridad y apoyo a Ram\u00f3n Font, miembro del sindicato catal\u00e1n USTEC, con motivo de la declaraci\u00f3n a celebrar hoy en el Tribunal Supremo"},"content":{"rendered":"<p> <\/p>\n<div style=\"padding-right:15px;width:345px; float:left; border-right-style:solid; border-right-width:1px; border-right-color:#dddddd\"><img loading=\"lazy\" decoding=\"async\" class=\" size-full wp-image-19320\" src=\"https:\/\/www.lab.eus\/wp-content\/uploads\/2019\/05\/materiala_argazkiak_nazioartea_elkartasuna_19_05_14Font_Epaiketa1.jpeg\" width=\"345\" height=\"259\" alt=\"\" srcset=\"https:\/\/www.lab.eus\/wp-content\/uploads\/2019\/05\/materiala_argazkiak_nazioartea_elkartasuna_19_05_14Font_Epaiketa1.jpeg 1600w, https:\/\/www.lab.eus\/wp-content\/uploads\/2019\/05\/materiala_argazkiak_nazioartea_elkartasuna_19_05_14Font_Epaiketa1-300x225.jpeg 300w, https:\/\/www.lab.eus\/wp-content\/uploads\/2019\/05\/materiala_argazkiak_nazioartea_elkartasuna_19_05_14Font_Epaiketa1-1024x768.jpeg 1024w, https:\/\/www.lab.eus\/wp-content\/uploads\/2019\/05\/materiala_argazkiak_nazioartea_elkartasuna_19_05_14Font_Epaiketa1-768x576.jpeg 768w, https:\/\/www.lab.eus\/wp-content\/uploads\/2019\/05\/materiala_argazkiak_nazioartea_elkartasuna_19_05_14Font_Epaiketa1-1536x1152.jpeg 1536w, https:\/\/www.lab.eus\/wp-content\/uploads\/2019\/05\/materiala_argazkiak_nazioartea_elkartasuna_19_05_14Font_Epaiketa1-150x113.jpeg 150w, https:\/\/www.lab.eus\/wp-content\/uploads\/2019\/05\/materiala_argazkiak_nazioartea_elkartasuna_19_05_14Font_Epaiketa1-696x522.jpeg 696w, https:\/\/www.lab.eus\/wp-content\/uploads\/2019\/05\/materiala_argazkiak_nazioartea_elkartasuna_19_05_14Font_Epaiketa1-1068x801.jpeg 1068w, https:\/\/www.lab.eus\/wp-content\/uploads\/2019\/05\/materiala_argazkiak_nazioartea_elkartasuna_19_05_14Font_Epaiketa1-560x420.jpeg 560w, https:\/\/www.lab.eus\/wp-content\/uploads\/2019\/05\/materiala_argazkiak_nazioartea_elkartasuna_19_05_14Font_Epaiketa1-80x60.jpeg 80w, https:\/\/www.lab.eus\/wp-content\/uploads\/2019\/05\/materiala_argazkiak_nazioartea_elkartasuna_19_05_14Font_Epaiketa1-265x198.jpeg 265w\" sizes=\"auto, (max-width: 345px) 100vw, 345px\" \/><em><span style=\"font-size: 14px; \"><\/p>\n<p> El sindicato LAB quiere mostrar su solidaridad y apoyo a Ram&oacute;n Font, miembro del sindicato catal&aacute;n USTEC y portavoz de la plataforma &ldquo;Escoles Obertes&rdquo;. As&iacute;, una delegaci&oacute;n del sindicato, encabezada por la responsable de ense&ntilde;anza Maider Izagirre y el responsable de relaciones internacionales Koldo S&aacute;enz est&aacute; hoy en Madrid siguiendo el juicio.<\/p>\n<p> <\/span><\/em>Adem&aacute;s de mostrar nuestra solidaridad a Ram&oacute;n Font, queremos condenar el juicio que se est&aacute; llevando contra el independentismo de Catalunya y el derecho a decidir de los pueblos y mostrar toda nuestra nuestra solidaridad a las personas que est&aacute;n siendo juzgadas. En este juicio, adem&aacute;s de juzgar a una mayor&iacute;a del pueblo de Catalunya que quiere decidir su futuro de modo democr&aacute;tico, est&aacute;n juzgando el propio derecho de autodeterminaci&oacute;n de los pueblos, algo que consideramos inaceptable. Ahora es el pueblo de Catalunya quien est&aacute; sufriendo una salve represi&oacute;n, del mismo modo que sufrimos en su d&iacute;a en Euskal Herria, mostrando nuevamente el car&aacute;cter antidemocr&aacute;tico del Estado espa&ntilde;ol.<\/p>\n<p> M&aacute;s de una vez hemos dicho que, para el desarrollo de cualquier pueblo, la educaci&oacute;n es un pilar fundamental y eso ha quedado claro en el proceso dado en Catalu&ntilde;a y en la declaraci&oacute;n de independencia, ya que el Estado espa&ntilde;ol ha puesto en el punto de mira la &quot;Escola&quot; catalana.<br \/> La educaci&oacute;n debe desarrollar personas cr&iacute;ticas y libres, y garantizar el lenguaje y la cultura de los pueblos oprimidos, ya que estos factores est&aacute;n plenamente vinculados a la supervivencia de los pueblos.<\/p>\n<p> Por otra parte, a trav&eacute;s de estas l&iacute;neas queremos transmitir nuestra fuerza y apoyo a todos y todas las personas que conforman la comunidad educativa de Catalu&ntilde;a, especialmente a los y las trabajadores, ya que han convocado una huelga el pr&oacute;ximo 16 de mayo con el objetivo de mejorar sus condiciones laborales.<br \/> En Euskal Herria durante los &uacute;ltimos a&ntilde;os, hemos vaciado los centros de trabajo y hemos salido a la calle para mejorar nuestras condiciones laborales y reivindicar la educaci&oacute;n p&uacute;blica real que necesita nuestro pueblo. Entendemos la educaci&oacute;n como un instrumento de transformaci&oacute;n en el camino hacia la construcci&oacute;n de la sociedad.<\/p>\n<p> Nos gustar&iacute;a subrayar el valor de la lucha porque sirve para quebrar la actitud inmovilista del gobierno. El sistema educativo del futuro, adem&aacute;s de recoger las condiciones dignas de trabajo de los y las trabajadoreas, deber&aacute; adaptarse a las necesidades del pueblo y, adem&aacute;s, situar al alumnado en el centro, convirti&eacute;ndolo en eje y garantizando as&iacute; la calidad educativa.<\/p>\n<p> Adem&aacute;s de mostrar nuestra solidaridad, os mostramos nuestro apoyo para seguir adelante. Seguiremos trabajando para dar respuesta a los retos sociales y nacionales que tenemos como pueblo, para superar la dependencia que todav&iacute;a vivimos Euskal Herria y Catalunya.<\/p>\n<p> Generaciones libres de trabajadoras libres, en pueblos libres.<br \/> &nbsp;<\/div>\n<div style=\"width:180px; float:left; padding-left:15px;\">\n<div style=\"text-align: center; \"><a href=\"\/rssak\"><input src=\"\/materiala\/argazkiak\/feed.png\" alt=\"RSSak\" longdesc=\"undefined\" width=\"30\" type=\"image\" height=\"30\" \/><\/a><a target=\"_blank\" href=\"http:\/\/www.facebook.com\/pages\/LAB-sindikatua\/292846207397345\" rel=\"noopener noreferrer\"><input src=\"\/modules\/mod_socialmediacloud\/icons\/facebook.png\" alt=\"LAB Facebooken\" longdesc=\"undefined\" width=\"30\" type=\"image\" height=\"30\" \/><\/a><a target=\"_blank\" href=\"http:\/\/issuu.com\/lab_argitalpenak\" rel=\"noopener noreferrer\"><input src=\"\/modules\/mod_socialmediacloud\/icons\/issuu.png\" longdesc=\"undefined\" width=\"30\" type=\"image\" height=\"30\" \/><\/a><a target=\"_blank\" href=\"http:\/\/es.scribd.com\/LABsindikatua\" rel=\"noopener noreferrer\"><input src=\"\/modules\/mod_socialmediacloud\/icons\/scribd.png\" longdesc=\"undefined\" width=\"30\" type=\"image\" height=\"30\" \/><br \/> <\/a><\/div>\n<div style=\"text-align: center; \"><a target=\"_blank\" href=\"http:\/\/twitter.com\/LABsindikatua\" rel=\"noopener noreferrer\"><input src=\"\/modules\/mod_socialmediacloud\/icons\/twitter.png\" longdesc=\"undefined\" width=\"30\" type=\"image\" height=\"30\" \/><\/a><a target=\"_blank\" href=\"http:\/\/www.youtube.com\/user\/labsindikatua\" rel=\"noopener noreferrer\"><input src=\"\/modules\/mod_socialmediacloud\/icons\/youtube.png\" longdesc=\"undefined\" width=\"30\" type=\"image\" height=\"30\" \/><\/a><a target=\"_blank\" href=\"http:\/\/www.flickr.com\/photos\/lab-sindikatua\/\" rel=\"noopener noreferrer\"><input src=\"\/modules\/mod_socialmediacloud\/icons\/flickr.png\" longdesc=\"undefined\" width=\"30\" type=\"image\" height=\"30\" \/><\/a><a href=\"http:\/\/www.labsindikatua.org\/eu\/hasiera\/upload\"><input src=\"\/modules\/mod_socialmediacloud\/icons\/igo.png\" longdesc=\"undefined\" width=\"30\" type=\"image\" height=\"30\" \/><\/a><\/div>\n<p> &nbsp;<\/p><\/div>\n<div>&nbsp;<\/div>\n","protected":false},"excerpt":{"rendered":"<p>El sindicato LAB quiere mostrar su solidaridad y apoyo a Ram&oacute;n Font, miembro del sindicato catal&aacute;n USTEC y portavoz de la plataforma &ldquo;Escoles Obertes&rdquo;. As&iacute;, una delegaci&oacute;n del sindicato, encabezada por la responsable de ense&ntilde;anza Maider Izagirre y el responsable de relaciones internacionales Koldo S&aacute;enz est&aacute; hoy en Madrid siguiendo el juicio. Adem&aacute;s de mostrar [&hellip;]<\/p>\n","protected":false},"author":1,"featured_media":19320,"comment_status":"open","ping_status":"open","sticky":false,"template":"","format":"standard","meta":{"_monsterinsights_skip_tracking":false,"_monsterinsights_sitenote_active":false,"_monsterinsights_sitenote_note":"","_monsterinsights_sitenote_category":0,"footnotes":"","_links_to":"","_links_to_target":""},"categories":[2998],"tags":[],"class_list":{"0":"post-19321","1":"post","2":"type-post","3":"status-publish","4":"format-standard","5":"has-post-thumbnail","7":"category-uncategorized-eu-es"},"_links":{"self":[{"href":"https:\/\/www.lab.eus\/es\/wp-json\/wp\/v2\/posts\/19321","targetHints":{"allow":["GET"]}}],"collection":[{"href":"https:\/\/www.lab.eus\/es\/wp-json\/wp\/v2\/posts"}],"about":[{"href":"https:\/\/www.lab.eus\/es\/wp-json\/wp\/v2\/types\/post"}],"author":[{"embeddable":true,"href":"https:\/\/www.lab.eus\/es\/wp-json\/wp\/v2\/users\/1"}],"replies":[{"embeddable":true,"href":"https:\/\/www.lab.eus\/es\/wp-json\/wp\/v2\/comments?post=19321"}],"version-history":[{"count":0,"href":"https:\/\/www.lab.eus\/es\/wp-json\/wp\/v2\/posts\/19321\/revisions"}],"wp:featuredmedia":[{"embeddable":true,"href":"https:\/\/www.lab.eus\/es\/wp-json\/wp\/v2\/media\/19320"}],"wp:attachment":[{"href":"https:\/\/www.lab.eus\/es\/wp-json\/wp\/v2\/media?parent=19321"}],"wp:term":[{"taxonomy":"category","embeddable":true,"href":"https:\/\/www.lab.eus\/es\/wp-json\/wp\/v2\/categories?post=19321"},{"taxonomy":"post_tag","embeddable":true,"href":"https:\/\/www.lab.eus\/es\/wp-json\/wp\/v2\/tags?post=19321"}],"curies":[{"name":"wp","href":"https:\/\/api.w.org\/{rel}","templated":true}]}}