{"id":19265,"date":"2019-05-02T12:57:59","date_gmt":"2019-05-02T12:57:59","guid":{"rendered":"https:\/\/www.lab.eus\/osakidetza-esta-mas-preocupada-por-parar-la-huelga-del-dia-17-que-por-resolver-los-problemas-de-la-atencion-primaria\/"},"modified":"2019-05-02T12:57:59","modified_gmt":"2019-05-02T12:57:59","slug":"osakidetza-esta-mas-preocupada-por-parar-la-huelga-del-dia-17-que-por-resolver-los-problemas-de-la-atencion-primaria","status":"publish","type":"post","link":"https:\/\/www.lab.eus\/es\/osakidetza-esta-mas-preocupada-por-parar-la-huelga-del-dia-17-que-por-resolver-los-problemas-de-la-atencion-primaria\/","title":{"rendered":"Osakidetza est\u00e1 m\u00e1s preocupada por parar la huelga del d\u00eda 17 que por resolver los problemas de la Atenci\u00f3n Primaria"},"content":{"rendered":"<div style=\"padding-right:15px;width:345px; float:left; border-right-style:solid; border-right-width:1px; border-right-color:#dddddd\"><em><span style=\"font-size: 14px; \">El &eacute;xito de la pasada jornada de huelga convocada en Atenci&oacute;n primaria en abril ha puesto muy nerviosa a la direcci&oacute;n de Osakidetza, que busca por todos los medios la desconvocatoria de la segunda jornada de huelga, convocada para este 17 de mayo.<\/p>\n<p> <\/span><\/em>El escueto orden del d&iacute;a de la reuni&oacute;n de la mesa sectorial de hoy, donde s&oacute;lo se recogen dos temas (desarrollo profesional y Atenci&oacute;n primaria), indica claramente que la convocatoria de hoy buscaba desactivar la jornada de huelga.<\/p>\n<p> En este sentido, Osakidetza se ha ofrecido a empezar negociando solamente 13 puntos de los 23 que contiene la tabla reivindicativa definida por los sindicatos LAB, ELA, SATSE, ESK, CCOO, UGT y la Plataforma &ldquo;Lehen Arreta Arnasberritzen&rdquo;. Este gesto de Osakidetza es insuficiente, ya que pr&aacute;cticamente deja fuera del &aacute;mbito de negociaci&oacute;n la mitad de los puntos. De momento, Osakidetza se ha comprometido a preparar una propuesta de negociaci&oacute;n que ser&iacute;a abordada en una nueva reuni&oacute;n en el plazo de 10 d&iacute;as<\/p>\n<p> Desde LAB queremos dejar claro que la movilizaci&oacute;n en Atenci&oacute;n Primaria busca dar una soluci&oacute;n seria, a futuro y profunda a la insoportable situaci&oacute;n de la atenci&oacute;n Primaria, no poner parches al desastre actual. Para que el conflicto finalice, Osakidetza debe hacer una propuesta de negociaci&oacute;n seria y valiente, m&aacute;s all&aacute; de las buenas intenciones planteadas en la reuni&oacute;n de hoy.<\/p>\n<p> Por otra parte, la direcci&oacute;n del ente ha confirmado hoy que proceder&aacute; al pago del desarrollo profesional en los t&eacute;rminos establecidos en la &uacute;ltima sentencia, es decir, con retroactividad. Aunque esto sea una buena noticia, debemos denunciar la actitud de Osakidetza, dilatando esta decisi&oacute;n en el tiempo y perjudicando gravemente a miles de trabajadoras y trabajadores del ente. Ha habido que llegar ante altas instancias judiciales para que Osakidetza asuma sus responsabilidades y cumpla sus propios acuerdos. De modo sorprendente, el director de Osakidetza en un primer momento, se ha atrevido a poner encima de la mesa el pago del desarrollo profesional (obligado por sentencia) a cambio de la desconvocatoria de huelga.<\/p>\n<p> Tanto en el tema del desarrollo profesional como en Atenci&oacute;n Primaria ha quedado claro que el camino para recuperar nuestros derechos y garantizar un sistema sanitario p&uacute;blico de calidad pasa por la movilizaci&oacute;n y la lucha.<br \/> &nbsp;<\/div>\n<div style=\"width:180px; float:left; padding-left:15px;\">\n<div style=\"text-align: center; \"><a href=\"\/rssak\"><input src=\"\/materiala\/argazkiak\/feed.png\" alt=\"RSSak\" longdesc=\"undefined\" width=\"30\" type=\"image\" height=\"30\" \/><\/a><a target=\"_blank\" href=\"http:\/\/www.facebook.com\/pages\/LAB-sindikatua\/292846207397345\" rel=\"noopener noreferrer\"><input src=\"\/modules\/mod_socialmediacloud\/icons\/facebook.png\" alt=\"LAB Facebooken\" longdesc=\"undefined\" width=\"30\" type=\"image\" height=\"30\" \/><\/a><a target=\"_blank\" href=\"http:\/\/issuu.com\/lab_argitalpenak\" rel=\"noopener noreferrer\"><input src=\"\/modules\/mod_socialmediacloud\/icons\/issuu.png\" longdesc=\"undefined\" width=\"30\" type=\"image\" height=\"30\" \/><\/a><a target=\"_blank\" href=\"http:\/\/es.scribd.com\/LABsindikatua\" rel=\"noopener noreferrer\"><input src=\"\/modules\/mod_socialmediacloud\/icons\/scribd.png\" longdesc=\"undefined\" width=\"30\" type=\"image\" height=\"30\" \/><br \/> <\/a><\/div>\n<div style=\"text-align: center; \"><a target=\"_blank\" href=\"http:\/\/twitter.com\/LABsindikatua\" rel=\"noopener noreferrer\"><input src=\"\/modules\/mod_socialmediacloud\/icons\/twitter.png\" longdesc=\"undefined\" width=\"30\" type=\"image\" height=\"30\" \/><\/a><a target=\"_blank\" href=\"http:\/\/www.youtube.com\/user\/labsindikatua\" rel=\"noopener noreferrer\"><input src=\"\/modules\/mod_socialmediacloud\/icons\/youtube.png\" longdesc=\"undefined\" width=\"30\" type=\"image\" height=\"30\" \/><\/a><a target=\"_blank\" href=\"http:\/\/www.flickr.com\/photos\/lab-sindikatua\/\" rel=\"noopener noreferrer\"><input src=\"\/modules\/mod_socialmediacloud\/icons\/flickr.png\" longdesc=\"undefined\" width=\"30\" type=\"image\" height=\"30\" \/><\/a><a href=\"http:\/\/www.labsindikatua.org\/eu\/hasiera\/upload\"><input src=\"\/modules\/mod_socialmediacloud\/icons\/igo.png\" longdesc=\"undefined\" width=\"30\" type=\"image\" height=\"30\" \/><\/a><\/div>\n<p> &nbsp;<\/p><\/div>\n<div>&nbsp;<\/div>\n","protected":false},"excerpt":{"rendered":"<p>El &eacute;xito de la pasada jornada de huelga convocada en Atenci&oacute;n primaria en abril ha puesto muy nerviosa a la direcci&oacute;n de Osakidetza, que busca por todos los medios la desconvocatoria de la segunda jornada de huelga, convocada para este 17 de mayo. El escueto orden del d&iacute;a de la reuni&oacute;n de la mesa sectorial [&hellip;]<\/p>\n","protected":false},"author":1,"featured_media":0,"comment_status":"open","ping_status":"open","sticky":false,"template":"","format":"standard","meta":{"_monsterinsights_skip_tracking":false,"_monsterinsights_sitenote_active":false,"_monsterinsights_sitenote_note":"","_monsterinsights_sitenote_category":0,"footnotes":"","_links_to":"","_links_to_target":""},"categories":[3097],"tags":[3100],"class_list":{"0":"post-19265","1":"post","2":"type-post","3":"status-publish","4":"format-standard","6":"category-sanidad","7":"tag-sanidad-es"},"_links":{"self":[{"href":"https:\/\/www.lab.eus\/es\/wp-json\/wp\/v2\/posts\/19265","targetHints":{"allow":["GET"]}}],"collection":[{"href":"https:\/\/www.lab.eus\/es\/wp-json\/wp\/v2\/posts"}],"about":[{"href":"https:\/\/www.lab.eus\/es\/wp-json\/wp\/v2\/types\/post"}],"author":[{"embeddable":true,"href":"https:\/\/www.lab.eus\/es\/wp-json\/wp\/v2\/users\/1"}],"replies":[{"embeddable":true,"href":"https:\/\/www.lab.eus\/es\/wp-json\/wp\/v2\/comments?post=19265"}],"version-history":[{"count":0,"href":"https:\/\/www.lab.eus\/es\/wp-json\/wp\/v2\/posts\/19265\/revisions"}],"wp:attachment":[{"href":"https:\/\/www.lab.eus\/es\/wp-json\/wp\/v2\/media?parent=19265"}],"wp:term":[{"taxonomy":"category","embeddable":true,"href":"https:\/\/www.lab.eus\/es\/wp-json\/wp\/v2\/categories?post=19265"},{"taxonomy":"post_tag","embeddable":true,"href":"https:\/\/www.lab.eus\/es\/wp-json\/wp\/v2\/tags?post=19265"}],"curies":[{"name":"wp","href":"https:\/\/api.w.org\/{rel}","templated":true}]}}