{"id":19256,"date":"2019-04-30T10:44:29","date_gmt":"2019-04-30T10:44:29","guid":{"rendered":"https:\/\/www.lab.eus\/la-desaparicion-de-udal-sareak-sa-es-una-victoria-de-la-ciudadania-frente-a-la-politica-privatizadora-del-consorcio-de-aguas-bilbao-bizkaia\/"},"modified":"2019-04-30T10:44:29","modified_gmt":"2019-04-30T10:44:29","slug":"la-desaparicion-de-udal-sareak-sa-es-una-victoria-de-la-ciudadania-frente-a-la-politica-privatizadora-del-consorcio-de-aguas-bilbao-bizkaia","status":"publish","type":"post","link":"https:\/\/www.lab.eus\/es\/la-desaparicion-de-udal-sareak-sa-es-una-victoria-de-la-ciudadania-frente-a-la-politica-privatizadora-del-consorcio-de-aguas-bilbao-bizkaia\/","title":{"rendered":"La desaparici\u00f3n de Udal Sareak SA es una victoria de la ciudadan\u00eda frente a la pol\u00edtica privatizadora del Consorcio de Aguas Bilbao Bizkaia"},"content":{"rendered":"<div style=\"padding-right:15px;width:345px; float:left; border-right-style:solid; border-right-width:1px; border-right-color:#dddddd\"><em><span style=\"font-size: 14px; \">En la defensa de un servicio p&uacute;blico de calidad, es una gran noticia para la ciudadan&iacute;a el cese de actividad de Udal Sareak SA, asumiendo directamente sus competencias el Consorcio de Aguas Bilbao Bizkaia (CABB). Porque no olvidamos que esta empresa mercantil, por lo tanto de gesti&oacute;n privada, naci&oacute; en el a&ntilde;o 2.000 para sustituir al CABB en todas sus funciones, pasando de un modelo p&uacute;blico a uno privado en su f&oacute;rmula de gesti&oacute;n. Un proyecto privatizador impulsado por los gestores pol&iacute;ticos del Consorcio, que deber&iacute;a haber acabado, en un plazo medio largo y en funci&oacute;n de las condiciones pol&iacute;ticas y sociales, en manos de las empresas privadas que actualmente copan los contratos de servicios privatizados que licita el CABB (Aqualia, Suez, Acciona&#8230;).<\/p>\n<p> <\/span><\/em>Esta es una buena noticia porque es el resultado de la lucha que desde su creaci&oacute;n hemos ido desarrollando por parte de la representaci&oacute;n sindical, con LAB a la cabeza. Una lucha con el objetivo de desenmascarar el fondo y la trascendencia de este proyecto, con diferentes acciones como presentaci&oacute;n de mociones en las JJGG y el Ayuntamiento de Bilbao, denuncia p&uacute;blica en medios de comunicaci&oacute;n, informaci&oacute;n a la ciudadan&iacute;a, movilizaciones del personal del CABB ante su Asamblea de representantes municipales&#8230;<\/p>\n<p> Es una peque&ntilde;a victoria dentro de nuestra lucha en favor de la calidad de los servicios p&uacute;blicos porque solo supone un cambio formal del Consorcio para seguir persiguiendo el mismo objetivo, que no es otro que poner en manos privadas la gesti&oacute;n del servicio que debemos prestar a la ciudadan&iacute;a, propiciando el beneficio de las grandes empresas del sector, fundamentalmente multinacionales, en contra de los intereses de las personas usuarias, que acaban pagando m&aacute;s por un peor servicio.<\/p>\n<p> Este paso dado en la &uacute;ltima Asamblea del CABB de asumir todas las competencias cedidas en su d&iacute;a a Udal Sareak solo supone un cambio de t&aacute;ctica por parte de sus gestores pol&iacute;ticos y t&eacute;cnicos, ya que continuamente seguimos viendo como se subcontratan cada vez m&aacute;s competencias propias que pasan a manos privadas en un proceso de externalizaci&oacute;n cuyo objetivo final es convertir un servicio p&uacute;blico esencial en un negocio privado.<\/p>\n<p> Desde LAB seguiremos luchando en defensa de un modelo de gesti&oacute;n 100% p&uacute;blico, donde las personas y la calidad del servicio sean el objetivo fundamental, descartando el beneficio privado de una ecuaci&oacute;n cuyo resultado tiene que ser exclusivamente p&uacute;blico.<br \/> &nbsp;<\/div>\n<div style=\"width:180px; float:left; padding-left:15px;\">\n<div style=\"text-align: center; \"><a href=\"\/rssak\"><input src=\"\/materiala\/argazkiak\/feed.png\" alt=\"RSSak\" longdesc=\"undefined\" width=\"30\" type=\"image\" height=\"30\" \/><\/a><a target=\"_blank\" href=\"http:\/\/www.facebook.com\/pages\/LAB-sindikatua\/292846207397345\" rel=\"noopener noreferrer\"><input src=\"\/modules\/mod_socialmediacloud\/icons\/facebook.png\" alt=\"LAB Facebooken\" longdesc=\"undefined\" width=\"30\" type=\"image\" height=\"30\" \/><\/a><a target=\"_blank\" href=\"http:\/\/issuu.com\/lab_argitalpenak\" rel=\"noopener noreferrer\"><input src=\"\/modules\/mod_socialmediacloud\/icons\/issuu.png\" longdesc=\"undefined\" width=\"30\" type=\"image\" height=\"30\" \/><\/a><a target=\"_blank\" href=\"http:\/\/es.scribd.com\/LABsindikatua\" rel=\"noopener noreferrer\"><input src=\"\/modules\/mod_socialmediacloud\/icons\/scribd.png\" longdesc=\"undefined\" width=\"30\" type=\"image\" height=\"30\" \/><br \/> <\/a><\/div>\n<div style=\"text-align: center; \"><a target=\"_blank\" href=\"http:\/\/twitter.com\/LABsindikatua\" rel=\"noopener noreferrer\"><input src=\"\/modules\/mod_socialmediacloud\/icons\/twitter.png\" longdesc=\"undefined\" width=\"30\" type=\"image\" height=\"30\" \/><\/a><a target=\"_blank\" href=\"http:\/\/www.youtube.com\/user\/labsindikatua\" rel=\"noopener noreferrer\"><input src=\"\/modules\/mod_socialmediacloud\/icons\/youtube.png\" longdesc=\"undefined\" width=\"30\" type=\"image\" height=\"30\" \/><\/a><a target=\"_blank\" href=\"http:\/\/www.flickr.com\/photos\/lab-sindikatua\/\" rel=\"noopener noreferrer\"><input src=\"\/modules\/mod_socialmediacloud\/icons\/flickr.png\" longdesc=\"undefined\" width=\"30\" type=\"image\" height=\"30\" \/><\/a><a href=\"http:\/\/www.labsindikatua.org\/eu\/hasiera\/upload\"><input src=\"\/modules\/mod_socialmediacloud\/icons\/igo.png\" longdesc=\"undefined\" width=\"30\" type=\"image\" height=\"30\" \/><\/a><\/div>\n<p> &nbsp;<\/p><\/div>\n<div>&nbsp;<\/div>\n","protected":false},"excerpt":{"rendered":"<p>En la defensa de un servicio p&uacute;blico de calidad, es una gran noticia para la ciudadan&iacute;a el cese de actividad de Udal Sareak SA, asumiendo directamente sus competencias el Consorcio de Aguas Bilbao Bizkaia (CABB). Porque no olvidamos que esta empresa mercantil, por lo tanto de gesti&oacute;n privada, naci&oacute; en el a&ntilde;o 2.000 para sustituir [&hellip;]<\/p>\n","protected":false},"author":1,"featured_media":0,"comment_status":"open","ping_status":"open","sticky":false,"template":"","format":"standard","meta":{"_monsterinsights_skip_tracking":false,"_monsterinsights_sitenote_active":false,"_monsterinsights_sitenote_note":"","_monsterinsights_sitenote_category":0,"footnotes":"","_links_to":"","_links_to_target":""},"categories":[6],"tags":[3033],"class_list":{"0":"post-19256","1":"post","2":"type-post","3":"status-publish","4":"format-standard","6":"category-es-servicios-publicos","7":"tag-accion-sindical-es"},"_links":{"self":[{"href":"https:\/\/www.lab.eus\/es\/wp-json\/wp\/v2\/posts\/19256","targetHints":{"allow":["GET"]}}],"collection":[{"href":"https:\/\/www.lab.eus\/es\/wp-json\/wp\/v2\/posts"}],"about":[{"href":"https:\/\/www.lab.eus\/es\/wp-json\/wp\/v2\/types\/post"}],"author":[{"embeddable":true,"href":"https:\/\/www.lab.eus\/es\/wp-json\/wp\/v2\/users\/1"}],"replies":[{"embeddable":true,"href":"https:\/\/www.lab.eus\/es\/wp-json\/wp\/v2\/comments?post=19256"}],"version-history":[{"count":0,"href":"https:\/\/www.lab.eus\/es\/wp-json\/wp\/v2\/posts\/19256\/revisions"}],"wp:attachment":[{"href":"https:\/\/www.lab.eus\/es\/wp-json\/wp\/v2\/media?parent=19256"}],"wp:term":[{"taxonomy":"category","embeddable":true,"href":"https:\/\/www.lab.eus\/es\/wp-json\/wp\/v2\/categories?post=19256"},{"taxonomy":"post_tag","embeddable":true,"href":"https:\/\/www.lab.eus\/es\/wp-json\/wp\/v2\/tags?post=19256"}],"curies":[{"name":"wp","href":"https:\/\/api.w.org\/{rel}","templated":true}]}}