{"id":19035,"date":"2019-03-22T09:00:53","date_gmt":"2019-03-22T09:00:53","guid":{"rendered":"https:\/\/www.lab.eus\/abogamos-por-abrir-un-debate-publico-riguroso-y-transparente-ante-la-implantacion-de-especialidades-de-enfermeria\/"},"modified":"2019-03-22T09:00:53","modified_gmt":"2019-03-22T09:00:53","slug":"abogamos-por-abrir-un-debate-publico-riguroso-y-transparente-ante-la-implantacion-de-especialidades-de-enfermeria","status":"publish","type":"post","link":"https:\/\/www.lab.eus\/es\/abogamos-por-abrir-un-debate-publico-riguroso-y-transparente-ante-la-implantacion-de-especialidades-de-enfermeria\/","title":{"rendered":"Abogamos por abrir un debate p\u00fablico, riguroso y transparente ante la implantaci\u00f3n de especialidades de enfermer\u00eda"},"content":{"rendered":"<div style=\"padding-right:15px;width:345px; float:left; border-right-style:solid; border-right-width:1px; border-right-color:#dddddd\"><em><span style=\"font-size: 14px; \">El desarrollo e implantaci&oacute;n de las especialidades de enfermer&iacute;a es un proceso clave para el futuro de la profesi&oacute;n. Es por ello que desde LAB queremos abrir un debate p&uacute;blico, riguroso y transparente.<\/p>\n<p> <\/span><\/em>Es preciso analizar la realidad y necesidades de los cuidados de enfermer&iacute;a, para que la especializaci&oacute;n se lleve a cabo desde par&aacute;metros t&eacute;cnico-asistenciales que respondan a objetivos de mejora de la calidad de la atenci&oacute;n, al desarrollo y promoci&oacute;n profesional y al respeto de los derechos laborales de la enfermer&iacute;a. <\/p>\n<p> Para ello es preciso contar con la opini&oacute;n de toda la plantilla de enfermer&iacute;a abriendo un cauce de di&aacute;logo para que no se produzcan agravios y se realicen las modificaciones de plantilla necesarias de forma racional y sin perjuicios. <\/p>\n<p> El sindicato LAB considera que las bases para abrir el debate pasan por las siguientes medidas: <\/p>\n<p> &bull; Paralizar el proceso de reconversi&oacute;n de las plazas de las unidades especializadas, en plazas de especialistas, hasta que se regule la situaci&oacute;n presentada, y todo el personal afectado tengan la habilitaci&oacute;n necesaria y los derechos que la misma conlleva. <br \/> &bull; Establecer normativa para que la inclusi&oacute;n de especialistas titulados se pacte sobre plazas que queden libres y no sobre ninguna en la que trabaja otro profesional. <br \/> &bull; Crear puestos de enfermeras especialistas respondiendo a un proyecto organizado, consensuado y con auditorias peri&oacute;dicas. <br \/> &bull; Abrir la Mesa Sectorial de Salud como foro legalmente habilitado para la negociaci&oacute;n y aplicaci&oacute;n de aquellas conclusiones que se deriven para definir el proceso de implantaci&oacute;n de especialidades, si es que procede. <\/p>\n<p> Hasta que se establezcan bases para la negociaci&oacute;n exigimos que las direcciones de enfermer&iacute;a dejen de retener las plazas que de forma unilateral se han apropiado en los &uacute;ltimos acoplamientos del CHNa y Salud Mental (m&aacute;s de 40 de enfermer&iacute;a pedi&aacute;trica y 10 en salud mental) eliminando la posibilidad de movilidad del personal fijo y precarizando los contratos del personal contratado. <\/p>\n<p> Se puede producir una situaci&oacute;n similar con la especialidad de enfermer&iacute;a comunitaria que se va a implantar en corto espacio de tiempo, ya que puede llegar a eliminar tambi&eacute;n la movilidad en traslados. <\/p>\n<p> Osasunbidea debe hacer frente a la implantaci&oacute;n de las especialidades de forma racional, negociada y realista teniendo en cuenta el n&uacute;mero de profesionales necesarios y la disponibilidad de dichas especialistas, respetando los derechos laborales del resto de las trabajadoras para evitar conflictos innecesarios. Todo esto frente al sistema actual estatal centralizado, pero descoordinado, que no se ajusta a las realidades de cada servicio de salud y obvia sus necesidades.<br \/> &nbsp;<\/div>\n<div style=\"width:180px; float:left; padding-left:15px;\">\n<div style=\"text-align: center; \"><a href=\"\/rssak\"><input src=\"\/materiala\/argazkiak\/feed.png\" alt=\"RSSak\" longdesc=\"undefined\" width=\"30\" type=\"image\" height=\"30\" \/><\/a><a target=\"_blank\" href=\"http:\/\/www.facebook.com\/pages\/LAB-sindikatua\/292846207397345\" rel=\"noopener noreferrer\"><input src=\"\/modules\/mod_socialmediacloud\/icons\/facebook.png\" alt=\"LAB Facebooken\" longdesc=\"undefined\" width=\"30\" type=\"image\" height=\"30\" \/><\/a><a target=\"_blank\" href=\"http:\/\/issuu.com\/lab_argitalpenak\" rel=\"noopener noreferrer\"><input src=\"\/modules\/mod_socialmediacloud\/icons\/issuu.png\" longdesc=\"undefined\" width=\"30\" type=\"image\" height=\"30\" \/><\/a><a target=\"_blank\" href=\"http:\/\/es.scribd.com\/LABsindikatua\" rel=\"noopener noreferrer\"><input src=\"\/modules\/mod_socialmediacloud\/icons\/scribd.png\" longdesc=\"undefined\" width=\"30\" type=\"image\" height=\"30\" \/><br \/> <\/a><\/div>\n<div style=\"text-align: center; \"><a target=\"_blank\" href=\"http:\/\/twitter.com\/LABsindikatua\" rel=\"noopener noreferrer\"><input src=\"\/modules\/mod_socialmediacloud\/icons\/twitter.png\" longdesc=\"undefined\" width=\"30\" type=\"image\" height=\"30\" \/><\/a><a target=\"_blank\" href=\"http:\/\/www.youtube.com\/user\/labsindikatua\" rel=\"noopener noreferrer\"><input src=\"\/modules\/mod_socialmediacloud\/icons\/youtube.png\" longdesc=\"undefined\" width=\"30\" type=\"image\" height=\"30\" \/><\/a><a target=\"_blank\" href=\"http:\/\/www.flickr.com\/photos\/lab-sindikatua\/\" rel=\"noopener noreferrer\"><input src=\"\/modules\/mod_socialmediacloud\/icons\/flickr.png\" longdesc=\"undefined\" width=\"30\" type=\"image\" height=\"30\" \/><\/a><a href=\"http:\/\/www.labsindikatua.org\/eu\/hasiera\/upload\"><input src=\"\/modules\/mod_socialmediacloud\/icons\/igo.png\" longdesc=\"undefined\" width=\"30\" type=\"image\" height=\"30\" \/><\/a><\/div>\n<p> &nbsp;<\/p><\/div>\n<div>&nbsp;<\/div>\n","protected":false},"excerpt":{"rendered":"<p>El desarrollo e implantaci&oacute;n de las especialidades de enfermer&iacute;a es un proceso clave para el futuro de la profesi&oacute;n. Es por ello que desde LAB queremos abrir un debate p&uacute;blico, riguroso y transparente. Es preciso analizar la realidad y necesidades de los cuidados de enfermer&iacute;a, para que la especializaci&oacute;n se lleve a cabo desde par&aacute;metros [&hellip;]<\/p>\n","protected":false},"author":1,"featured_media":0,"comment_status":"open","ping_status":"open","sticky":false,"template":"","format":"standard","meta":{"_monsterinsights_skip_tracking":false,"_monsterinsights_sitenote_active":false,"_monsterinsights_sitenote_note":"","_monsterinsights_sitenote_category":0,"footnotes":"","_links_to":"","_links_to_target":""},"categories":[3097],"tags":[3100],"class_list":{"0":"post-19035","1":"post","2":"type-post","3":"status-publish","4":"format-standard","6":"category-sanidad","7":"tag-sanidad-es"},"_links":{"self":[{"href":"https:\/\/www.lab.eus\/es\/wp-json\/wp\/v2\/posts\/19035","targetHints":{"allow":["GET"]}}],"collection":[{"href":"https:\/\/www.lab.eus\/es\/wp-json\/wp\/v2\/posts"}],"about":[{"href":"https:\/\/www.lab.eus\/es\/wp-json\/wp\/v2\/types\/post"}],"author":[{"embeddable":true,"href":"https:\/\/www.lab.eus\/es\/wp-json\/wp\/v2\/users\/1"}],"replies":[{"embeddable":true,"href":"https:\/\/www.lab.eus\/es\/wp-json\/wp\/v2\/comments?post=19035"}],"version-history":[{"count":0,"href":"https:\/\/www.lab.eus\/es\/wp-json\/wp\/v2\/posts\/19035\/revisions"}],"wp:attachment":[{"href":"https:\/\/www.lab.eus\/es\/wp-json\/wp\/v2\/media?parent=19035"}],"wp:term":[{"taxonomy":"category","embeddable":true,"href":"https:\/\/www.lab.eus\/es\/wp-json\/wp\/v2\/categories?post=19035"},{"taxonomy":"post_tag","embeddable":true,"href":"https:\/\/www.lab.eus\/es\/wp-json\/wp\/v2\/tags?post=19035"}],"curies":[{"name":"wp","href":"https:\/\/api.w.org\/{rel}","templated":true}]}}