{"id":19032,"date":"2019-03-21T11:20:40","date_gmt":"2019-03-21T11:20:40","guid":{"rendered":"https:\/\/www.lab.eus\/hemos-reivindicado-en-bilbo-un-modelo-de-gestion-del-ciclo-integral-del-agua-publico-social-democratico-y-sostenible\/"},"modified":"2019-03-21T11:20:40","modified_gmt":"2019-03-21T11:20:40","slug":"hemos-reivindicado-en-bilbo-un-modelo-de-gestion-del-ciclo-integral-del-agua-publico-social-democratico-y-sostenible","status":"publish","type":"post","link":"https:\/\/www.lab.eus\/es\/hemos-reivindicado-en-bilbo-un-modelo-de-gestion-del-ciclo-integral-del-agua-publico-social-democratico-y-sostenible\/","title":{"rendered":"Hemos reivindicado en Bilbo un modelo de gesti\u00f3n del ciclo integral del agua p\u00fablico, social, democr\u00e1tico y sostenible"},"content":{"rendered":"<p> <\/p>\n<div style=\"padding-right:15px;width:345px; float:left; border-right-style:solid; border-right-width:1px; border-right-color:#dddddd\"><img loading=\"lazy\" decoding=\"async\" class=\" size-full wp-image-19030\" src=\"https:\/\/www.lab.eus\/wp-content\/uploads\/2019\/03\/materiala_argazkiak_Arloak_ingurumena_19_03_21Ura_Ura.jpg\" width=\"345\" height=\"148\" alt=\"\" srcset=\"https:\/\/www.lab.eus\/wp-content\/uploads\/2019\/03\/materiala_argazkiak_Arloak_ingurumena_19_03_21Ura_Ura.jpg 918w, https:\/\/www.lab.eus\/wp-content\/uploads\/2019\/03\/materiala_argazkiak_Arloak_ingurumena_19_03_21Ura_Ura-300x129.jpg 300w, https:\/\/www.lab.eus\/wp-content\/uploads\/2019\/03\/materiala_argazkiak_Arloak_ingurumena_19_03_21Ura_Ura-768x330.jpg 768w, https:\/\/www.lab.eus\/wp-content\/uploads\/2019\/03\/materiala_argazkiak_Arloak_ingurumena_19_03_21Ura_Ura-150x65.jpg 150w, https:\/\/www.lab.eus\/wp-content\/uploads\/2019\/03\/materiala_argazkiak_Arloak_ingurumena_19_03_21Ura_Ura-696x299.jpg 696w\" sizes=\"auto, (max-width: 345px) 100vw, 345px\" \/><em><span style=\"font-size: 14px; \"><\/p>\n<p> La Plataforma Ur Publikoa de Bizkaia se ha presentado hoy de la mano de <a href=\"https:\/\/urpublikoabizkaia.wordpress.com\/sinatzaileak-firmantes\/\"><u><span style=\"color: rgb(128, 0, 0);\">los agentes que la conformamos<\/span><\/u><\/a>, en v&iacute;spera del D&iacute;a Internacional del Agua. Asimismo, hemos firmado <a href=\"https:\/\/www.lab.eus\/wp-content\/uploads\/2019\/03\/urpublikoabizkaia.files_.wordpress.com_2019_03_ur-publikoa-manifiesto-cas.pdf\"><u><span style=\"color: rgb(128, 0, 0);\">un manifiesto<\/span><\/u><\/a> apostando por un modelo de gesti&oacute;n del ciclo integral del agua p&uacute;blico, social, democr&aacute;tico y sostenible. <\/span><\/em><br \/> &nbsp;<\/div>\n<div style=\"width:180px; float:left; padding-left:15px;\">\n<div style=\"text-align: center; \"><a href=\"\/rssak\"><input src=\"\/materiala\/argazkiak\/feed.png\" alt=\"RSSak\" longdesc=\"undefined\" width=\"30\" type=\"image\" height=\"30\" \/><\/a><a target=\"_blank\" href=\"http:\/\/www.facebook.com\/pages\/LAB-sindikatua\/292846207397345\" rel=\"noopener noreferrer\"><input src=\"\/modules\/mod_socialmediacloud\/icons\/facebook.png\" alt=\"LAB Facebooken\" longdesc=\"undefined\" width=\"30\" type=\"image\" height=\"30\" \/><\/a><a target=\"_blank\" href=\"http:\/\/issuu.com\/lab_argitalpenak\" rel=\"noopener noreferrer\"><input src=\"\/modules\/mod_socialmediacloud\/icons\/issuu.png\" longdesc=\"undefined\" width=\"30\" type=\"image\" height=\"30\" \/><\/a><a target=\"_blank\" href=\"http:\/\/es.scribd.com\/LABsindikatua\" rel=\"noopener noreferrer\"><input src=\"\/modules\/mod_socialmediacloud\/icons\/scribd.png\" longdesc=\"undefined\" width=\"30\" type=\"image\" height=\"30\" \/><br \/> <\/a><\/div>\n<div style=\"text-align: center; \"><a target=\"_blank\" href=\"http:\/\/twitter.com\/LABsindikatua\" rel=\"noopener noreferrer\"><input src=\"\/modules\/mod_socialmediacloud\/icons\/twitter.png\" longdesc=\"undefined\" width=\"30\" type=\"image\" height=\"30\" \/><\/a><a target=\"_blank\" href=\"http:\/\/www.youtube.com\/user\/labsindikatua\" rel=\"noopener noreferrer\"><input src=\"\/modules\/mod_socialmediacloud\/icons\/youtube.png\" longdesc=\"undefined\" width=\"30\" type=\"image\" height=\"30\" \/><\/a><a target=\"_blank\" href=\"http:\/\/www.flickr.com\/photos\/lab-sindikatua\/\" rel=\"noopener noreferrer\"><input src=\"\/modules\/mod_socialmediacloud\/icons\/flickr.png\" longdesc=\"undefined\" width=\"30\" type=\"image\" height=\"30\" \/><\/a><a href=\"http:\/\/www.labsindikatua.org\/eu\/hasiera\/upload\"><input src=\"\/modules\/mod_socialmediacloud\/icons\/igo.png\" longdesc=\"undefined\" width=\"30\" type=\"image\" height=\"30\" \/><\/a><\/div>\n<p> &nbsp;<\/p><\/div>\n<div>&nbsp;<\/div>\n","protected":false},"excerpt":{"rendered":"<p>La Plataforma Ur Publikoa de Bizkaia se ha presentado hoy de la mano de los agentes que la conformamos, en v&iacute;spera del D&iacute;a Internacional del Agua. Asimismo, hemos firmado un manifiesto apostando por un modelo de gesti&oacute;n del ciclo integral del agua p&uacute;blico, social, democr&aacute;tico y sostenible. &nbsp; &nbsp; &nbsp;<\/p>\n","protected":false},"author":1,"featured_media":19030,"comment_status":"open","ping_status":"open","sticky":false,"template":"","format":"standard","meta":{"_monsterinsights_skip_tracking":false,"_monsterinsights_sitenote_active":false,"_monsterinsights_sitenote_note":"","_monsterinsights_sitenote_category":0,"footnotes":"","_links_to":"","_links_to_target":""},"categories":[2998],"tags":[],"class_list":{"0":"post-19032","1":"post","2":"type-post","3":"status-publish","4":"format-standard","5":"has-post-thumbnail","7":"category-uncategorized-eu-es"},"_links":{"self":[{"href":"https:\/\/www.lab.eus\/es\/wp-json\/wp\/v2\/posts\/19032","targetHints":{"allow":["GET"]}}],"collection":[{"href":"https:\/\/www.lab.eus\/es\/wp-json\/wp\/v2\/posts"}],"about":[{"href":"https:\/\/www.lab.eus\/es\/wp-json\/wp\/v2\/types\/post"}],"author":[{"embeddable":true,"href":"https:\/\/www.lab.eus\/es\/wp-json\/wp\/v2\/users\/1"}],"replies":[{"embeddable":true,"href":"https:\/\/www.lab.eus\/es\/wp-json\/wp\/v2\/comments?post=19032"}],"version-history":[{"count":0,"href":"https:\/\/www.lab.eus\/es\/wp-json\/wp\/v2\/posts\/19032\/revisions"}],"wp:featuredmedia":[{"embeddable":true,"href":"https:\/\/www.lab.eus\/es\/wp-json\/wp\/v2\/media\/19030"}],"wp:attachment":[{"href":"https:\/\/www.lab.eus\/es\/wp-json\/wp\/v2\/media?parent=19032"}],"wp:term":[{"taxonomy":"category","embeddable":true,"href":"https:\/\/www.lab.eus\/es\/wp-json\/wp\/v2\/categories?post=19032"},{"taxonomy":"post_tag","embeddable":true,"href":"https:\/\/www.lab.eus\/es\/wp-json\/wp\/v2\/tags?post=19032"}],"curies":[{"name":"wp","href":"https:\/\/api.w.org\/{rel}","templated":true}]}}