{"id":18659,"date":"2019-01-26T08:36:33","date_gmt":"2019-01-26T08:36:33","guid":{"rendered":"https:\/\/www.lab.eus\/hemos-refrendado-en-irunea-nuestra-apuesta-por-la-organizacion-y-la-lucha-como-via-para-acabar-con-la-precariedad\/"},"modified":"2019-01-26T08:36:33","modified_gmt":"2019-01-26T08:36:33","slug":"hemos-refrendado-en-irunea-nuestra-apuesta-por-la-organizacion-y-la-lucha-como-via-para-acabar-con-la-precariedad","status":"publish","type":"post","link":"https:\/\/www.lab.eus\/es\/hemos-refrendado-en-irunea-nuestra-apuesta-por-la-organizacion-y-la-lucha-como-via-para-acabar-con-la-precariedad\/","title":{"rendered":"Hemos refrendado en Iru\u00f1ea nuestra apuesta por la organizaci\u00f3n y la lucha como v\u00eda para acabar con la precariedad"},"content":{"rendered":"<p> <\/p>\n<div style=\"padding-right:15px;width:345px; float:left; border-right-style:solid; border-right-width:1px; border-right-color:#dddddd\"><img loading=\"lazy\" decoding=\"async\" class=\" size-full wp-image-18654\" src=\"https:\/\/www.lab.eus\/wp-content\/uploads\/2019\/01\/materiala_argazkiak_zerbitzuPribatuak_elikagaigintza_19_01_26Huerta_Manifestazioa1.jpg\" width=\"345\" height=\"230\" alt=\"\" srcset=\"https:\/\/www.lab.eus\/wp-content\/uploads\/2019\/01\/materiala_argazkiak_zerbitzuPribatuak_elikagaigintza_19_01_26Huerta_Manifestazioa1.jpg 1280w, https:\/\/www.lab.eus\/wp-content\/uploads\/2019\/01\/materiala_argazkiak_zerbitzuPribatuak_elikagaigintza_19_01_26Huerta_Manifestazioa1-300x200.jpg 300w, https:\/\/www.lab.eus\/wp-content\/uploads\/2019\/01\/materiala_argazkiak_zerbitzuPribatuak_elikagaigintza_19_01_26Huerta_Manifestazioa1-1024x682.jpg 1024w, https:\/\/www.lab.eus\/wp-content\/uploads\/2019\/01\/materiala_argazkiak_zerbitzuPribatuak_elikagaigintza_19_01_26Huerta_Manifestazioa1-768x512.jpg 768w, https:\/\/www.lab.eus\/wp-content\/uploads\/2019\/01\/materiala_argazkiak_zerbitzuPribatuak_elikagaigintza_19_01_26Huerta_Manifestazioa1-150x100.jpg 150w, https:\/\/www.lab.eus\/wp-content\/uploads\/2019\/01\/materiala_argazkiak_zerbitzuPribatuak_elikagaigintza_19_01_26Huerta_Manifestazioa1-696x464.jpg 696w, https:\/\/www.lab.eus\/wp-content\/uploads\/2019\/01\/materiala_argazkiak_zerbitzuPribatuak_elikagaigintza_19_01_26Huerta_Manifestazioa1-1068x712.jpg 1068w, https:\/\/www.lab.eus\/wp-content\/uploads\/2019\/01\/materiala_argazkiak_zerbitzuPribatuak_elikagaigintza_19_01_26Huerta_Manifestazioa1-630x420.jpg 630w\" sizes=\"auto, (max-width: 345px) 100vw, 345px\" \/><em><span style=\"font-size: 14px; \"><\/p>\n<p> Espoleados por el acuerdo logrado en Huerta de Peralta, nos hemos manifestado en Iru&ntilde;ea en contra de la precariedad y la explotaci&oacute;n. Y es que la lucha contin&uacute;a, puesto que tenemos numerosos frentes abiertos. Por ello, la movilizaci&oacute;n llevada a cabo este s&aacute;bado en Iru&ntilde;ea ha servido para reivindicar la solidaridad de clase y para unir todas las luchas abiertas en contra de la precariedad. &quot;LAB quiere ser instrumento eficaz de lucha para todos estos colectivos. Estamos en ello. Hoy m&aacute;s que nunca hay que hablar de la necesidad de reagrupar el sujeto de clase, de organizaci&oacute;n y de lucha&quot;, ha se&ntilde;alado Garbi&ntilde;e Aranburu, secretaria general de LAB.<\/p>\n<p> <\/span><\/em>Tenemos el ant&iacute;doto contra la precariedad: organizaci&oacute;n y lucha. En este sentido, <a href=\"http:\/\/www.lab.eus\/es\/federaciones\/servicios-privados\/192-elikagaigintza\/8459-akordioa-huerta-de-peraltan-prekarietatearen-kontrako-urrats-garrantzitsua\"><u><span style=\"color: rgb(128, 0, 0);\">la lucha de los trabajadores de Huerta de Peralta<\/span><\/u><\/a> ha sido ejemplar. Permite la posibilidad de abrir un nuevo tiempo en el campo navarro, al tiempo que llena de razones las luchas que est&aacute;n en marcha en favor de un empleo y una vida dignas. Entre esas luchas, merecen menci&oacute;n especial las que se desarrollan en los sectores feminizados, en tanto que se producen en &aacute;mbitos a&uacute;n m&aacute;s precarios si cabe.<\/p>\n<p> As&iacute; las cosas, numerosas personas hemos tomado las calles de Iru&ntilde;ea, todas con un mensaje claro: la lucha contin&uacute;a! Eso s&iacute;, antes de dar inicio a la manifestaci&oacute;n, hemos celebrado, junto a los trabajadores de Huerta de Peralta, el acuerdo logrado en la empresa de Azkoien.T&eacute; y dulces marroqu&iacute;s, con chocolate y bizcochos, han sido de la partida en la plaza del Castillo.<\/p>\n<p> Posteriormente, una vez arrancada la movilizaci&oacute;n, hemos dado visibilidad a diversas din&aacute;micas que llevamos a cabo en LAB para hacer frente a la precariedad: Piztu Alarma y piquete feminista, entre otras. Asimismo, representantes de colectivos en lucha como pensionistas, residencia de mayores de Gipuzkoa o intervenci&oacute;n social de Iru&ntilde;ea han sacado sus reivindicaciones a la calle.<\/p>\n<p> <img loading=\"lazy\" decoding=\"async\" class=\" size-full wp-image-18655\" src=\"https:\/\/www.lab.eus\/wp-content\/uploads\/2019\/01\/materiala_argazkiak_zerbitzuPribatuak_elikagaigintza_19_01_26Huerta_10.jpg\" width=\"345\" height=\"259\" alt=\"\" srcset=\"https:\/\/www.lab.eus\/wp-content\/uploads\/2019\/01\/materiala_argazkiak_zerbitzuPribatuak_elikagaigintza_19_01_26Huerta_10.jpg 1200w, https:\/\/www.lab.eus\/wp-content\/uploads\/2019\/01\/materiala_argazkiak_zerbitzuPribatuak_elikagaigintza_19_01_26Huerta_10-300x225.jpg 300w, https:\/\/www.lab.eus\/wp-content\/uploads\/2019\/01\/materiala_argazkiak_zerbitzuPribatuak_elikagaigintza_19_01_26Huerta_10-1024x768.jpg 1024w, https:\/\/www.lab.eus\/wp-content\/uploads\/2019\/01\/materiala_argazkiak_zerbitzuPribatuak_elikagaigintza_19_01_26Huerta_10-768x576.jpg 768w, https:\/\/www.lab.eus\/wp-content\/uploads\/2019\/01\/materiala_argazkiak_zerbitzuPribatuak_elikagaigintza_19_01_26Huerta_10-150x113.jpg 150w, https:\/\/www.lab.eus\/wp-content\/uploads\/2019\/01\/materiala_argazkiak_zerbitzuPribatuak_elikagaigintza_19_01_26Huerta_10-696x522.jpg 696w, https:\/\/www.lab.eus\/wp-content\/uploads\/2019\/01\/materiala_argazkiak_zerbitzuPribatuak_elikagaigintza_19_01_26Huerta_10-1068x801.jpg 1068w, https:\/\/www.lab.eus\/wp-content\/uploads\/2019\/01\/materiala_argazkiak_zerbitzuPribatuak_elikagaigintza_19_01_26Huerta_10-560x420.jpg 560w, https:\/\/www.lab.eus\/wp-content\/uploads\/2019\/01\/materiala_argazkiak_zerbitzuPribatuak_elikagaigintza_19_01_26Huerta_10-80x60.jpg 80w, https:\/\/www.lab.eus\/wp-content\/uploads\/2019\/01\/materiala_argazkiak_zerbitzuPribatuak_elikagaigintza_19_01_26Huerta_10-265x198.jpg 265w\" sizes=\"auto, (max-width: 345px) 100vw, 345px\" \/><\/p>\n<p> La manifestaci&oacute;n ha finalizado con un acto en la plaza del ayuntamiento, donde representantes de Ernai y de Ciudad de Acogida han tomado la palabra en representaci&oacute;n de los agentes sociales.<\/p>\n<p> Houssine Yagoubi, presidente del comit&eacute; de empresa de Huerta de Peralta, tambi&eacute;n se ha dirigido a las y los presentes para remarcar que la organizaci&oacute;n y la lucha dan sus frutos, poniendo como ejemplo el acuerdo logrado en Azkoien.<\/p>\n<p> <strong>&quot;Toda una muestra de dignidad&quot;<\/strong><br \/> Garbi&ntilde;e Aranburu, secretaria general de LAB, ha tomado la palabra como colof&oacute;n al acto. En primer lugar, ha tenido unas palabras de recuerdo para Oier Gomez, ex preso fallecido hoy tras una grave enfermedad. A continuaci&oacute;n, ha remarcado la importancia de la lucha sindical. Esta es su intervenci&oacute;n &iacute;ntegra:<\/p>\n<p> &quot;Prekarietatearen kontra kalera atera gara gaur. Gaurkoa egun polita da. Borroka eta jaia uztartzeko arrazoi on bat daukagu. Borrokaren balioa ospatzeko eguna, klase elkartasuna adierazteko eguna, klase batasuna aldarrikatzeko eguna. Harro sentitzeko eguna. Aste honetan lortu dugunaz harro, eta urteetan egiten ari garen borrokaren harro!<\/p>\n<p> Urteak daramatzagu prekarietatearen kontrako borrokan, langileen eskubideen defentsan. Hainbat akordio duin lortu ditugu, beste hainbat lan gatazka daude zabalik eta horietako asko gaur hemen gurekin daude.<\/p>\n<p> <img loading=\"lazy\" decoding=\"async\" class=\" size-full wp-image-18656\" src=\"https:\/\/www.lab.eus\/wp-content\/uploads\/2019\/01\/materiala_argazkiak_zerbitzuPribatuak_elikagaigintza_19_01_26Huerta_20.jpg\" width=\"345\" height=\"259\" alt=\"\" srcset=\"https:\/\/www.lab.eus\/wp-content\/uploads\/2019\/01\/materiala_argazkiak_zerbitzuPribatuak_elikagaigintza_19_01_26Huerta_20.jpg 1200w, https:\/\/www.lab.eus\/wp-content\/uploads\/2019\/01\/materiala_argazkiak_zerbitzuPribatuak_elikagaigintza_19_01_26Huerta_20-300x225.jpg 300w, https:\/\/www.lab.eus\/wp-content\/uploads\/2019\/01\/materiala_argazkiak_zerbitzuPribatuak_elikagaigintza_19_01_26Huerta_20-1024x768.jpg 1024w, https:\/\/www.lab.eus\/wp-content\/uploads\/2019\/01\/materiala_argazkiak_zerbitzuPribatuak_elikagaigintza_19_01_26Huerta_20-768x576.jpg 768w, https:\/\/www.lab.eus\/wp-content\/uploads\/2019\/01\/materiala_argazkiak_zerbitzuPribatuak_elikagaigintza_19_01_26Huerta_20-150x113.jpg 150w, https:\/\/www.lab.eus\/wp-content\/uploads\/2019\/01\/materiala_argazkiak_zerbitzuPribatuak_elikagaigintza_19_01_26Huerta_20-696x522.jpg 696w, https:\/\/www.lab.eus\/wp-content\/uploads\/2019\/01\/materiala_argazkiak_zerbitzuPribatuak_elikagaigintza_19_01_26Huerta_20-1068x801.jpg 1068w, https:\/\/www.lab.eus\/wp-content\/uploads\/2019\/01\/materiala_argazkiak_zerbitzuPribatuak_elikagaigintza_19_01_26Huerta_20-560x420.jpg 560w, https:\/\/www.lab.eus\/wp-content\/uploads\/2019\/01\/materiala_argazkiak_zerbitzuPribatuak_elikagaigintza_19_01_26Huerta_20-80x60.jpg 80w, https:\/\/www.lab.eus\/wp-content\/uploads\/2019\/01\/materiala_argazkiak_zerbitzuPribatuak_elikagaigintza_19_01_26Huerta_20-265x198.jpg 265w\" sizes=\"auto, (max-width: 345px) 100vw, 345px\" \/><\/p>\n<p> Hoy aqu&iacute; nos hemos reunido gente de diferentes sitios, de diferentes conflictos, todos tienen un significado especial, pero hoy no podemos pasar sin mencionar la lucha que han protagonizado los trabajadores de Huertas de Peralta. Ha sido una lucha ejemplar, toda una muestra de diginidad.<\/p>\n<p> Hasta ayer, en la Euskal Herria del siglo XXI, hab&eacute;is tenido que trabajar en unas condiciones de explotaci&oacute;n laboral, en un r&eacute;gimen de relaciones laborales totalitario, en un r&eacute;gimen de semi esclavitud. Pero en un ejercicio de empoderamiento colectivo, os hab&eacute;is plantado, os hab&eacute;is organizado, hab&eacute;is luchado y hab&eacute;is ganado, lo habe&iacute;s conseguido, lo hemos consegudio. Para sostener ese conflicto, tambi&eacute;n ha sido importante la labor de apoyo y de ayuda realizada principalmente por las mujeres.<\/p>\n<p> Ha sido una lucha que ha generado much&iacute;sima simpat&iacute;a, y mucha empat&iacute;a. Ha generado una ola social de solidaridad, todos y todas nosotras nos hemos sentido parte de ese conflicto, nos ha generado un sentimiento de orgullo, orgullo de clase. Txalo bero bat!!!<\/p>\n<p> Duintasuna da eskatzen duguna, lan baldintza duinak eta bizimodu duina. Prekarietatea etekina ateratzeko modua da, sortzen den aberastasuna gero eta esku gutxiagotan pilatzeko modua. Baina prekarietatea hori baino gehiago da, badu hori bezain garrantzitsua den bigarren helburu bat: dominazioa. Langileak menpean hartzea, beldurra zabaldu eta langileak zatitzea.<\/p>\n<p> Sistemak isilik eta otzan nahi gaitu, baina guk ez dugu beldurrik, eta ez dugu amore emango. Langile antolakuntza borroka sindikala, elkartasuna, langile batasuna, hor daude sistema honen kontrako gure antidotorik onenak!<\/p>\n<p> <img loading=\"lazy\" decoding=\"async\" class=\" size-full wp-image-18657\" src=\"https:\/\/www.lab.eus\/wp-content\/uploads\/2019\/01\/materiala_argazkiak_zerbitzuPribatuak_elikagaigintza_19_01_26Huerta_19.jpg\" width=\"345\" height=\"194\" alt=\"\" srcset=\"https:\/\/www.lab.eus\/wp-content\/uploads\/2019\/01\/materiala_argazkiak_zerbitzuPribatuak_elikagaigintza_19_01_26Huerta_19.jpg 1200w, https:\/\/www.lab.eus\/wp-content\/uploads\/2019\/01\/materiala_argazkiak_zerbitzuPribatuak_elikagaigintza_19_01_26Huerta_19-300x169.jpg 300w, https:\/\/www.lab.eus\/wp-content\/uploads\/2019\/01\/materiala_argazkiak_zerbitzuPribatuak_elikagaigintza_19_01_26Huerta_19-1024x576.jpg 1024w, https:\/\/www.lab.eus\/wp-content\/uploads\/2019\/01\/materiala_argazkiak_zerbitzuPribatuak_elikagaigintza_19_01_26Huerta_19-768x432.jpg 768w, https:\/\/www.lab.eus\/wp-content\/uploads\/2019\/01\/materiala_argazkiak_zerbitzuPribatuak_elikagaigintza_19_01_26Huerta_19-150x84.jpg 150w, https:\/\/www.lab.eus\/wp-content\/uploads\/2019\/01\/materiala_argazkiak_zerbitzuPribatuak_elikagaigintza_19_01_26Huerta_19-696x392.jpg 696w, https:\/\/www.lab.eus\/wp-content\/uploads\/2019\/01\/materiala_argazkiak_zerbitzuPribatuak_elikagaigintza_19_01_26Huerta_19-1068x601.jpg 1068w, https:\/\/www.lab.eus\/wp-content\/uploads\/2019\/01\/materiala_argazkiak_zerbitzuPribatuak_elikagaigintza_19_01_26Huerta_19-747x420.jpg 747w\" sizes=\"auto, (max-width: 345px) 100vw, 345px\" \/><\/p>\n<p> El capital precariza nuestras vidas. El capital nos oprime, nos explota nos enferma y hasta nos mata. Pero no vamos a permitir que nuestro destino sea la precariedad, es una cuesti&oacute;n de derechos y de dignidad. Luchamos y lucharemos y ganamos y ganaremos esas luchas porque es nuestro derecho tener unas condiciones laborales y de vida dignas.<\/p>\n<p> Este sistema es injusto para la clase trabajadora. Pero todo el colectivo trabajador no padece de la misma manera esas injusticias. El conflicto de Huerta de Peralta, no ha sido un conflicto laboral m&aacute;s. Ha tenido la virtud de visibilizar las condiciones en las que tiene que trabajar el colectivo de migrantes en la huerta de Nafarroa.<\/p>\n<p> Es inhumano lo que est&aacute; pasando all&iacute;. Es inhumano lo que se est&aacute; haciendo con la inmigraci&oacute;n. El derecho a la libre circulaci&oacute;n de toda persona, se reprime. Eso s&iacute;, cuando el sistema lo necesita, cuando las empresas necesitan mano de obra barata se recurre a ellos. En muchos casos para realizar trabajos que no queremos cubrir los nativos, como en el caso de las y los trabajores del campo, en sectores como la pesca o en el servicio dom&eacute;stico.<\/p>\n<p> Quiero recordar que en Irun hoy hay una movilizaci&oacute;n para reivindicar que Euskal Herria es un pueblo de acogida. En LAB lo tenemos claro, damos la bienvenida a quien quiera venir. Guk guztiei ematen diegu ongi etorria, euskal langileak dira. Hemengo edo hango denok Euskal Herriko langileak gara.<br \/> Las mujeres nos sentimos muy identificadas con esta realidad. Sufrimos en primera persona lo de ser infravaloradas. Los trabajos de cuidados recaen en nosotras y no se reconocen. Una vez en el mercado laboral impera la divisi&oacute;n sexual del trabajo y padecemos mayores cotas de precariedad.<br \/> La realidad a la que se tiene que enfrentar la juventud no es mucho mejor. Ya lo hemos escuchado.<\/p>\n<p> LAB quiere ser instrumento eficaz de lucha para todos estos colectivos. Estamos en ello. Hoy m&aacute;s que nunca hay que hablar de la necesidad de reagrupar el sujeto de clase, de organizaci&oacute;n y de lucha.<\/p>\n<p> <img loading=\"lazy\" decoding=\"async\" class=\" size-full wp-image-18658\" src=\"https:\/\/www.lab.eus\/wp-content\/uploads\/2019\/01\/materiala_argazkiak_zerbitzuPribatuak_elikagaigintza_19_01_26Huerta_1.jpg\" width=\"345\" height=\"259\" alt=\"\" srcset=\"https:\/\/www.lab.eus\/wp-content\/uploads\/2019\/01\/materiala_argazkiak_zerbitzuPribatuak_elikagaigintza_19_01_26Huerta_1.jpg 1200w, https:\/\/www.lab.eus\/wp-content\/uploads\/2019\/01\/materiala_argazkiak_zerbitzuPribatuak_elikagaigintza_19_01_26Huerta_1-300x225.jpg 300w, https:\/\/www.lab.eus\/wp-content\/uploads\/2019\/01\/materiala_argazkiak_zerbitzuPribatuak_elikagaigintza_19_01_26Huerta_1-1024x768.jpg 1024w, https:\/\/www.lab.eus\/wp-content\/uploads\/2019\/01\/materiala_argazkiak_zerbitzuPribatuak_elikagaigintza_19_01_26Huerta_1-768x576.jpg 768w, https:\/\/www.lab.eus\/wp-content\/uploads\/2019\/01\/materiala_argazkiak_zerbitzuPribatuak_elikagaigintza_19_01_26Huerta_1-150x113.jpg 150w, https:\/\/www.lab.eus\/wp-content\/uploads\/2019\/01\/materiala_argazkiak_zerbitzuPribatuak_elikagaigintza_19_01_26Huerta_1-696x522.jpg 696w, https:\/\/www.lab.eus\/wp-content\/uploads\/2019\/01\/materiala_argazkiak_zerbitzuPribatuak_elikagaigintza_19_01_26Huerta_1-1068x801.jpg 1068w, https:\/\/www.lab.eus\/wp-content\/uploads\/2019\/01\/materiala_argazkiak_zerbitzuPribatuak_elikagaigintza_19_01_26Huerta_1-560x420.jpg 560w, https:\/\/www.lab.eus\/wp-content\/uploads\/2019\/01\/materiala_argazkiak_zerbitzuPribatuak_elikagaigintza_19_01_26Huerta_1-80x60.jpg 80w, https:\/\/www.lab.eus\/wp-content\/uploads\/2019\/01\/materiala_argazkiak_zerbitzuPribatuak_elikagaigintza_19_01_26Huerta_1-265x198.jpg 265w\" sizes=\"auto, (max-width: 345px) 100vw, 345px\" \/><\/p>\n<p> Zeren, Langile klaseaz hitz egitea ez da antzinako kontua. Gu ez gara iraganari begira dauden nostalgikoak. Guk, etorkizunari aurrez aurre begiratzen diogu eta gaurko egoera eraldatu nahi dugu, biharko bizimodu duina bermatzeko. Gaur, inoiz baino gehiago, langile borroka!<\/p>\n<p> Guk langile guztiengana iritsi nahi dugu. Sektore prekarizatuenetara iritsi behar dugu, okerren zaudetenenon bidelagun izan. LABek oso argi ikusi du subjektibitate desberdinei eskaintza egin behar zaiela, sektore prekarizatuenetara iritsi behar dela. Eta horretan ari gara!!<\/p>\n<p> Eta horrek aldaketak ekarri ditu borroka sindikalera. Epika berriak sortzen ari gara. Borroka sindikala ez da industriako gizon zurietara mugatzen. Emakumeak, migranteak, guztientzat eta guztiekin aritu behar dugu. Ekintza sindikala berritzen eta batez ere sektore berrietara zabaltzen eta indartzen ari gara. Imaginazioa astindu eta gauza berriak egiten ari gara, konplexurik gabe!<\/p>\n<p> Helburuak argi ditugu, iparra non dagoen argi dugu, eraginkorrak izan nahi dugu eta izaten ari gara! Egunotan asko abestu dugu, Hokoke, hokoke, kantatzen duen herria, ez da inoiz hilko. Eta borrokatzen duen herria, ez da zapalduko. Borrokak jarraitzen du! Eta borrokatzen jarraituko dugu. Borrokak merezi du!!!&quot;<\/p>\n<p> &nbsp;<\/div>\n<div style=\"width:180px; float:left; padding-left:15px;\">\n<div style=\"text-align: center; \"><a href=\"\/rssak\"><input src=\"\/materiala\/argazkiak\/feed.png\" alt=\"RSSak\" longdesc=\"undefined\" width=\"30\" type=\"image\" height=\"30\" \/><\/a><a target=\"_blank\" href=\"http:\/\/www.facebook.com\/pages\/LAB-sindikatua\/292846207397345\" rel=\"noopener noreferrer\"><input src=\"\/modules\/mod_socialmediacloud\/icons\/facebook.png\" alt=\"LAB Facebooken\" longdesc=\"undefined\" width=\"30\" type=\"image\" height=\"30\" \/><\/a><a target=\"_blank\" href=\"http:\/\/issuu.com\/lab_argitalpenak\" rel=\"noopener noreferrer\"><input src=\"\/modules\/mod_socialmediacloud\/icons\/issuu.png\" longdesc=\"undefined\" width=\"30\" type=\"image\" height=\"30\" \/><\/a><a target=\"_blank\" href=\"http:\/\/es.scribd.com\/LABsindikatua\" rel=\"noopener noreferrer\"><input src=\"\/modules\/mod_socialmediacloud\/icons\/scribd.png\" longdesc=\"undefined\" width=\"30\" type=\"image\" height=\"30\" \/><br \/> <\/a><\/div>\n<div style=\"text-align: center; \"><a target=\"_blank\" href=\"http:\/\/twitter.com\/LABsindikatua\" rel=\"noopener noreferrer\"><input src=\"\/modules\/mod_socialmediacloud\/icons\/twitter.png\" longdesc=\"undefined\" width=\"30\" type=\"image\" height=\"30\" \/><\/a><a target=\"_blank\" href=\"http:\/\/www.youtube.com\/user\/labsindikatua\" rel=\"noopener noreferrer\"><input src=\"\/modules\/mod_socialmediacloud\/icons\/youtube.png\" longdesc=\"undefined\" width=\"30\" type=\"image\" height=\"30\" \/><\/a><a target=\"_blank\" href=\"http:\/\/www.flickr.com\/photos\/lab-sindikatua\/\" rel=\"noopener noreferrer\"><input src=\"\/modules\/mod_socialmediacloud\/icons\/flickr.png\" longdesc=\"undefined\" width=\"30\" type=\"image\" height=\"30\" \/><\/a><a href=\"http:\/\/www.labsindikatua.org\/eu\/hasiera\/upload\"><input src=\"\/modules\/mod_socialmediacloud\/icons\/igo.png\" longdesc=\"undefined\" width=\"30\" type=\"image\" height=\"30\" \/><\/a><\/div>\n<p> &nbsp;<\/p><\/div>\n<div>&nbsp;<\/div>\n","protected":false},"excerpt":{"rendered":"<p>Espoleados por el acuerdo logrado en Huerta de Peralta, nos hemos manifestado en Iru&ntilde;ea en contra de la precariedad y la explotaci&oacute;n. Y es que la lucha contin&uacute;a, puesto que tenemos numerosos frentes abiertos. Por ello, la movilizaci&oacute;n llevada a cabo este s&aacute;bado en Iru&ntilde;ea ha servido para reivindicar la solidaridad de clase y para [&hellip;]<\/p>\n","protected":false},"author":1,"featured_media":18654,"comment_status":"open","ping_status":"open","sticky":false,"template":"","format":"standard","meta":{"_monsterinsights_skip_tracking":false,"_monsterinsights_sitenote_active":false,"_monsterinsights_sitenote_note":"","_monsterinsights_sitenote_category":0,"footnotes":"","_links_to":"","_links_to_target":""},"categories":[18,2998],"tags":[3033],"class_list":{"0":"post-18659","1":"post","2":"type-post","3":"status-publish","4":"format-standard","5":"has-post-thumbnail","7":"category-es-accion-sindical","8":"category-uncategorized-eu-es","9":"tag-accion-sindical-es"},"_links":{"self":[{"href":"https:\/\/www.lab.eus\/es\/wp-json\/wp\/v2\/posts\/18659","targetHints":{"allow":["GET"]}}],"collection":[{"href":"https:\/\/www.lab.eus\/es\/wp-json\/wp\/v2\/posts"}],"about":[{"href":"https:\/\/www.lab.eus\/es\/wp-json\/wp\/v2\/types\/post"}],"author":[{"embeddable":true,"href":"https:\/\/www.lab.eus\/es\/wp-json\/wp\/v2\/users\/1"}],"replies":[{"embeddable":true,"href":"https:\/\/www.lab.eus\/es\/wp-json\/wp\/v2\/comments?post=18659"}],"version-history":[{"count":0,"href":"https:\/\/www.lab.eus\/es\/wp-json\/wp\/v2\/posts\/18659\/revisions"}],"wp:featuredmedia":[{"embeddable":true,"href":"https:\/\/www.lab.eus\/es\/wp-json\/wp\/v2\/media\/18654"}],"wp:attachment":[{"href":"https:\/\/www.lab.eus\/es\/wp-json\/wp\/v2\/media?parent=18659"}],"wp:term":[{"taxonomy":"category","embeddable":true,"href":"https:\/\/www.lab.eus\/es\/wp-json\/wp\/v2\/categories?post=18659"},{"taxonomy":"post_tag","embeddable":true,"href":"https:\/\/www.lab.eus\/es\/wp-json\/wp\/v2\/tags?post=18659"}],"curies":[{"name":"wp","href":"https:\/\/api.w.org\/{rel}","templated":true}]}}