{"id":18591,"date":"2019-01-14T08:40:40","date_gmt":"2019-01-14T08:40:40","guid":{"rendered":"https:\/\/www.lab.eus\/emakumeon-mundu-martxa-se-movilizara-manana-en-solidaridad-con-andalucia\/"},"modified":"2019-01-14T08:40:40","modified_gmt":"2019-01-14T08:40:40","slug":"emakumeon-mundu-martxa-se-movilizara-manana-en-solidaridad-con-andalucia","status":"publish","type":"post","link":"https:\/\/www.lab.eus\/es\/emakumeon-mundu-martxa-se-movilizara-manana-en-solidaridad-con-andalucia\/","title":{"rendered":"Emakumeon Mundu Martxa se movilizar\u00e1 ma\u00f1ana en solidaridad con Andaluc\u00eda"},"content":{"rendered":"<p> <\/p>\n<div style=\"padding-right:15px;width:345px; float:left; border-right-style:solid; border-right-width:1px; border-right-color:#dddddd\"><img loading=\"lazy\" decoding=\"async\" class=\" size-full wp-image-18590\" src=\"https:\/\/www.lab.eus\/wp-content\/uploads\/2019\/01\/materiala_argazkiak_Arloak_emakumeak_emakumeenMunduMartxa_19_01_14Andaluzia_AndaluziaElkartasuna.jpg\" width=\"345\" height=\"488\" alt=\"\" srcset=\"https:\/\/www.lab.eus\/wp-content\/uploads\/2019\/01\/materiala_argazkiak_Arloak_emakumeak_emakumeenMunduMartxa_19_01_14Andaluzia_AndaluziaElkartasuna.jpg 724w, https:\/\/www.lab.eus\/wp-content\/uploads\/2019\/01\/materiala_argazkiak_Arloak_emakumeak_emakumeenMunduMartxa_19_01_14Andaluzia_AndaluziaElkartasuna-212x300.jpg 212w, https:\/\/www.lab.eus\/wp-content\/uploads\/2019\/01\/materiala_argazkiak_Arloak_emakumeak_emakumeenMunduMartxa_19_01_14Andaluzia_AndaluziaElkartasuna-150x212.jpg 150w, https:\/\/www.lab.eus\/wp-content\/uploads\/2019\/01\/materiala_argazkiak_Arloak_emakumeak_emakumeenMunduMartxa_19_01_14Andaluzia_AndaluziaElkartasuna-300x424.jpg 300w, https:\/\/www.lab.eus\/wp-content\/uploads\/2019\/01\/materiala_argazkiak_Arloak_emakumeak_emakumeenMunduMartxa_19_01_14Andaluzia_AndaluziaElkartasuna-696x984.jpg 696w, https:\/\/www.lab.eus\/wp-content\/uploads\/2019\/01\/materiala_argazkiak_Arloak_emakumeak_emakumeenMunduMartxa_19_01_14Andaluzia_AndaluziaElkartasuna-297x420.jpg 297w\" sizes=\"auto, (max-width: 345px) 100vw, 345px\" \/><em><span style=\"font-size: 14px; \"><\/p>\n<p> Ha convocado concentraciones en las capitales de Hego Euskal Herria, a las 19:00.<\/p>\n<p> <\/span><\/em>Este es el comunicado emitido por Euskal Herriko Emakumeon Mundu Martxa:<\/p>\n<p> La Marcha Mundial de las Mujeres de Euskal Herria manifiesta su plena solidaridad con el pueblo andaluz, en especial con todas las mujeres feministas que est&aacute;n luchando all&iacute;.<\/p>\n<p> Los partidos de extrema derecha que intentan formar gobierno utilizan la ley contra la violencia machista como carta para la negociaci&oacute;n; en el planeta del partido Vox se habla de medidas como la supresi&oacute;n de la citada ley, la exclusi&oacute;n del aborto y de las operaciones de cambio de sexo de la sanidad p&uacute;blica&hellip; &iexcl;Est&aacute;n negociando con nuestros derechos! Entendemos esto como una reacci&oacute;n del sistema ante los avances del Movimiento Feminista, como una maniobra para apretar las cadenas del patriarcado.<\/p>\n<p> El fascismo espa&ntilde;ol ha llegado para extender un impulso reaccionario contra el feminismo, la fobia contra las personas migrantes e implantar un neoliberalismo salvaje. Pero sabemos que lo que est&aacute; ocurriendo en Andaluc&iacute;a no es un caso aislado; en Espa&ntilde;a se est&aacute; extendiendo la ultraderecha, que se refuerza sin complejos en sus posiciones fascistas y racistas. Consecuencias de esta tendencia: pol&iacute;ticas contrarias a la vida de las mujeres, explotaci&oacute;n laboral y politicas xen&oacute;fobas y de expulsi&oacute;n. Y ello no est&aacute; pasando solo en el Estado espa&ntilde;ol; la extrema derecha est&aacute; en auge y se hace con el poder: Estados Unidos, Brasil, Austria, Polonia&hellip; Se encuentra en su momento m&aacute;s fuerte de las &uacute;ltimas d&eacute;cadas, y los partidos ultranacionalistas y xen&oacute;fobos se multiplican, gracias a la cobertura que les dan los medios de comunicaci&oacute;n. Esto hace que las y los ciudadanos de calle se sientan legitimados con las pr&aacute;cticas racistas de las instituciones y de los partidos pol&iacute;ticos de derecha, tal y como la agresi&oacute;n racista a una mujer negra ocurrida ayer miercoles 9 de Enero en un autobus de linea en Gasteiz.<\/p>\n<p> Por ello, queremos manifestar todo nuestro apoyo y nuestra solidaridad internacionalista y feminista a las mujeres que en todo el mundo luchan contra el fascismo. Nos unimos especialmente a las protestas que las mujeres de Andaluc&iacute;a y colectivos de personas migrantes organizar&aacute;n en los pr&oacute;ximos d&iacute;as. &iexcl;Estamos con vosotras! &iexcl;Los derechos de las mujeres no se negocian!<\/p>\n<p> Nosotras, desde aqu&iacute;, seguiremos luchando, organiz&aacute;ndonos, contruyendo alianzas. Porque la solidaridad es nuestra arma m&aacute;s potente.<\/p>\n<p> &iexcl;Seguiremos en marcha hasta que todas seamos libres!<\/p>\n<p> &nbsp;<\/p><\/div>\n<div style=\"width:180px; float:left; padding-left:15px;\">\n<div style=\"text-align: center; \"><a href=\"\/rssak\"><input src=\"\/materiala\/argazkiak\/feed.png\" alt=\"RSSak\" longdesc=\"undefined\" width=\"30\" type=\"image\" height=\"30\" \/><\/a><a target=\"_blank\" href=\"http:\/\/www.facebook.com\/pages\/LAB-sindikatua\/292846207397345\" rel=\"noopener noreferrer\"><input src=\"\/modules\/mod_socialmediacloud\/icons\/facebook.png\" alt=\"LAB Facebooken\" longdesc=\"undefined\" width=\"30\" type=\"image\" height=\"30\" \/><\/a><a target=\"_blank\" href=\"http:\/\/issuu.com\/lab_argitalpenak\" rel=\"noopener noreferrer\"><input src=\"\/modules\/mod_socialmediacloud\/icons\/issuu.png\" longdesc=\"undefined\" width=\"30\" type=\"image\" height=\"30\" \/><\/a><a target=\"_blank\" href=\"http:\/\/es.scribd.com\/LABsindikatua\" rel=\"noopener noreferrer\"><input src=\"\/modules\/mod_socialmediacloud\/icons\/scribd.png\" longdesc=\"undefined\" width=\"30\" type=\"image\" height=\"30\" \/><br \/> <\/a><\/div>\n<div style=\"text-align: center; \"><a target=\"_blank\" href=\"http:\/\/twitter.com\/LABsindikatua\" rel=\"noopener noreferrer\"><input src=\"\/modules\/mod_socialmediacloud\/icons\/twitter.png\" longdesc=\"undefined\" width=\"30\" type=\"image\" height=\"30\" \/><\/a><a target=\"_blank\" href=\"http:\/\/www.youtube.com\/user\/labsindikatua\" rel=\"noopener noreferrer\"><input src=\"\/modules\/mod_socialmediacloud\/icons\/youtube.png\" longdesc=\"undefined\" width=\"30\" type=\"image\" height=\"30\" \/><\/a><a target=\"_blank\" href=\"http:\/\/www.flickr.com\/photos\/lab-sindikatua\/\" rel=\"noopener noreferrer\"><input src=\"\/modules\/mod_socialmediacloud\/icons\/flickr.png\" longdesc=\"undefined\" width=\"30\" type=\"image\" height=\"30\" \/><\/a><a href=\"http:\/\/www.labsindikatua.org\/eu\/hasiera\/upload\"><input src=\"\/modules\/mod_socialmediacloud\/icons\/igo.png\" longdesc=\"undefined\" width=\"30\" type=\"image\" height=\"30\" \/><\/a><\/div>\n<p> &nbsp;<\/p><\/div>\n<div>&nbsp;<\/div>\n","protected":false},"excerpt":{"rendered":"<p>Ha convocado concentraciones en las capitales de Hego Euskal Herria, a las 19:00. Este es el comunicado emitido por Euskal Herriko Emakumeon Mundu Martxa: La Marcha Mundial de las Mujeres de Euskal Herria manifiesta su plena solidaridad con el pueblo andaluz, en especial con todas las mujeres feministas que est&aacute;n luchando all&iacute;. Los partidos de [&hellip;]<\/p>\n","protected":false},"author":1,"featured_media":18590,"comment_status":"open","ping_status":"open","sticky":false,"template":"","format":"standard","meta":{"_monsterinsights_skip_tracking":false,"_monsterinsights_sitenote_active":false,"_monsterinsights_sitenote_note":"","_monsterinsights_sitenote_category":0,"footnotes":"","_links_to":"","_links_to_target":""},"categories":[3281,2998],"tags":[3191],"class_list":{"0":"post-18591","1":"post","2":"type-post","3":"status-publish","4":"format-standard","5":"has-post-thumbnail","7":"category-secretaria-feminista","8":"category-uncategorized-eu-es","9":"tag-mujeres"},"_links":{"self":[{"href":"https:\/\/www.lab.eus\/es\/wp-json\/wp\/v2\/posts\/18591","targetHints":{"allow":["GET"]}}],"collection":[{"href":"https:\/\/www.lab.eus\/es\/wp-json\/wp\/v2\/posts"}],"about":[{"href":"https:\/\/www.lab.eus\/es\/wp-json\/wp\/v2\/types\/post"}],"author":[{"embeddable":true,"href":"https:\/\/www.lab.eus\/es\/wp-json\/wp\/v2\/users\/1"}],"replies":[{"embeddable":true,"href":"https:\/\/www.lab.eus\/es\/wp-json\/wp\/v2\/comments?post=18591"}],"version-history":[{"count":0,"href":"https:\/\/www.lab.eus\/es\/wp-json\/wp\/v2\/posts\/18591\/revisions"}],"wp:featuredmedia":[{"embeddable":true,"href":"https:\/\/www.lab.eus\/es\/wp-json\/wp\/v2\/media\/18590"}],"wp:attachment":[{"href":"https:\/\/www.lab.eus\/es\/wp-json\/wp\/v2\/media?parent=18591"}],"wp:term":[{"taxonomy":"category","embeddable":true,"href":"https:\/\/www.lab.eus\/es\/wp-json\/wp\/v2\/categories?post=18591"},{"taxonomy":"post_tag","embeddable":true,"href":"https:\/\/www.lab.eus\/es\/wp-json\/wp\/v2\/tags?post=18591"}],"curies":[{"name":"wp","href":"https:\/\/api.w.org\/{rel}","templated":true}]}}