{"id":18473,"date":"2018-12-20T10:52:52","date_gmt":"2018-12-20T10:52:52","guid":{"rendered":"https:\/\/www.lab.eus\/hemos-pedido-que-se-resuelva-la-problematica-de-las-y-los-presos-como-aportacion-necesaria-a-la-convivencia-democratica-y-a-la-reconciliacion\/"},"modified":"2018-12-20T10:52:52","modified_gmt":"2018-12-20T10:52:52","slug":"hemos-pedido-que-se-resuelva-la-problematica-de-las-y-los-presos-como-aportacion-necesaria-a-la-convivencia-democratica-y-a-la-reconciliacion","status":"publish","type":"post","link":"https:\/\/www.lab.eus\/es\/hemos-pedido-que-se-resuelva-la-problematica-de-las-y-los-presos-como-aportacion-necesaria-a-la-convivencia-democratica-y-a-la-reconciliacion\/","title":{"rendered":"Hemos pedido que se resuelva la problem\u00e1tica de las y los presos como aportaci\u00f3n necesaria a la convivencia democr\u00e1tica y a la reconciliaci\u00f3n"},"content":{"rendered":"<p> <\/p>\n<div style=\"padding-right:15px;width:345px; float:left; border-right-style:solid; border-right-width:1px; border-right-color:#dddddd\"><img loading=\"lazy\" decoding=\"async\" class=\" size-full wp-image-18472\" src=\"https:\/\/www.lab.eus\/wp-content\/uploads\/2018\/12\/materiala_argazkiak_euskalHerria_euskalPresoak_18_12_20Bilbo_Presoak1.jpeg\" width=\"345\" height=\"256\" alt=\"\" srcset=\"https:\/\/www.lab.eus\/wp-content\/uploads\/2018\/12\/materiala_argazkiak_euskalHerria_euskalPresoak_18_12_20Bilbo_Presoak1.jpeg 1599w, https:\/\/www.lab.eus\/wp-content\/uploads\/2018\/12\/materiala_argazkiak_euskalHerria_euskalPresoak_18_12_20Bilbo_Presoak1-300x223.jpeg 300w, https:\/\/www.lab.eus\/wp-content\/uploads\/2018\/12\/materiala_argazkiak_euskalHerria_euskalPresoak_18_12_20Bilbo_Presoak1-1024x760.jpeg 1024w, https:\/\/www.lab.eus\/wp-content\/uploads\/2018\/12\/materiala_argazkiak_euskalHerria_euskalPresoak_18_12_20Bilbo_Presoak1-768x570.jpeg 768w, https:\/\/www.lab.eus\/wp-content\/uploads\/2018\/12\/materiala_argazkiak_euskalHerria_euskalPresoak_18_12_20Bilbo_Presoak1-1536x1139.jpeg 1536w, https:\/\/www.lab.eus\/wp-content\/uploads\/2018\/12\/materiala_argazkiak_euskalHerria_euskalPresoak_18_12_20Bilbo_Presoak1-150x111.jpeg 150w, https:\/\/www.lab.eus\/wp-content\/uploads\/2018\/12\/materiala_argazkiak_euskalHerria_euskalPresoak_18_12_20Bilbo_Presoak1-485x360.jpeg 485w, https:\/\/www.lab.eus\/wp-content\/uploads\/2018\/12\/materiala_argazkiak_euskalHerria_euskalPresoak_18_12_20Bilbo_Presoak1-696x516.jpeg 696w, https:\/\/www.lab.eus\/wp-content\/uploads\/2018\/12\/materiala_argazkiak_euskalHerria_euskalPresoak_18_12_20Bilbo_Presoak1-1068x792.jpeg 1068w, https:\/\/www.lab.eus\/wp-content\/uploads\/2018\/12\/materiala_argazkiak_euskalHerria_euskalPresoak_18_12_20Bilbo_Presoak1-566x420.jpeg 566w, https:\/\/www.lab.eus\/wp-content\/uploads\/2018\/12\/materiala_argazkiak_euskalHerria_euskalPresoak_18_12_20Bilbo_Presoak1-80x60.jpeg 80w, https:\/\/www.lab.eus\/wp-content\/uploads\/2018\/12\/materiala_argazkiak_euskalHerria_euskalPresoak_18_12_20Bilbo_Presoak1-265x198.jpeg 265w\" sizes=\"auto, (max-width: 345px) 100vw, 345px\" \/><em><span style=\"font-size: 14px; \"><\/p>\n<p> Los sindicatos LAB, ELA, UGT, ESK, STEILAS, CNT, CGT\/LKN, EHNE, HIRU y ETXALDE hemos comparecido para informar sobre la din&aacute;mica &ldquo;Konponbide garaia da. Orain presoak&rdquo; que se llevar&aacute; a cabo a nivel de Bilbo. Nos movilizaremos el tercer viernes de cada mes, concentr&aacute;ndonos durante media hora, entre las 11:30 y las 12:00, frente a la delegaci&oacute;n del Gobierno Espa&ntilde;ol en la plaza El&iacute;ptica de Bilbao. La primera de estas movilizaciones se llevar&aacute; a cabo el pr&oacute;ximo 18 de enero. Asimismo, hemos anunciado nuestra participaci&oacute;n&nbsp;en la manifestaci&oacute;n organizada en Bilbo para el d&iacute;a 12 de enero, a las 17:00, acto organizado por la iniciativa social Orain Presoak.<\/p>\n<p> <\/span><\/em>Este es el comunicado al que hemos dado lectura los sindicatos:<\/p>\n<p> Los diez sindicatos aqu&iacute; presentes queremos hacer una lectura com&uacute;n en torno a la cuesti&oacute;n de la reincorporaci&oacute;n de las personas presas.<\/p>\n<p> Anteriormente, comparecimos para apoyar un desarme total y definitivo de ETA y posteriormente hemos comparecido en tres ocasiones &ndash;de maneras diferentes- en relaci&oacute;n con la problem&aacute;tica de las personas presas enfermas y el acercamiento.<\/p>\n<p> En este sentido, los sindicatos ELA, LAB, UGT, Steilas, ESK, CNT, CGT, EHNE, HIRU y Etxalde, queremos manifestar a la sociedad vasca, a sus instituciones y a sus diferentes agentes pol&iacute;ticos y sociales lo siguiente:<\/p>\n<p> 1.- En el contexto actual, entendemos que la resoluci&oacute;n de la problem&aacute;tica de las personas presas ser&iacute;a una aportaci&oacute;n necesaria a la convivencia democr&aacute;tica y a la reconciliaci&oacute;n.<\/p>\n<p> 2.- En esta cuesti&oacute;n, y en la perspectiva de una resoluci&oacute;n integral a esta problem&aacute;tica, se deber&iacute;an dar unos primeros pasos claros en los siguientes aspectos:<\/p>\n<p> a) En relaci&oacute;n con las personas presas aquejadas de enfermedades graves nos reiteramos en la solicitud realizada el 5 de julio del pasado a&ntilde;o: &laquo;Los sindicatos solicitamos a las autoridades competentes que tengan en cuenta la legislaci&oacute;n vigente estatal y los est&aacute;ndares internacionales m&aacute;s exigentes, de tal modo que las personas penadas enfermas muy graves con padecimientos incurables puedan ser clasificados en tercer grado y ser excarcelados por razones humanitarias y de dignidad personal&raquo;.<\/p>\n<p> b) Exigimos a los gobiernos espa&ntilde;ol y franc&eacute;s el acercamiento de la totalidad de las personas presas a c&aacute;rceles vascas\/navarra evitando un cumplimiento de penas privativas de libertad lejos de los lugares de arraigo social y familiar, facilitando la relaci&oacute;n con sus familiares.<\/p>\n<p> c) Demandamos la evoluci&oacute;n de primer a segundo grado sobre bases que respondan verdaderamente a las circunstancias de cada persona presa y su situaci&oacute;n penitenciaria, tal y como determina la legislaci&oacute;n penitenciaria.<\/p>\n<p> 3.- Los sindicatos aqu&iacute; presentes, queremos dar a conocer la din&aacute;mica de movilizaci&oacute;n y reivindicaci&oacute;n que los sindicatos firmantes desarrollaremos de forma permanente en Bilbao, bajo el lema &ldquo;Konponbide garaia da. Orain Presoak&rdquo; el tercer viernes de cada mes, concentr&aacute;ndonos durante media hora, entre las 11:30 y las 12:00, frente a la delegaci&oacute;n del Gobierno Espa&ntilde;ol en la plaza El&iacute;ptica de Bilbao. La primera de estas movilizaciones se llevar&aacute; a cabo el pr&oacute;ximo 18 de enero. <\/p>\n<p> Anunciamos tambi&eacute;n nuestra participaci&oacute;n en la manifestaci&oacute;n organizada en Bilbao para el d&iacute;a 12 de enero a las 17:00, acto organizado por la iniciativa social Orain Presoak.<\/p>\n<p> 4.- Animamos a la ciudadan&iacute;a, en especial a las y los trabajadores, cada cual desde su espacio, a coadyuvar a que la resoluci&oacute;n a esta cuesti&oacute;n avance definitivamente.<\/p>\n<p> &nbsp;<\/p><\/div>\n<div style=\"width:180px; float:left; padding-left:15px;\">\n<div style=\"text-align: center; \"><a href=\"\/rssak\"><input src=\"\/materiala\/argazkiak\/feed.png\" alt=\"RSSak\" longdesc=\"undefined\" width=\"30\" type=\"image\" height=\"30\" \/><\/a><a target=\"_blank\" href=\"http:\/\/www.facebook.com\/pages\/LAB-sindikatua\/292846207397345\" rel=\"noopener noreferrer\"><input src=\"\/modules\/mod_socialmediacloud\/icons\/facebook.png\" alt=\"LAB Facebooken\" longdesc=\"undefined\" width=\"30\" type=\"image\" height=\"30\" \/><\/a><a target=\"_blank\" href=\"http:\/\/issuu.com\/lab_argitalpenak\" rel=\"noopener noreferrer\"><input src=\"\/modules\/mod_socialmediacloud\/icons\/issuu.png\" longdesc=\"undefined\" width=\"30\" type=\"image\" height=\"30\" \/><\/a><a target=\"_blank\" href=\"http:\/\/es.scribd.com\/LABsindikatua\" rel=\"noopener noreferrer\"><input src=\"\/modules\/mod_socialmediacloud\/icons\/scribd.png\" longdesc=\"undefined\" width=\"30\" type=\"image\" height=\"30\" \/><br \/> <\/a><\/div>\n<div style=\"text-align: center; \"><a target=\"_blank\" href=\"http:\/\/twitter.com\/LABsindikatua\" rel=\"noopener noreferrer\"><input src=\"\/modules\/mod_socialmediacloud\/icons\/twitter.png\" longdesc=\"undefined\" width=\"30\" type=\"image\" height=\"30\" \/><\/a><a target=\"_blank\" href=\"http:\/\/www.youtube.com\/user\/labsindikatua\" rel=\"noopener noreferrer\"><input src=\"\/modules\/mod_socialmediacloud\/icons\/youtube.png\" longdesc=\"undefined\" width=\"30\" type=\"image\" height=\"30\" \/><\/a><a target=\"_blank\" href=\"http:\/\/www.flickr.com\/photos\/lab-sindikatua\/\" rel=\"noopener noreferrer\"><input src=\"\/modules\/mod_socialmediacloud\/icons\/flickr.png\" longdesc=\"undefined\" width=\"30\" type=\"image\" height=\"30\" \/><\/a><a href=\"http:\/\/www.labsindikatua.org\/eu\/hasiera\/upload\"><input src=\"\/modules\/mod_socialmediacloud\/icons\/igo.png\" longdesc=\"undefined\" width=\"30\" type=\"image\" height=\"30\" \/><\/a><\/div>\n<p> &nbsp;<\/p><\/div>\n<div>&nbsp;<\/div>\n","protected":false},"excerpt":{"rendered":"<p>Los sindicatos LAB, ELA, UGT, ESK, STEILAS, CNT, CGT\/LKN, EHNE, HIRU y ETXALDE hemos comparecido para informar sobre la din&aacute;mica &ldquo;Konponbide garaia da. Orain presoak&rdquo; que se llevar&aacute; a cabo a nivel de Bilbo. Nos movilizaremos el tercer viernes de cada mes, concentr&aacute;ndonos durante media hora, entre las 11:30 y las 12:00, frente a la [&hellip;]<\/p>\n","protected":false},"author":1,"featured_media":18472,"comment_status":"open","ping_status":"open","sticky":false,"template":"","format":"standard","meta":{"_monsterinsights_skip_tracking":false,"_monsterinsights_sitenote_active":false,"_monsterinsights_sitenote_note":"","_monsterinsights_sitenote_category":0,"footnotes":"","_links_to":"","_links_to_target":""},"categories":[3402,3301,2998],"tags":[],"class_list":{"0":"post-18473","1":"post","2":"type-post","3":"status-publish","4":"format-standard","5":"has-post-thumbnail","7":"category-accion-politica","8":"category-euskal-herria-es-2","9":"category-uncategorized-eu-es"},"_links":{"self":[{"href":"https:\/\/www.lab.eus\/es\/wp-json\/wp\/v2\/posts\/18473","targetHints":{"allow":["GET"]}}],"collection":[{"href":"https:\/\/www.lab.eus\/es\/wp-json\/wp\/v2\/posts"}],"about":[{"href":"https:\/\/www.lab.eus\/es\/wp-json\/wp\/v2\/types\/post"}],"author":[{"embeddable":true,"href":"https:\/\/www.lab.eus\/es\/wp-json\/wp\/v2\/users\/1"}],"replies":[{"embeddable":true,"href":"https:\/\/www.lab.eus\/es\/wp-json\/wp\/v2\/comments?post=18473"}],"version-history":[{"count":0,"href":"https:\/\/www.lab.eus\/es\/wp-json\/wp\/v2\/posts\/18473\/revisions"}],"wp:featuredmedia":[{"embeddable":true,"href":"https:\/\/www.lab.eus\/es\/wp-json\/wp\/v2\/media\/18472"}],"wp:attachment":[{"href":"https:\/\/www.lab.eus\/es\/wp-json\/wp\/v2\/media?parent=18473"}],"wp:term":[{"taxonomy":"category","embeddable":true,"href":"https:\/\/www.lab.eus\/es\/wp-json\/wp\/v2\/categories?post=18473"},{"taxonomy":"post_tag","embeddable":true,"href":"https:\/\/www.lab.eus\/es\/wp-json\/wp\/v2\/tags?post=18473"}],"curies":[{"name":"wp","href":"https:\/\/api.w.org\/{rel}","templated":true}]}}