{"id":18447,"date":"2018-12-17T14:05:23","date_gmt":"2018-12-17T14:05:23","guid":{"rendered":"https:\/\/www.lab.eus\/vemos-positivo-que-educacion-anuncie-su-intencion-de-estabilizar-las-plazas-elegidas-por-el-profesorado-interino-de-nafarroa-pero-creemos-que-la-clave-estara-en-la-forma-de-llevar-a-cabo-el-proceso\/"},"modified":"2018-12-17T14:05:23","modified_gmt":"2018-12-17T14:05:23","slug":"vemos-positivo-que-educacion-anuncie-su-intencion-de-estabilizar-las-plazas-elegidas-por-el-profesorado-interino-de-nafarroa-pero-creemos-que-la-clave-estara-en-la-forma-de-llevar-a-cabo-el-proceso","status":"publish","type":"post","link":"https:\/\/www.lab.eus\/es\/vemos-positivo-que-educacion-anuncie-su-intencion-de-estabilizar-las-plazas-elegidas-por-el-profesorado-interino-de-nafarroa-pero-creemos-que-la-clave-estara-en-la-forma-de-llevar-a-cabo-el-proceso\/","title":{"rendered":"Vemos positivo que Educaci\u00f3n anuncie su intenci\u00f3n de estabilizar las plazas elegidas por el profesorado interino de Nafarroa, pero creemos que la clave estar\u00e1 en la forma de llevar a cabo el proceso"},"content":{"rendered":"<div style=\"padding-right:15px;width:345px; float:left; border-right-style:solid; border-right-width:1px; border-right-color:#dddddd\"><em><span style=\"font-size: 14px; \">El Departamento de Educaci&oacute;n de Navarra ha lanzado hoy una propuesta en torno a la estabilidad del profesorado interino a los sindicatos presentes en la Comisi&oacute;n de Seguimiento del Pacto Educativo recientemente firmado. <\/p>\n<p> <\/span><\/em>Esta medida puede ser eficaz en nuestra reivindicaci&oacute;n de mayor estabilidad del profesorado interino y de la consiguiente apuesta por la calidad en nuestra Educaci&oacute;n. Bajo nuestro punto de vista, de esta manera se puede superar la incertidumbre existente en la actualidad, ya que se garantizar&iacute;a que cada interino pudiera mantenerse a&ntilde;os tras a&ntilde;o en el mismo lugar, mientras esa plaza no salga a oferta p&uacute;blica v&iacute;a oposici&oacute;n.<\/p>\n<p> LAB siempre ha apostado por la estabilidad de las plazas como una forma de superar los problemas metodol&oacute;gicos y did&aacute;cticos que se derivan de la interinidad y para terminar con la precariedad de una parte muy importante de la plantilla. Tampoco podemos olvidar los problemas que la falta de estabilidad acarrea en la conciliacion entre la vidad laboral y la familiar, como ha denunciando el profesorado interino en repetidas ocasiones.<\/p>\n<p> Ahora solo queda que este proceso se gestione de forma adecuada, ya que su &eacute;xito depender&aacute; de las decisiones que se adopten. LAB anuncia su compromiso para colaborar con esta iniciativa y plantear propuestas que sirvan para que se ejecute de una forma eficaz y razonable. De hecho, este sindicato tiene claro que el proceso de estabilizaci&oacute;n tiene que ir unido a nuevos modelos de formaci&oacute;n y de desarrollo profesional en Educaci&oacute;n y que todo ello se tiene que realizar de forma gradual, propiciando la adhesi&oacute;n de toda la comunidad educativa.<\/p>\n<p> &nbsp;<\/p><\/div>\n<div style=\"width:180px; float:left; padding-left:15px;\">\n<div style=\"text-align: center; \"><a href=\"\/rssak\"><input src=\"\/materiala\/argazkiak\/feed.png\" alt=\"RSSak\" longdesc=\"undefined\" width=\"30\" type=\"image\" height=\"30\" \/><\/a><a target=\"_blank\" href=\"http:\/\/www.facebook.com\/pages\/LAB-sindikatua\/292846207397345\" rel=\"noopener noreferrer\"><input src=\"\/modules\/mod_socialmediacloud\/icons\/facebook.png\" alt=\"LAB Facebooken\" longdesc=\"undefined\" width=\"30\" type=\"image\" height=\"30\" \/><\/a><a target=\"_blank\" href=\"http:\/\/issuu.com\/lab_argitalpenak\" rel=\"noopener noreferrer\"><input src=\"\/modules\/mod_socialmediacloud\/icons\/issuu.png\" longdesc=\"undefined\" width=\"30\" type=\"image\" height=\"30\" \/><\/a><a target=\"_blank\" href=\"http:\/\/es.scribd.com\/LABsindikatua\" rel=\"noopener noreferrer\"><input src=\"\/modules\/mod_socialmediacloud\/icons\/scribd.png\" longdesc=\"undefined\" width=\"30\" type=\"image\" height=\"30\" \/><br \/> <\/a><\/div>\n<div style=\"text-align: center; \"><a target=\"_blank\" href=\"http:\/\/twitter.com\/LABsindikatua\" rel=\"noopener noreferrer\"><input src=\"\/modules\/mod_socialmediacloud\/icons\/twitter.png\" longdesc=\"undefined\" width=\"30\" type=\"image\" height=\"30\" \/><\/a><a target=\"_blank\" href=\"http:\/\/www.youtube.com\/user\/labsindikatua\" rel=\"noopener noreferrer\"><input src=\"\/modules\/mod_socialmediacloud\/icons\/youtube.png\" longdesc=\"undefined\" width=\"30\" type=\"image\" height=\"30\" \/><\/a><a target=\"_blank\" href=\"http:\/\/www.flickr.com\/photos\/lab-sindikatua\/\" rel=\"noopener noreferrer\"><input src=\"\/modules\/mod_socialmediacloud\/icons\/flickr.png\" longdesc=\"undefined\" width=\"30\" type=\"image\" height=\"30\" \/><\/a><a href=\"http:\/\/www.labsindikatua.org\/eu\/hasiera\/upload\"><input src=\"\/modules\/mod_socialmediacloud\/icons\/igo.png\" longdesc=\"undefined\" width=\"30\" type=\"image\" height=\"30\" \/><\/a><\/div>\n<p> &nbsp;<\/p><\/div>\n<div>&nbsp;<\/div>\n","protected":false},"excerpt":{"rendered":"<p>El Departamento de Educaci&oacute;n de Navarra ha lanzado hoy una propuesta en torno a la estabilidad del profesorado interino a los sindicatos presentes en la Comisi&oacute;n de Seguimiento del Pacto Educativo recientemente firmado. Esta medida puede ser eficaz en nuestra reivindicaci&oacute;n de mayor estabilidad del profesorado interino y de la consiguiente apuesta por la calidad [&hellip;]<\/p>\n","protected":false},"author":1,"featured_media":0,"comment_status":"open","ping_status":"open","sticky":false,"template":"","format":"standard","meta":{"_monsterinsights_skip_tracking":false,"_monsterinsights_sitenote_active":false,"_monsterinsights_sitenote_note":"","_monsterinsights_sitenote_category":0,"footnotes":"","_links_to":"","_links_to_target":""},"categories":[33,2998],"tags":[],"class_list":{"0":"post-18447","1":"post","2":"type-post","3":"status-publish","4":"format-standard","6":"category-es-ensenanza","7":"category-uncategorized-eu-es"},"_links":{"self":[{"href":"https:\/\/www.lab.eus\/es\/wp-json\/wp\/v2\/posts\/18447","targetHints":{"allow":["GET"]}}],"collection":[{"href":"https:\/\/www.lab.eus\/es\/wp-json\/wp\/v2\/posts"}],"about":[{"href":"https:\/\/www.lab.eus\/es\/wp-json\/wp\/v2\/types\/post"}],"author":[{"embeddable":true,"href":"https:\/\/www.lab.eus\/es\/wp-json\/wp\/v2\/users\/1"}],"replies":[{"embeddable":true,"href":"https:\/\/www.lab.eus\/es\/wp-json\/wp\/v2\/comments?post=18447"}],"version-history":[{"count":0,"href":"https:\/\/www.lab.eus\/es\/wp-json\/wp\/v2\/posts\/18447\/revisions"}],"wp:attachment":[{"href":"https:\/\/www.lab.eus\/es\/wp-json\/wp\/v2\/media?parent=18447"}],"wp:term":[{"taxonomy":"category","embeddable":true,"href":"https:\/\/www.lab.eus\/es\/wp-json\/wp\/v2\/categories?post=18447"},{"taxonomy":"post_tag","embeddable":true,"href":"https:\/\/www.lab.eus\/es\/wp-json\/wp\/v2\/tags?post=18447"}],"curies":[{"name":"wp","href":"https:\/\/api.w.org\/{rel}","templated":true}]}}