{"id":18173,"date":"2018-11-08T13:59:21","date_gmt":"2018-11-08T13:59:21","guid":{"rendered":"https:\/\/www.lab.eus\/el-gobierno-vasco-no-quiere-oir-nada-sobre-negociacion-de-planes-de-empleo-y-limita-la-negociacion-colectiva-a-fotos-de-acuerdos-tecnicos\/"},"modified":"2018-11-08T13:59:21","modified_gmt":"2018-11-08T13:59:21","slug":"el-gobierno-vasco-no-quiere-oir-nada-sobre-negociacion-de-planes-de-empleo-y-limita-la-negociacion-colectiva-a-fotos-de-acuerdos-tecnicos","status":"publish","type":"post","link":"https:\/\/www.lab.eus\/es\/el-gobierno-vasco-no-quiere-oir-nada-sobre-negociacion-de-planes-de-empleo-y-limita-la-negociacion-colectiva-a-fotos-de-acuerdos-tecnicos\/","title":{"rendered":"El Gobierno Vasco no quiere o\u00edr nada sobre negociaci\u00f3n de planes de empleo, y limita la negociaci\u00f3n colectiva a fotos de acuerdos t\u00e9cnicos"},"content":{"rendered":"<p> <\/p>\n<div style=\"padding-right:15px;width:345px; float:left; border-right-style:solid; border-right-width:1px; border-right-color:#dddddd\"><img loading=\"lazy\" decoding=\"async\" class=\" size-full wp-image-18172\" src=\"https:\/\/www.lab.eus\/wp-content\/uploads\/2018\/11\/materiala_argazkiak_zerbitzuPublikoak_enpleguPublikoa_18_11_08MahaiOrokorra_Enplegu-Plana.jpg\" width=\"345\" height=\"194\" alt=\"\" srcset=\"https:\/\/www.lab.eus\/wp-content\/uploads\/2018\/11\/materiala_argazkiak_zerbitzuPublikoak_enpleguPublikoa_18_11_08MahaiOrokorra_Enplegu-Plana.jpg 1024w, https:\/\/www.lab.eus\/wp-content\/uploads\/2018\/11\/materiala_argazkiak_zerbitzuPublikoak_enpleguPublikoa_18_11_08MahaiOrokorra_Enplegu-Plana-300x169.jpg 300w, https:\/\/www.lab.eus\/wp-content\/uploads\/2018\/11\/materiala_argazkiak_zerbitzuPublikoak_enpleguPublikoa_18_11_08MahaiOrokorra_Enplegu-Plana-768x432.jpg 768w, https:\/\/www.lab.eus\/wp-content\/uploads\/2018\/11\/materiala_argazkiak_zerbitzuPublikoak_enpleguPublikoa_18_11_08MahaiOrokorra_Enplegu-Plana-150x84.jpg 150w, https:\/\/www.lab.eus\/wp-content\/uploads\/2018\/11\/materiala_argazkiak_zerbitzuPublikoak_enpleguPublikoa_18_11_08MahaiOrokorra_Enplegu-Plana-696x392.jpg 696w, https:\/\/www.lab.eus\/wp-content\/uploads\/2018\/11\/materiala_argazkiak_zerbitzuPublikoak_enpleguPublikoa_18_11_08MahaiOrokorra_Enplegu-Plana-747x420.jpg 747w\" sizes=\"auto, (max-width: 345px) 100vw, 345px\" \/><em><span style=\"font-size: 14px; \"><\/p>\n<p> En la reuni&oacute;n de hoy de Mesa General s&oacute;lo se ha hablado de un tema, de la propuesta de jubilaci&oacute;n parcial para trabajadores y trabajadoras con contrato laboral. Aunque se lo hayamos pedido una y otra vez, el gobierno no ha puesto ning&uacute;n otro tema encima de la mesa. <br \/> <\/span><\/em><br \/> Parece que en lo que respecta al empleo en las administraciones p&uacute;blicas no detectan ning&uacute;n otor reto, y limitan el papel del sindicato a simples acuerdos t&eacute;cnicos en lugar de a la negociaci&oacute;n colectiva, esto es, para fotos de protocolo o photo-call. Clara prueba de ello es haber consensuado con la minor&iacute;a el simple traslado t&eacute;cnico de la reforma de la jubilaci&oacute;n ordenada por Madrid, ya que ni siquiera hab&iacute;a necesidad de acuerdo. LAB no ha participado en dicho acuerdo y no lo ha apoyado.<\/p>\n<p> Es sabido que el empleo en el sector p&uacute;blico se encuentra en una mala situaci&oacute;n. Estamos denunciando constamente grandes tasas de temporalidad, privatizaciones y que los recortes llevados a cabo en su d&iacute;a se perpet&uacute;en. Est&aacute; claro que el Gobierno Vasco no tienen ninguna intenci&oacute;n de dar la vuelta a la stiuaci&oacute;n, ya que no presenta ninguna planificaci&oacute;n sobre los retos que tenemos de cara al empleo. El Gobierno Vasco ha dejado claro que ha concretado el n&uacute;mero de empleos, y que negociar&aacute; esa imposici&oacute;n en los sectores.<\/p>\n<p> Un plan de empleo integral es algo que est&aacute; reivindicando LAB desde hace tiempo. Las medidas parciales no responden a las necesidades b&aacute;sicas que tiene el sector p&uacute;blico. En nuestra opini&oacute;n, hay que tener en cuenta tanto las necesidades actuales como las futuras; la temporalidad y la sustituci&oacute;n de las jubilaciones del futuro concretamente. Por ello, en ese plan de empleo habr&iacute;a que tener en cuenta al menos estos temas:<\/p>\n<p> &bull; Para acabar con la temporalidad hay que sacar todas las vacantes a convocatoria p&uacute;blica.<br \/> &bull; Hay que consensuar convocatorias de consolidaci&oacute;n.<br \/> &bull; Hay que recuperar las primas por jubilaci&oacute;n anticipada para los y las funcionarias.<br \/> &bull; Hay que ampliar el contrato de relevo a todos y todas con contrato laboral.<br \/> &bull; Las plazas de los y las trabajadoras jubiladas deben sacarse a convocatoria p&uacute;blica todos los a&ntilde;os.<br \/> &bull; Hay que crear todos los puestos de trabajo que hagan falta.<\/p>\n<p> En la reuni&oacute;n hemos propuesto nuevamente la negociaci&oacute;n de una plan integral para el empleo p&uacute;blico, y tenemos claro que el Gobierno no quiere nada as&iacute;, y que seguir&aacute; preparando e imponiendo sus medidas de forma unilateral. En LAB no estamos dispuestas a fotos o firmas&nbsp;meramente publicitarias, y tenemos claro que si buscamos una negociaci&oacute;n de verdad y que tiene contenidos, solo lo conseguiremos a trav&eacute;s de la movilizaci&oacute;n de trabajadores y trabajadoras.<\/p>\n<p> &nbsp;<\/p><\/div>\n<div style=\"width:180px; float:left; padding-left:15px;\">\n<div style=\"text-align: center; \"><a href=\"\/rssak\"><input src=\"\/materiala\/argazkiak\/feed.png\" alt=\"RSSak\" longdesc=\"undefined\" width=\"30\" type=\"image\" height=\"30\" \/><\/a><a target=\"_blank\" href=\"http:\/\/www.facebook.com\/pages\/LAB-sindikatua\/292846207397345\" rel=\"noopener noreferrer\"><input src=\"\/modules\/mod_socialmediacloud\/icons\/facebook.png\" alt=\"LAB Facebooken\" longdesc=\"undefined\" width=\"30\" type=\"image\" height=\"30\" \/><\/a><a target=\"_blank\" href=\"http:\/\/issuu.com\/lab_argitalpenak\" rel=\"noopener noreferrer\"><input src=\"\/modules\/mod_socialmediacloud\/icons\/issuu.png\" longdesc=\"undefined\" width=\"30\" type=\"image\" height=\"30\" \/><\/a><a target=\"_blank\" href=\"http:\/\/es.scribd.com\/LABsindikatua\" rel=\"noopener noreferrer\"><input src=\"\/modules\/mod_socialmediacloud\/icons\/scribd.png\" longdesc=\"undefined\" width=\"30\" type=\"image\" height=\"30\" \/><br \/> <\/a><\/div>\n<div style=\"text-align: center; \"><a target=\"_blank\" href=\"http:\/\/twitter.com\/LABsindikatua\" rel=\"noopener noreferrer\"><input src=\"\/modules\/mod_socialmediacloud\/icons\/twitter.png\" longdesc=\"undefined\" width=\"30\" type=\"image\" height=\"30\" \/><\/a><a target=\"_blank\" href=\"http:\/\/www.youtube.com\/user\/labsindikatua\" rel=\"noopener noreferrer\"><input src=\"\/modules\/mod_socialmediacloud\/icons\/youtube.png\" longdesc=\"undefined\" width=\"30\" type=\"image\" height=\"30\" \/><\/a><a target=\"_blank\" href=\"http:\/\/www.flickr.com\/photos\/lab-sindikatua\/\" rel=\"noopener noreferrer\"><input src=\"\/modules\/mod_socialmediacloud\/icons\/flickr.png\" longdesc=\"undefined\" width=\"30\" type=\"image\" height=\"30\" \/><\/a><a href=\"http:\/\/www.labsindikatua.org\/eu\/hasiera\/upload\"><input src=\"\/modules\/mod_socialmediacloud\/icons\/igo.png\" longdesc=\"undefined\" width=\"30\" type=\"image\" height=\"30\" \/><\/a><\/div>\n<p> &nbsp;<\/p><\/div>\n<div>&nbsp;<\/div>\n","protected":false},"excerpt":{"rendered":"<p>En la reuni&oacute;n de hoy de Mesa General s&oacute;lo se ha hablado de un tema, de la propuesta de jubilaci&oacute;n parcial para trabajadores y trabajadoras con contrato laboral. Aunque se lo hayamos pedido una y otra vez, el gobierno no ha puesto ning&uacute;n otro tema encima de la mesa. Parece que en lo que respecta [&hellip;]<\/p>\n","protected":false},"author":1,"featured_media":18172,"comment_status":"open","ping_status":"open","sticky":false,"template":"","format":"standard","meta":{"_monsterinsights_skip_tracking":false,"_monsterinsights_sitenote_active":false,"_monsterinsights_sitenote_note":"","_monsterinsights_sitenote_category":0,"footnotes":"","_links_to":"","_links_to_target":""},"categories":[6,2998],"tags":[],"class_list":{"0":"post-18173","1":"post","2":"type-post","3":"status-publish","4":"format-standard","5":"has-post-thumbnail","7":"category-es-servicios-publicos","8":"category-uncategorized-eu-es"},"_links":{"self":[{"href":"https:\/\/www.lab.eus\/es\/wp-json\/wp\/v2\/posts\/18173","targetHints":{"allow":["GET"]}}],"collection":[{"href":"https:\/\/www.lab.eus\/es\/wp-json\/wp\/v2\/posts"}],"about":[{"href":"https:\/\/www.lab.eus\/es\/wp-json\/wp\/v2\/types\/post"}],"author":[{"embeddable":true,"href":"https:\/\/www.lab.eus\/es\/wp-json\/wp\/v2\/users\/1"}],"replies":[{"embeddable":true,"href":"https:\/\/www.lab.eus\/es\/wp-json\/wp\/v2\/comments?post=18173"}],"version-history":[{"count":0,"href":"https:\/\/www.lab.eus\/es\/wp-json\/wp\/v2\/posts\/18173\/revisions"}],"wp:featuredmedia":[{"embeddable":true,"href":"https:\/\/www.lab.eus\/es\/wp-json\/wp\/v2\/media\/18172"}],"wp:attachment":[{"href":"https:\/\/www.lab.eus\/es\/wp-json\/wp\/v2\/media?parent=18173"}],"wp:term":[{"taxonomy":"category","embeddable":true,"href":"https:\/\/www.lab.eus\/es\/wp-json\/wp\/v2\/categories?post=18173"},{"taxonomy":"post_tag","embeddable":true,"href":"https:\/\/www.lab.eus\/es\/wp-json\/wp\/v2\/tags?post=18173"}],"curies":[{"name":"wp","href":"https:\/\/api.w.org\/{rel}","templated":true}]}}