{"id":181,"date":"2011-03-15T09:01:19","date_gmt":"2011-03-15T09:01:19","guid":{"rendered":"https:\/\/www.lab.eus\/patxi-lopez-trama-una-burda-artimana-para-vulnerar-el-principio-de-representatidad-sindical-en-los-organos-de-gobierno-de-las-cajas\/"},"modified":"2011-03-15T09:01:19","modified_gmt":"2011-03-15T09:01:19","slug":"patxi-lopez-trama-una-burda-artimana-para-vulnerar-el-principio-de-representatidad-sindical-en-los-organos-de-gobierno-de-las-cajas","status":"publish","type":"post","link":"https:\/\/www.lab.eus\/es\/patxi-lopez-trama-una-burda-artimana-para-vulnerar-el-principio-de-representatidad-sindical-en-los-organos-de-gobierno-de-las-cajas\/","title":{"rendered":"PATXI L\u00d3PEZ TRAMA UNA BURDA ARTIMA\u00d1A PARA VULNERAR EL PRINCIPIO DE REPRESENTATIDAD SINDICAL EN LOS \u00d3RGANOS DE GOBIERNO DE LAS CAJAS"},"content":{"rendered":"<p>La &uacute;ltima versi&oacute;n del Anteproyecto de Ley de Cajas de Ahorro elaborado por el Gobierno de Patxi L&oacute;pez pretende introducir unos criterios de representaci&oacute;n sectorial en los &oacute;rganos de gobierno de las cajas que resultan claramente excluyentes, antidemocr&aacute;ticos y alejados del compromiso con el territorio. <!--more-->  <br \/> Seg&uacute;n el &uacute;ltimo Anteproyecto enviado ayer mismo, en la composici&oacute;n de las asambleas generales de las cajas se dar&aacute; cabida a &quot;entidades representativas de intereses colectivos, de car&aacute;cter cient&iacute;fico, social, ben&eacute;fico, econ&oacute;mico o profesional&quot;, asign&aacute;ndoles una representaci&oacute;n del 6%. Pero el reparto de esta representaci&oacute;n del 6% no atiende a criterios democr&aacute;ticos.<\/p>\n<p> En primer lugar, los intereses patronales est&aacute;n sobre-representados ya que se asigna un 1% a CONFEBASK y otro 1% a las C&aacute;maras de Comercio. Y por otro lado, se asigna un 1% a &quot;las organizaciones y confederaciones sindicales representadas en el Consejo Econ&oacute;mico y Social&quot;.<\/p>\n<p> El sindicato LAB quiere denunciar esta burda maniobra, urdida por el Gobierno de Patxi L&oacute;pez con el &uacute;nico objetivo de profundizar en la estrategia de usurpaci&oacute;n ileg&iacute;tima de la representaci&oacute;n sindical. En esta ocasi&oacute;n afecta a la composici&oacute;n de los &oacute;rganos de gobierno de las Cajas de Ahorros; pero es evidente que el gobierno del PSE intenta extender diferentes mecanismos para validar los acuerdos alcanzados con la minor&iacute;a sindical, concediendo as&iacute; al sindicalismo pactista y de acompa&ntilde;amiento el monopolio de la representaci&oacute;n sindical en recompensa por los favores prestados.<\/p>\n<p> En este sentido, LAB quiere subrayar que su legitimidad y su capacidad representativa emanan directamente del refrendo democr&aacute;tico obtenido en los procesos de elecciones sindicales, y no de su presencia (o ausencia) en cualquier otro organismo consultivo o de participaci&oacute;n social.<\/p>\n<p> Por otro lado, tambi&eacute;n queremos denunciar el prop&oacute;sito de potenciar la representaci&oacute;n de municipios e impositores de fuera de esta Comunidad. Un evidente intento de alejar el control de la Caja y de su compromiso con el territorio donde se crearon y que es una de sus principales se&ntilde;as de identidad. Se suprimen todas las ponderaciones en funci&oacute;n al n&uacute;mero de oficinas que tengan los municipios, que contempla la Ley en vigor, y se adopta como criterio el &quot;saldo de los dep&oacute;sitos&quot; de la clientela. Parece que les importa mucho la cantidad del dinero de la clientela para favorecer su presencia en la asamblea, mientras adem&aacute;s disminuyen la representaci&oacute;n territorial. Inaceptable.<\/p>\n<p> Por todo ello, exigimos al Gobierno de Lakua que corrija estas deficiencias y discriminaciones. Lo contrario supondr&iacute;a una grave vulneraci&oacute;n del principio de representatividad sindical y una traici&oacute;n a los objetivos fundacionales de las cajas.<\/p>\n<p> Adem&aacute;s, ratificamos nuestro compromiso contra esta nueva imposici&oacute;n y volvemos a hacer un llamamiento a defender las Cajas vascas, su Modelo Social e impedir que esa nueva Ley que pretenden imponernos tengan su traslado a las Cajas. La eventual aprobaci&oacute;n de este proyecto de ley en el Parlamento de Gasteiz &uacute;nicamente ser&aacute; posible en base al actual apartheid pol&iacute;tico, sumido en una situaci&oacute;n anormal y antidemocr&aacute;tica que no representa la voluntad de la ciudadan&iacute;a, y debe tener su repuesta contundente en las asambleas de cada Caja.<\/p>\n<p> <strong>Euskal Herria, 15 de marzo de 2011&nbsp;<\/strong><\/p>\n","protected":false},"excerpt":{"rendered":"<p>La &uacute;ltima versi&oacute;n del Anteproyecto de Ley de Cajas de Ahorro elaborado por el Gobierno de Patxi L&oacute;pez pretende introducir unos criterios de representaci&oacute;n sectorial en los &oacute;rganos de gobierno de las cajas que resultan claramente excluyentes, antidemocr&aacute;ticos y alejados del compromiso con el territorio.<\/p>\n","protected":false},"author":1,"featured_media":0,"comment_status":"open","ping_status":"open","sticky":false,"template":"","format":"standard","meta":{"_monsterinsights_skip_tracking":false,"_monsterinsights_sitenote_active":false,"_monsterinsights_sitenote_note":"","_monsterinsights_sitenote_category":0,"footnotes":"","_links_to":"","_links_to_target":""},"categories":[72],"tags":[],"class_list":{"0":"post-181","1":"post","2":"type-post","3":"status-publish","4":"format-standard","6":"category-aurrezki-kutxak"},"_links":{"self":[{"href":"https:\/\/www.lab.eus\/es\/wp-json\/wp\/v2\/posts\/181","targetHints":{"allow":["GET"]}}],"collection":[{"href":"https:\/\/www.lab.eus\/es\/wp-json\/wp\/v2\/posts"}],"about":[{"href":"https:\/\/www.lab.eus\/es\/wp-json\/wp\/v2\/types\/post"}],"author":[{"embeddable":true,"href":"https:\/\/www.lab.eus\/es\/wp-json\/wp\/v2\/users\/1"}],"replies":[{"embeddable":true,"href":"https:\/\/www.lab.eus\/es\/wp-json\/wp\/v2\/comments?post=181"}],"version-history":[{"count":0,"href":"https:\/\/www.lab.eus\/es\/wp-json\/wp\/v2\/posts\/181\/revisions"}],"wp:attachment":[{"href":"https:\/\/www.lab.eus\/es\/wp-json\/wp\/v2\/media?parent=181"}],"wp:term":[{"taxonomy":"category","embeddable":true,"href":"https:\/\/www.lab.eus\/es\/wp-json\/wp\/v2\/categories?post=181"},{"taxonomy":"post_tag","embeddable":true,"href":"https:\/\/www.lab.eus\/es\/wp-json\/wp\/v2\/tags?post=181"}],"curies":[{"name":"wp","href":"https:\/\/api.w.org\/{rel}","templated":true}]}}