{"id":18025,"date":"2018-10-15T14:19:19","date_gmt":"2018-10-15T14:19:19","guid":{"rendered":"https:\/\/www.lab.eus\/hemos-explicado-nuestra-negativa-al-acuerdo-sobre-educacion-en-la-comparecencia-de-la-comision-de-educacion-del-parlamento-de-la-cav\/"},"modified":"2018-10-15T14:19:19","modified_gmt":"2018-10-15T14:19:19","slug":"hemos-explicado-nuestra-negativa-al-acuerdo-sobre-educacion-en-la-comparecencia-de-la-comision-de-educacion-del-parlamento-de-la-cav","status":"publish","type":"post","link":"https:\/\/www.lab.eus\/es\/hemos-explicado-nuestra-negativa-al-acuerdo-sobre-educacion-en-la-comparecencia-de-la-comision-de-educacion-del-parlamento-de-la-cav\/","title":{"rendered":"Hemos explicado nuestra negativa al acuerdo sobre educaci\u00f3n en la comparecencia de la comisi\u00f3n de educaci\u00f3n del Parlamento de la CAV"},"content":{"rendered":"<div style=\"padding-right:15px;width:345px; float:left; border-right-style:solid; border-right-width:1px; border-right-color:#dddddd\"><em><span style=\"font-size: 14px; \">En nuestra opinion, la CAV necesita una nueva ley de educaci&oacute;n. Aunque estemos de acuerdo con eso, la nueva ley deber&iacute;a contar con el apoyo de la comunidad educativa y, hoy por hoy, tanto padres y madres, alumnado y trabajadores y trabajadoras estamos en contra. Por lo tanto, el punto de partida que se ha marcado no cuenta con una base s&oacute;lida. Adem&aacute;s, est&aacute; planteado en el marco actual, sin plantear ning&uacute;n salto y estando pensada para encajar en la ley espa&ntilde;ola. Por nuestra parte, apostamos por una ley soberana para responder a los retos sociales y nacionales que tenemos como pa&iacute;s, sin ning&uacute;n tipo de injerencia, construyendo la nuestra de forma propia y haci&eacute;ndonos con todas las competencias en material de educaci&oacute;n. Poniendo en pr&aacute;ctica lo aprobado en la ponencia de autogobierno y consiguiendo todas las competencias educativas, para construir una ley propia.<\/p>\n<p> <\/span><\/em>Por lo tanto, LAB no apoya el acuerdo sobre educaci&oacute;n. Razonamos nuestra negativa a la misma bas&aacute;ndonos en estas 6 ideas principals: la metodolog&iacute;a utilizada (ha sido un proceso realizado a medida del Gobierno Vasco, el Consejo Escolar ha querido conseguir la resoluci&oacute;n de prisa y casi sin dejar tiempo para la reflexi&oacute;n, aunque las cinco bases propuestas (Modernizaci&oacute;n, Convivencia. Lenguas, Evaluaci&oacute;n y Autonom&iacute;a) sean interesantes, se presentan de forma excesivamente general.<\/p>\n<p> Adem&aacute;s, son contradictorias y demasiado autocomplacientes. No garantizan ni la modernizaci&oacute;n, ni la convivencia, la recuperaci&oacute;n del euskara ni dar pasos cualitativos en torno a la evaluaci&oacute;n educativa y la autonom&iacute;a. Adem&aacute;s, en nuestra opinion tambi&eacute;n hacen falta otras bases: curriculum vasco, coeducaci&oacute;n, financiaci&oacute;n y modelo de sector public. En lo que respecta a los recursos, se est&aacute; dirigiendo a personas de rentas bajas a centros determinados. As&iacute;, se est&aacute;n extendiendo procesos de segregaci&oacute;n en funci&oacute;n de la renta o el origen. Tambi&eacute;n se est&aacute;n multiplicando procesos de segregaci&oacute;n en funci&oacute;n del sexo, el idioma o la religion. En nuestra opinion, hay que supercar todos los tipos de segregaci&oacute;n dando prioridad a la igualdad de oportunidades.<\/p>\n<p> Hemos realizado docenas de propuestas para garantizar la igualdad de oportunidades y la inclusion y todas han sido rechazadas. Adem&aacute;s de propuestas pedag&oacute;gicas, tambi&eacute;n hemos realizado econ&oacute;micas, ya que para transformar el sistema educativo es necesario incrementar la inversion. Si profundizamos en autonom&iacute;a y participaci&oacute;n, creemos que la autocr&iacute;tica realizada por el Gobierno Vasco va por el buen camino. Sin embargo, vemos con buenos ojos otorgar m&aacute;s autonom&iacute;a a los centros. Para finalizar, y en lo que respecta a la soberan&iacute;a, creemos que la&nbsp;propuesta est&aacute; pensada en la legislaci&oacute;n espa&ntilde;ola. Recordemos que m&aacute;s del 55% de competencias en materia educativa nos vienen impuestas desde Madrid. El consejo escolar ha recahazado una enmienda muy simple: que la Nueva Ley consensuada por el Gobierno Vasco con la Comunidad Educativa debe ser respetada por Espa&ntilde;a. Por lo tanto, el Consejo Escolar no quiere expresar de forma clara, ante las imposiciones del Estado espa&ntilde;ol, que la Ley de Educaci&oacute;n del futuro debe ser decidida aqu&iacute;.<\/p>\n<p> LAB ha realizado numerosas aportaciones y propuestas desde el inicio del pacto de educaci&oacute;n. Hemos trabajado el asunto con total seriedad y compromiso y hemos dedicado muchos recursos humanos y materiales al proceso, pero lo que hemos recibido a cambio es muy preocupante; el Gobierno Vasco al principio y el Consejo Escolar de Euskadi, posteriormente, no han tenido en cuenta ninguna de nuestras aportaciones a lo largo del proceso. Siendo esto as&iacute;, no hemos tenido m&aacute;s remedio que posicionarnos en contra del dictamen del Consejo Escolar de Euskadi. No existe otra alternativa que seguir luchando con determinaci&oacute;n con el fin de tejer un sistema de educaci&oacute;n propio y soberano.<br \/> &nbsp;<\/div>\n<div style=\"width:180px; float:left; padding-left:15px;\">\n<div style=\"text-align: center; \"><a href=\"\/rssak\"><input src=\"\/materiala\/argazkiak\/feed.png\" alt=\"RSSak\" longdesc=\"undefined\" width=\"30\" type=\"image\" height=\"30\" \/><\/a><a target=\"_blank\" href=\"http:\/\/www.facebook.com\/pages\/LAB-sindikatua\/292846207397345\" rel=\"noopener noreferrer\"><input src=\"\/modules\/mod_socialmediacloud\/icons\/facebook.png\" alt=\"LAB Facebooken\" longdesc=\"undefined\" width=\"30\" type=\"image\" height=\"30\" \/><\/a><a target=\"_blank\" href=\"http:\/\/issuu.com\/lab_argitalpenak\" rel=\"noopener noreferrer\"><input src=\"\/modules\/mod_socialmediacloud\/icons\/issuu.png\" longdesc=\"undefined\" width=\"30\" type=\"image\" height=\"30\" \/><\/a><a target=\"_blank\" href=\"http:\/\/es.scribd.com\/LABsindikatua\" rel=\"noopener noreferrer\"><input src=\"\/modules\/mod_socialmediacloud\/icons\/scribd.png\" longdesc=\"undefined\" width=\"30\" type=\"image\" height=\"30\" \/><br \/> <\/a><\/div>\n<div style=\"text-align: center; \"><a target=\"_blank\" href=\"http:\/\/twitter.com\/LABsindikatua\" rel=\"noopener noreferrer\"><input src=\"\/modules\/mod_socialmediacloud\/icons\/twitter.png\" longdesc=\"undefined\" width=\"30\" type=\"image\" height=\"30\" \/><\/a><a target=\"_blank\" href=\"http:\/\/www.youtube.com\/user\/labsindikatua\" rel=\"noopener noreferrer\"><input src=\"\/modules\/mod_socialmediacloud\/icons\/youtube.png\" longdesc=\"undefined\" width=\"30\" type=\"image\" height=\"30\" \/><\/a><a target=\"_blank\" href=\"http:\/\/www.flickr.com\/photos\/lab-sindikatua\/\" rel=\"noopener noreferrer\"><input src=\"\/modules\/mod_socialmediacloud\/icons\/flickr.png\" longdesc=\"undefined\" width=\"30\" type=\"image\" height=\"30\" \/><\/a><a href=\"http:\/\/www.labsindikatua.org\/eu\/hasiera\/upload\"><input src=\"\/modules\/mod_socialmediacloud\/icons\/igo.png\" longdesc=\"undefined\" width=\"30\" type=\"image\" height=\"30\" \/><\/a><\/div>\n<p> &nbsp;<\/p><\/div>\n<div>&nbsp;<\/div>\n","protected":false},"excerpt":{"rendered":"<p>En nuestra opinion, la CAV necesita una nueva ley de educaci&oacute;n. Aunque estemos de acuerdo con eso, la nueva ley deber&iacute;a contar con el apoyo de la comunidad educativa y, hoy por hoy, tanto padres y madres, alumnado y trabajadores y trabajadoras estamos en contra. Por lo tanto, el punto de partida que se ha [&hellip;]<\/p>\n","protected":false},"author":1,"featured_media":0,"comment_status":"open","ping_status":"open","sticky":false,"template":"","format":"standard","meta":{"_monsterinsights_skip_tracking":false,"_monsterinsights_sitenote_active":false,"_monsterinsights_sitenote_note":"","_monsterinsights_sitenote_category":0,"footnotes":"","_links_to":"","_links_to_target":""},"categories":[2990,2998],"tags":[],"class_list":{"0":"post-18025","1":"post","2":"type-post","3":"status-publish","4":"format-standard","6":"category-educacion","7":"category-uncategorized-eu-es"},"_links":{"self":[{"href":"https:\/\/www.lab.eus\/es\/wp-json\/wp\/v2\/posts\/18025","targetHints":{"allow":["GET"]}}],"collection":[{"href":"https:\/\/www.lab.eus\/es\/wp-json\/wp\/v2\/posts"}],"about":[{"href":"https:\/\/www.lab.eus\/es\/wp-json\/wp\/v2\/types\/post"}],"author":[{"embeddable":true,"href":"https:\/\/www.lab.eus\/es\/wp-json\/wp\/v2\/users\/1"}],"replies":[{"embeddable":true,"href":"https:\/\/www.lab.eus\/es\/wp-json\/wp\/v2\/comments?post=18025"}],"version-history":[{"count":0,"href":"https:\/\/www.lab.eus\/es\/wp-json\/wp\/v2\/posts\/18025\/revisions"}],"wp:attachment":[{"href":"https:\/\/www.lab.eus\/es\/wp-json\/wp\/v2\/media?parent=18025"}],"wp:term":[{"taxonomy":"category","embeddable":true,"href":"https:\/\/www.lab.eus\/es\/wp-json\/wp\/v2\/categories?post=18025"},{"taxonomy":"post_tag","embeddable":true,"href":"https:\/\/www.lab.eus\/es\/wp-json\/wp\/v2\/tags?post=18025"}],"curies":[{"name":"wp","href":"https:\/\/api.w.org\/{rel}","templated":true}]}}