{"id":17895,"date":"2018-09-27T13:00:12","date_gmt":"2018-09-27T13:00:12","guid":{"rendered":"https:\/\/www.lab.eus\/llamamos-a-seguir-con-las-movilizaciones-por-una-pension-minima-de-1-080-euros-y-un-sistema-propio-de-proteccion-y-seguridad-social\/"},"modified":"2018-09-27T13:00:12","modified_gmt":"2018-09-27T13:00:12","slug":"llamamos-a-seguir-con-las-movilizaciones-por-una-pension-minima-de-1-080-euros-y-un-sistema-propio-de-proteccion-y-seguridad-social","status":"publish","type":"post","link":"https:\/\/www.lab.eus\/es\/llamamos-a-seguir-con-las-movilizaciones-por-una-pension-minima-de-1-080-euros-y-un-sistema-propio-de-proteccion-y-seguridad-social\/","title":{"rendered":"Llamamos a seguir con las movilizaciones por una pensi\u00f3n m\u00ednima de 1.080 euros y un Sistema Propio de Protecci\u00f3n y Seguridad Social"},"content":{"rendered":"<div style=\"padding-right:15px;width:345px; float:left; border-right-style:solid; border-right-width:1px; border-right-color:#dddddd\"><em><span style=\"font-size: 14px; \">A la espera de que se concrete lo acordado en el Pacto de Toledo, pues al parecer hay mucha ambig&uuml;edad en lo aprobado, hay que resaltar que el movimiento es fruto de la presi&oacute;n y movilizaciones de pensionistas. Garantizar el IPC sigue siendo uno de los objetivos, no el &uacute;nico.<\/p>\n<p> <\/span><\/em>Todav&iacute;a quedan por conseguir reivindicaciones importantes de los y las pensionistas vascas. Cuestiones como los 1.080 euros de pensi&oacute;n m&iacute;nima, la brecha que sufren las pensiones de las mujeres o un Sistema Propio de Protecci&oacute;n y Seguridad Social para Euskal Herria que garantice ahora y en el futuro las pensiones p&uacute;blicas. Estos siguen siendo retos para los y las pensionistas que LAB tambi&eacute;n defiende, por lo que animamos a seguir moviliz&aacute;ndose hasta conseguirlos, empezando por el pr&oacute;ximo 1 de octubre, D&iacute;a Internacional de las Personas Mayores.<br \/> &nbsp;<\/div>\n<div style=\"width:180px; float:left; padding-left:15px;\">\n<div style=\"text-align: center; \"><a href=\"\/rssak\"><input src=\"\/materiala\/argazkiak\/feed.png\" alt=\"RSSak\" longdesc=\"undefined\" width=\"30\" type=\"image\" height=\"30\" \/><\/a><a target=\"_blank\" href=\"http:\/\/www.facebook.com\/pages\/LAB-sindikatua\/292846207397345\" rel=\"noopener noreferrer\"><input src=\"\/modules\/mod_socialmediacloud\/icons\/facebook.png\" alt=\"LAB Facebooken\" longdesc=\"undefined\" width=\"30\" type=\"image\" height=\"30\" \/><\/a><a target=\"_blank\" href=\"http:\/\/issuu.com\/lab_argitalpenak\" rel=\"noopener noreferrer\"><input src=\"\/modules\/mod_socialmediacloud\/icons\/issuu.png\" longdesc=\"undefined\" width=\"30\" type=\"image\" height=\"30\" \/><\/a><a target=\"_blank\" href=\"http:\/\/es.scribd.com\/LABsindikatua\" rel=\"noopener noreferrer\"><input src=\"\/modules\/mod_socialmediacloud\/icons\/scribd.png\" longdesc=\"undefined\" width=\"30\" type=\"image\" height=\"30\" \/><br \/> <\/a><\/div>\n<div style=\"text-align: center; \"><a target=\"_blank\" href=\"http:\/\/twitter.com\/LABsindikatua\" rel=\"noopener noreferrer\"><input src=\"\/modules\/mod_socialmediacloud\/icons\/twitter.png\" longdesc=\"undefined\" width=\"30\" type=\"image\" height=\"30\" \/><\/a><a target=\"_blank\" href=\"http:\/\/www.youtube.com\/user\/labsindikatua\" rel=\"noopener noreferrer\"><input src=\"\/modules\/mod_socialmediacloud\/icons\/youtube.png\" longdesc=\"undefined\" width=\"30\" type=\"image\" height=\"30\" \/><\/a><a target=\"_blank\" href=\"http:\/\/www.flickr.com\/photos\/lab-sindikatua\/\" rel=\"noopener noreferrer\"><input src=\"\/modules\/mod_socialmediacloud\/icons\/flickr.png\" longdesc=\"undefined\" width=\"30\" type=\"image\" height=\"30\" \/><\/a><a href=\"http:\/\/www.labsindikatua.org\/eu\/hasiera\/upload\"><input src=\"\/modules\/mod_socialmediacloud\/icons\/igo.png\" longdesc=\"undefined\" width=\"30\" type=\"image\" height=\"30\" \/><\/a><\/div>\n<p> &nbsp;<\/p><\/div>\n<div>&nbsp;<\/div>\n","protected":false},"excerpt":{"rendered":"<p>A la espera de que se concrete lo acordado en el Pacto de Toledo, pues al parecer hay mucha ambig&uuml;edad en lo aprobado, hay que resaltar que el movimiento es fruto de la presi&oacute;n y movilizaciones de pensionistas. Garantizar el IPC sigue siendo uno de los objetivos, no el &uacute;nico. Todav&iacute;a quedan por conseguir reivindicaciones [&hellip;]<\/p>\n","protected":false},"author":1,"featured_media":0,"comment_status":"open","ping_status":"open","sticky":false,"template":"","format":"standard","meta":{"_monsterinsights_skip_tracking":false,"_monsterinsights_sitenote_active":false,"_monsterinsights_sitenote_note":"","_monsterinsights_sitenote_category":0,"footnotes":"","_links_to":"","_links_to_target":""},"categories":[22,2998],"tags":[3202],"class_list":{"0":"post-17895","1":"post","2":"type-post","3":"status-publish","4":"format-standard","6":"category-es-pensionistas","7":"category-uncategorized-eu-es","8":"tag-pensiones"},"_links":{"self":[{"href":"https:\/\/www.lab.eus\/es\/wp-json\/wp\/v2\/posts\/17895","targetHints":{"allow":["GET"]}}],"collection":[{"href":"https:\/\/www.lab.eus\/es\/wp-json\/wp\/v2\/posts"}],"about":[{"href":"https:\/\/www.lab.eus\/es\/wp-json\/wp\/v2\/types\/post"}],"author":[{"embeddable":true,"href":"https:\/\/www.lab.eus\/es\/wp-json\/wp\/v2\/users\/1"}],"replies":[{"embeddable":true,"href":"https:\/\/www.lab.eus\/es\/wp-json\/wp\/v2\/comments?post=17895"}],"version-history":[{"count":0,"href":"https:\/\/www.lab.eus\/es\/wp-json\/wp\/v2\/posts\/17895\/revisions"}],"wp:attachment":[{"href":"https:\/\/www.lab.eus\/es\/wp-json\/wp\/v2\/media?parent=17895"}],"wp:term":[{"taxonomy":"category","embeddable":true,"href":"https:\/\/www.lab.eus\/es\/wp-json\/wp\/v2\/categories?post=17895"},{"taxonomy":"post_tag","embeddable":true,"href":"https:\/\/www.lab.eus\/es\/wp-json\/wp\/v2\/tags?post=17895"}],"curies":[{"name":"wp","href":"https:\/\/api.w.org\/{rel}","templated":true}]}}