{"id":17677,"date":"2018-07-26T09:28:21","date_gmt":"2018-07-26T09:28:21","guid":{"rendered":"https:\/\/www.lab.eus\/mas-alla-del-marketing-exigimos-una-politica-industrial-real\/"},"modified":"2018-07-26T09:28:21","modified_gmt":"2018-07-26T09:28:21","slug":"mas-alla-del-marketing-exigimos-una-politica-industrial-real","status":"publish","type":"post","link":"https:\/\/www.lab.eus\/es\/mas-alla-del-marketing-exigimos-una-politica-industrial-real\/","title":{"rendered":"M\u00e1s all\u00e1 del marketing, exigimos una pol\u00edtica industrial real"},"content":{"rendered":"<p> <\/p>\n<div style=\"padding-right:15px;width:345px; float:left; border-right-style:solid; border-right-width:1px; border-right-color:#dddddd\"><img loading=\"lazy\" decoding=\"async\" class=\" size-full wp-image-17676\" src=\"https:\/\/www.lab.eus\/wp-content\/uploads\/2018\/07\/materiala_argazkiak_industria_federazioa_18_07_26Bizkaia_Industria.JPG\" width=\"345\" height=\"168\" alt=\"\" srcset=\"https:\/\/www.lab.eus\/wp-content\/uploads\/2018\/07\/materiala_argazkiak_industria_federazioa_18_07_26Bizkaia_Industria.JPG 1024w, https:\/\/www.lab.eus\/wp-content\/uploads\/2018\/07\/materiala_argazkiak_industria_federazioa_18_07_26Bizkaia_Industria-300x146.jpg 300w, https:\/\/www.lab.eus\/wp-content\/uploads\/2018\/07\/materiala_argazkiak_industria_federazioa_18_07_26Bizkaia_Industria-768x374.jpg 768w, https:\/\/www.lab.eus\/wp-content\/uploads\/2018\/07\/materiala_argazkiak_industria_federazioa_18_07_26Bizkaia_Industria-150x73.jpg 150w, https:\/\/www.lab.eus\/wp-content\/uploads\/2018\/07\/materiala_argazkiak_industria_federazioa_18_07_26Bizkaia_Industria-696x339.jpg 696w, https:\/\/www.lab.eus\/wp-content\/uploads\/2018\/07\/materiala_argazkiak_industria_federazioa_18_07_26Bizkaia_Industria-862x420.jpg 862w, https:\/\/www.lab.eus\/wp-content\/uploads\/2018\/07\/materiala_argazkiak_industria_federazioa_18_07_26Bizkaia_Industria-533x261.jpg 533w\" sizes=\"auto, (max-width: 345px) 100vw, 345px\" \/><em><span style=\"font-size: 14px; \"><\/p>\n<p> Hoy, 26 de julio, mientras el Gobierno Vasco realizaba una reuni&oacute;n de la denominada  Comisi&oacute;n de competitividad industrial, a iniciativa de LAB trabajadores y trabajadoras de 4 empresas que actualmente se hallan en situaci&oacute;n de peligro con cierres, despidos o p&eacute;rdida de derechos laborales (Tubos Reunidos, Cables y Alambres, Foseco, Odi Bakar) se han concentrado frente a &eacute;ste para denunciar su situaci&oacute;n y exigir que tome medidas para una pol&iacute;tica industrial real.<\/p>\n<p> <\/span><\/em>Frente al marketing y los mensajes tranquilizadores que el Gobierno Vasco quiere trasladar a la sociedad, LAB le ha opuesto la verdadera cara de lo que hoy d&iacute;a sigue sucedi&eacute;ndose con frecuencia en las empresas industriales de Euskal Herria. Cierres, despidos, amenazas, p&eacute;rdida de derechos, deslocalizaciones&#8230; no son cosas del pasado, tampoco fruto de la naturaleza. Tienen causas diferentes, pero un denominador com&uacute;n: la falta de una pol&iacute;tica industrial y de pa&iacute;s. <\/p>\n<p> LAB quiere denunciar que el Gobierno Vasco, m&aacute;s all&aacute; del marketing, no ha acordado con los agentes pol&iacute;ticos, sociales y sindicales el plan industrial. No hay ninguna medida que frene las deslocalizaciones, ventas o escisiones de empresas. No hay ninguna medida concreta ni ninguna actitud activa del Gobierno Vasco para reducir la precariedad. Por el contrario, brinda todo su apoyo a Confebask, mientras el Gobierno Vasco se niega a recibir a LAB para hablar de la compra de la empresa GKN por el fondo de inversiones Melrose o para tratar acerca de la reestructuraci&oacute;n que plantea de los centros tecn&oacute;logicos de Euskadi&#8230;<\/p>\n<p> LAB le exige menos propaganda, y m&aacute;s pol&iacute;tica industrial. <\/p>\n<p> &nbsp;<\/p><\/div>\n<div style=\"width:180px; float:left; padding-left:15px;\">\n<div style=\"text-align: center; \"><a href=\"\/rssak\"><input src=\"\/materiala\/argazkiak\/feed.png\" alt=\"RSSak\" longdesc=\"undefined\" width=\"30\" type=\"image\" height=\"30\" \/><\/a><a target=\"_blank\" href=\"http:\/\/www.facebook.com\/pages\/LAB-sindikatua\/292846207397345\" rel=\"noopener noreferrer\"><input src=\"\/modules\/mod_socialmediacloud\/icons\/facebook.png\" alt=\"LAB Facebooken\" longdesc=\"undefined\" width=\"30\" type=\"image\" height=\"30\" \/><\/a><a target=\"_blank\" href=\"http:\/\/issuu.com\/lab_argitalpenak\" rel=\"noopener noreferrer\"><input src=\"\/modules\/mod_socialmediacloud\/icons\/issuu.png\" longdesc=\"undefined\" width=\"30\" type=\"image\" height=\"30\" \/><\/a><a target=\"_blank\" href=\"http:\/\/es.scribd.com\/LABsindikatua\" rel=\"noopener noreferrer\"><input src=\"\/modules\/mod_socialmediacloud\/icons\/scribd.png\" longdesc=\"undefined\" width=\"30\" type=\"image\" height=\"30\" \/><br \/> <\/a><\/div>\n<div style=\"text-align: center; \"><a target=\"_blank\" href=\"http:\/\/twitter.com\/LABsindikatua\" rel=\"noopener noreferrer\"><input src=\"\/modules\/mod_socialmediacloud\/icons\/twitter.png\" longdesc=\"undefined\" width=\"30\" type=\"image\" height=\"30\" \/><\/a><a target=\"_blank\" href=\"http:\/\/www.youtube.com\/user\/labsindikatua\" rel=\"noopener noreferrer\"><input src=\"\/modules\/mod_socialmediacloud\/icons\/youtube.png\" longdesc=\"undefined\" width=\"30\" type=\"image\" height=\"30\" \/><\/a><a target=\"_blank\" href=\"http:\/\/www.flickr.com\/photos\/lab-sindikatua\/\" rel=\"noopener noreferrer\"><input src=\"\/modules\/mod_socialmediacloud\/icons\/flickr.png\" longdesc=\"undefined\" width=\"30\" type=\"image\" height=\"30\" \/><\/a><a href=\"http:\/\/www.labsindikatua.org\/eu\/hasiera\/upload\"><input src=\"\/modules\/mod_socialmediacloud\/icons\/igo.png\" longdesc=\"undefined\" width=\"30\" type=\"image\" height=\"30\" \/><\/a><\/div>\n<p> &nbsp;<\/p><\/div>\n<div>&nbsp;<\/div>\n","protected":false},"excerpt":{"rendered":"<p>Hoy, 26 de julio, mientras el Gobierno Vasco realizaba una reuni&oacute;n de la denominada Comisi&oacute;n de competitividad industrial, a iniciativa de LAB trabajadores y trabajadoras de 4 empresas que actualmente se hallan en situaci&oacute;n de peligro con cierres, despidos o p&eacute;rdida de derechos laborales (Tubos Reunidos, Cables y Alambres, Foseco, Odi Bakar) se han concentrado [&hellip;]<\/p>\n","protected":false},"author":1,"featured_media":17676,"comment_status":"open","ping_status":"open","sticky":false,"template":"","format":"standard","meta":{"_monsterinsights_skip_tracking":false,"_monsterinsights_sitenote_active":false,"_monsterinsights_sitenote_note":"","_monsterinsights_sitenote_category":0,"footnotes":"","_links_to":"","_links_to_target":""},"categories":[2933,2998],"tags":[3066,2996],"class_list":{"0":"post-17677","1":"post","2":"type-post","3":"status-publish","4":"format-standard","5":"has-post-thumbnail","7":"category-federaciones-es","8":"category-uncategorized-eu-es","9":"tag-federaciones-es","10":"tag-industria-es"},"_links":{"self":[{"href":"https:\/\/www.lab.eus\/es\/wp-json\/wp\/v2\/posts\/17677","targetHints":{"allow":["GET"]}}],"collection":[{"href":"https:\/\/www.lab.eus\/es\/wp-json\/wp\/v2\/posts"}],"about":[{"href":"https:\/\/www.lab.eus\/es\/wp-json\/wp\/v2\/types\/post"}],"author":[{"embeddable":true,"href":"https:\/\/www.lab.eus\/es\/wp-json\/wp\/v2\/users\/1"}],"replies":[{"embeddable":true,"href":"https:\/\/www.lab.eus\/es\/wp-json\/wp\/v2\/comments?post=17677"}],"version-history":[{"count":0,"href":"https:\/\/www.lab.eus\/es\/wp-json\/wp\/v2\/posts\/17677\/revisions"}],"wp:featuredmedia":[{"embeddable":true,"href":"https:\/\/www.lab.eus\/es\/wp-json\/wp\/v2\/media\/17676"}],"wp:attachment":[{"href":"https:\/\/www.lab.eus\/es\/wp-json\/wp\/v2\/media?parent=17677"}],"wp:term":[{"taxonomy":"category","embeddable":true,"href":"https:\/\/www.lab.eus\/es\/wp-json\/wp\/v2\/categories?post=17677"},{"taxonomy":"post_tag","embeddable":true,"href":"https:\/\/www.lab.eus\/es\/wp-json\/wp\/v2\/tags?post=17677"}],"curies":[{"name":"wp","href":"https:\/\/api.w.org\/{rel}","templated":true}]}}