{"id":17662,"date":"2018-07-24T12:20:07","date_gmt":"2018-07-24T12:20:07","guid":{"rendered":"https:\/\/www.lab.eus\/pediremos-una-reunion-de-urgencia-con-el-departamento-de-educacion-para-exigir-aclaraciones-sobre-lo-ocurrido-en-la-ultima-ope\/"},"modified":"2018-07-24T12:20:07","modified_gmt":"2018-07-24T12:20:07","slug":"pediremos-una-reunion-de-urgencia-con-el-departamento-de-educacion-para-exigir-aclaraciones-sobre-lo-ocurrido-en-la-ultima-ope","status":"publish","type":"post","link":"https:\/\/www.lab.eus\/es\/pediremos-una-reunion-de-urgencia-con-el-departamento-de-educacion-para-exigir-aclaraciones-sobre-lo-ocurrido-en-la-ultima-ope\/","title":{"rendered":"Pediremos una reuni\u00f3n de urgencia con el Departamento de Educaci\u00f3n para exigir aclaraciones sobre lo ocurrido en la \u00faltima OPE"},"content":{"rendered":"<div style=\"padding-right:15px;width:345px; float:left; border-right-style:solid; border-right-width:1px; border-right-color:#dddddd\"><em><span style=\"font-size: 14px; \">Lo que est&aacute; ocurriendo en diversos sitios con las oposiciones de Educaci&oacute;n no es nuevo. Sin embargo, las cifras que ha arrojado la &uacute;ltima OPE de Secundaria y Formaci&oacute;n Profesional han confirmado la necesidad urgente de un cambio de modelo.<\/p>\n<p> <\/span><\/em>Una gran cantidad de las personas aspirantes, m&aacute;s de la mitad, no ha superado la primera fase (en algunas especialidades se ha dado el caso de que el porcentaje de suspensos en la primera fase ha superado el 80%) y no han tenido ocasi&oacute;n de pasar a la defensa oral de la programaci&oacute;n did&aacute;ctica. Por lo tanto, se va a quedar alrededor de un 30% de las plazas sin cubrir y cientos de profesores y profesoras ver&aacute;n c&oacute;mo tendr&aacute;n que seguir desempe&ntilde;ando su trabajo sin consolidar su puesto.<\/p>\n<p> En LAB tenemos claro que este modelo de oposici&oacute;n no es el adecuado para escoger al profesorado m&aacute;s cualificado. Llevamos mucho tiempo reivindicando un formato propio que propicie una estabilizaci&oacute;n efectiva y eficiente y haciendo frente al modelo de oposiciones impuesto desde Madrid. Los siguientes puntos son muy importantes:<\/p>\n<p> &bull; La prueba escrita es eliminatoria y el factor meramente memor&iacute;stico tienen un peso excesivo.<\/p>\n<p> &bull; Es necesario renovar los temarios (la mayor&iacute;a son de nivel estatal y de la decada de los 90) y publicarlos en euskara. <\/p>\n<p> &bull; Publicar los criterios de evaluaci&oacute;n y calificaci&oacute;n con anterioridad a las pruebas. <\/p>\n<p> &bull; Activar el derecho a revisar el examen en cuanto se haga la reclamaci&oacute;n.<\/p>\n<p> &bull; Mejorar las condiciones en el desempe&ntilde;o del tribunal: exceso de horas, urgencia en la tiempos&#8230;<\/p>\n<p> &bull; Anunciar e iniciar los procesos con m&aacute;s margen de tiempo.<\/p>\n<p> Tambi&eacute;n queremos tener presentes a todas esa personas que, tras el bloqueo parlamentario de la lista &uacute;nica, han tenido que hacer el examen de su especialidad por partida doble para poder estar en las listas de euskara y castellano. Nos parece lamentable el cinismo de los que adujeron que esas personas tendr&iacute;an el doble de oportunidades y que nos encontremos ahora con que lo que han sufrido ha sido un doble fraude. Conocer los dos idiomas oficiales de esta comunidad sigue siendo un motivo de castigo en Educaci&oacute;n, en vez de suponer un valor a&ntilde;adido.<\/p>\n<p> Por todo ello, y como sindicato mayoritario en Educaci&oacute;n, LAB pedir&aacute; una reuni&oacute;n de urgencia con el Departamento de Educaci&oacute;n para exigir explicaciones sobre todos estos puntos, ver la forma de que se satisfagan las justas reivindicaciones de las personas afectadas por la &uacute;ltima OPE en Educaci&oacute;n y sentar las bases de un proceso que den prioridad a la calidad, las metodolog&iacute;as activas y la innovaci&oacute;n pedag&oacute;gica.<br \/> &nbsp;<\/div>\n<div style=\"width:180px; float:left; padding-left:15px;\">\n<div style=\"text-align: center; \"><a href=\"\/rssak\"><input src=\"\/materiala\/argazkiak\/feed.png\" alt=\"RSSak\" longdesc=\"undefined\" width=\"30\" type=\"image\" height=\"30\" \/><\/a><a target=\"_blank\" href=\"http:\/\/www.facebook.com\/pages\/LAB-sindikatua\/292846207397345\" rel=\"noopener noreferrer\"><input src=\"\/modules\/mod_socialmediacloud\/icons\/facebook.png\" alt=\"LAB Facebooken\" longdesc=\"undefined\" width=\"30\" type=\"image\" height=\"30\" \/><\/a><a target=\"_blank\" href=\"http:\/\/issuu.com\/lab_argitalpenak\" rel=\"noopener noreferrer\"><input src=\"\/modules\/mod_socialmediacloud\/icons\/issuu.png\" longdesc=\"undefined\" width=\"30\" type=\"image\" height=\"30\" \/><\/a><a target=\"_blank\" href=\"http:\/\/es.scribd.com\/LABsindikatua\" rel=\"noopener noreferrer\"><input src=\"\/modules\/mod_socialmediacloud\/icons\/scribd.png\" longdesc=\"undefined\" width=\"30\" type=\"image\" height=\"30\" \/><br \/> <\/a><\/div>\n<div style=\"text-align: center; \"><a target=\"_blank\" href=\"http:\/\/twitter.com\/LABsindikatua\" rel=\"noopener noreferrer\"><input src=\"\/modules\/mod_socialmediacloud\/icons\/twitter.png\" longdesc=\"undefined\" width=\"30\" type=\"image\" height=\"30\" \/><\/a><a target=\"_blank\" href=\"http:\/\/www.youtube.com\/user\/labsindikatua\" rel=\"noopener noreferrer\"><input src=\"\/modules\/mod_socialmediacloud\/icons\/youtube.png\" longdesc=\"undefined\" width=\"30\" type=\"image\" height=\"30\" \/><\/a><a target=\"_blank\" href=\"http:\/\/www.flickr.com\/photos\/lab-sindikatua\/\" rel=\"noopener noreferrer\"><input src=\"\/modules\/mod_socialmediacloud\/icons\/flickr.png\" longdesc=\"undefined\" width=\"30\" type=\"image\" height=\"30\" \/><\/a><a href=\"http:\/\/www.labsindikatua.org\/eu\/hasiera\/upload\"><input src=\"\/modules\/mod_socialmediacloud\/icons\/igo.png\" longdesc=\"undefined\" width=\"30\" type=\"image\" height=\"30\" \/><\/a><\/div>\n<p> &nbsp;<\/p><\/div>\n<div>&nbsp;<\/div>\n","protected":false},"excerpt":{"rendered":"<p>Lo que est&aacute; ocurriendo en diversos sitios con las oposiciones de Educaci&oacute;n no es nuevo. Sin embargo, las cifras que ha arrojado la &uacute;ltima OPE de Secundaria y Formaci&oacute;n Profesional han confirmado la necesidad urgente de un cambio de modelo. Una gran cantidad de las personas aspirantes, m&aacute;s de la mitad, no ha superado la [&hellip;]<\/p>\n","protected":false},"author":1,"featured_media":0,"comment_status":"open","ping_status":"open","sticky":false,"template":"","format":"standard","meta":{"_monsterinsights_skip_tracking":false,"_monsterinsights_sitenote_active":false,"_monsterinsights_sitenote_note":"","_monsterinsights_sitenote_category":0,"footnotes":"","_links_to":"","_links_to_target":""},"categories":[33,2998],"tags":[3033],"class_list":{"0":"post-17662","1":"post","2":"type-post","3":"status-publish","4":"format-standard","6":"category-es-ensenanza","7":"category-uncategorized-eu-es","8":"tag-accion-sindical-es"},"_links":{"self":[{"href":"https:\/\/www.lab.eus\/es\/wp-json\/wp\/v2\/posts\/17662","targetHints":{"allow":["GET"]}}],"collection":[{"href":"https:\/\/www.lab.eus\/es\/wp-json\/wp\/v2\/posts"}],"about":[{"href":"https:\/\/www.lab.eus\/es\/wp-json\/wp\/v2\/types\/post"}],"author":[{"embeddable":true,"href":"https:\/\/www.lab.eus\/es\/wp-json\/wp\/v2\/users\/1"}],"replies":[{"embeddable":true,"href":"https:\/\/www.lab.eus\/es\/wp-json\/wp\/v2\/comments?post=17662"}],"version-history":[{"count":0,"href":"https:\/\/www.lab.eus\/es\/wp-json\/wp\/v2\/posts\/17662\/revisions"}],"wp:attachment":[{"href":"https:\/\/www.lab.eus\/es\/wp-json\/wp\/v2\/media?parent=17662"}],"wp:term":[{"taxonomy":"category","embeddable":true,"href":"https:\/\/www.lab.eus\/es\/wp-json\/wp\/v2\/categories?post=17662"},{"taxonomy":"post_tag","embeddable":true,"href":"https:\/\/www.lab.eus\/es\/wp-json\/wp\/v2\/tags?post=17662"}],"curies":[{"name":"wp","href":"https:\/\/api.w.org\/{rel}","templated":true}]}}