{"id":17591,"date":"2018-07-04T19:27:20","date_gmt":"2018-07-04T19:27:20","guid":{"rendered":"https:\/\/www.lab.eus\/lab-dara-un-si-condicionado-al-pacto-educativo-de-nafarroa-que-revertira-los-recortes-del-regimen\/"},"modified":"2018-07-04T19:27:20","modified_gmt":"2018-07-04T19:27:20","slug":"lab-dara-un-si-condicionado-al-pacto-educativo-de-nafarroa-que-revertira-los-recortes-del-regimen","status":"publish","type":"post","link":"https:\/\/www.lab.eus\/es\/lab-dara-un-si-condicionado-al-pacto-educativo-de-nafarroa-que-revertira-los-recortes-del-regimen\/","title":{"rendered":"LAB dar\u00e1 un s\u00ed condicionado al pacto educativo de Nafarroa que revertir\u00e1 los recortes del R\u00e9gimen"},"content":{"rendered":"<p> <\/p>\n<div style=\"padding-right:15px;width:345px; float:left; border-right-style:solid; border-right-width:1px; border-right-color:#dddddd\"><em><span style=\"font-size: 14px; \">LAB dar&aacute; un s&iacute; condicionado al pacto de la educaci&oacute;n p&uacute;blica de Nafarroa, ya que opina que ese acuerdo detiene los recortes del r&eacute;gimen y establece los primeros pasos para construir un sistema educativo del futuro.<br \/> <\/span><\/em><br \/> Ese pacto tiene en cuenta los principales puntos que ha defendido LAB los &uacute;ltimos meses y que han sido previamente consultados y ampliamente aceptados por nuestra bases. Estos eran los aspectos m&aacute;s importantes que quer&iacute;amos reconducir en nuestra plataforma reivindicativa: <\/p>\n<ul>\n<li>Descenso de dos horas lectivas, tanto en Educaci&oacute;n Primaria como Secundaria&nbsp;<\/li>\n<li>Cuando haya alguna sustituci&oacute;n, que se empiece a tramitar desde el primer d&iacute;a.&nbsp;<\/li>\n<li>Descenso de los ratios de alumnado a la situaci&oacute;n previa a los recortes.&nbsp;<\/li>\n<li>Garantizar un funcionamiento adecuado en la Formaci&oacute;n Profesional en euskara y apertura de m&aacute;s ciclos.&nbsp;<\/li>\n<li>Responder de una vez a las necesidades b&aacute;sicas de las escuelas del mundo rural, estableciendo nuevos ratios y aceptando m&aacute;s horas de direcci&oacute;n, entre otros.&nbsp;<\/li>\n<li>Adoptar medidas para profundizar en la innovaci&oacute;n pedag&oacute;gica.&nbsp;<\/li>\n<li>Reducci&oacute;n gradual de las horas lectivas a mayores de 55 a&ntilde;os.&nbsp;<\/li>\n<li>Abrir las puertas al establecimiento del nuevo modelo inclusivo que venga a superar al PAI.&nbsp;<\/li>\n<\/ul>\n<p> Todos estos puntos han sido aprobados en el borrador del pacto y nos parecen una base adecuada en el camino de la construcci&oacute;n de un sistema m&aacute;s educativo de cara al futuro.<\/p>\n<p> LAB no ha tomado esta decisi&oacute;n de forma precipitada. Despu&eacute;s de estar m&aacute;s de un a&ntilde;o negociando, en la consulta interna que hemos realizado con la afiliaci&oacute;n el apoyo que han mostrado nuestras bases a dicho pacto ha sido notable. Por lo tanto, debido al respeto que nos merece tanto la opini&oacute;n de nuestras bases y la comunidad educativa que ha colaborado en conseguir este acuerdo, LAB quiere mostrar su doble compromiso respecto a este pacto.<\/p>\n<p> Una vez puesto el pacto en marcha, nuestro primer compromiso ser&aacute; realizar una ardua labor de vigilancia para hacer cumplir lo acordado y evitar trampas. As&iacute;, buscaremos que sea garant&iacute;a de la calidad educativa. Nuestra prioridad ser&aacute; que la administraci&oacute;n cumpla sus compromisos.<\/p>\n<p> El segundo compromiso ser&aacute; proteger este acuerdo, sobre todo teniendo en cuenta los ataques que recibir&aacute; desde algunos sectores que responden a intereses pol&iacute;ticos concretos. Este acuerdo, adem&aacute;s de respetar los puntos principales del acuerdo program&aacute;tico que firmaron los cuatro partidos pol&iacute;ticos por el Cambio, nos posibilitar&aacute; dar los primeros pasos para hacer un camino m&aacute;s r&aacute;pido y largo en el futuro. Por lo tanto, estaremos alerta ante cualquier ataque que venga desde fuera, ya que en este momento el frente pol&iacute;tico y sindical del R&eacute;gimen ya ha empezado a contaminar con su l&oacute;gica pol&iacute;tica asuntos laborales y buscando r&eacute;ditos pol&iacute;tico-electorales de esto. Ejemplo de ello es el intento de estos d&iacute;as de mezclar la reducci&oacute;n de horas lectivas y el tratamiento de la diversidad y de crear confusi&oacute;n sobre estos temas. Nos parece deplorable obstaculizar medidas beneficiosas para el profesorado con la l&oacute;gica de las condiciones creadas en &eacute;poca de recortes y criticar estas medidas sin poner ninguna soluci&oacute;n encima de la mesa; una absoluta irresponsabilidad. Tambi&eacute;n tenemos en cuenta el proceso de estatalizaci&oacute;n de los convenios, lo que consideramos es una amenaza de empobrecimiento de las condiciones laborales, tambi&eacute;n en educaci&oacute;n, y no permitiremos que eso ocurra. De hecho, la dependencia respecto al marco estatal ha condicionado notablemente este proceso de negociaci&oacute;n.<\/p>\n<p> Ante esto, LAB propone la creaci&oacute;n de cuatro mesas t&eacute;cnicas para reconducir las posibles disfunciones (que no debemos olvidar que se crearon a consecuencia de los recortes) que pudiera generar la aplicaci&oacute;n del pacto, que trabajar&iacute;an los siguientes temas; tratamiento de la diversidad; modelo de evaluaci&oacute;n; sustituciones; y desarrollo de programas pluriling&uuml;es.&nbsp;<\/p><\/div>\n<div style=\"width:180px; float:left; padding-left:15px;\">\n<div style=\"text-align: center; \"><a href=\"\/rssak\"><input src=\"\/materiala\/argazkiak\/feed.png\" alt=\"RSSak\" longdesc=\"undefined\" width=\"30\" type=\"image\" height=\"30\" \/><\/a><a target=\"_blank\" href=\"http:\/\/www.facebook.com\/pages\/LAB-sindikatua\/292846207397345\" rel=\"noopener noreferrer\"><input src=\"\/modules\/mod_socialmediacloud\/icons\/facebook.png\" alt=\"LAB Facebooken\" longdesc=\"undefined\" width=\"30\" type=\"image\" height=\"30\" \/><\/a><a target=\"_blank\" href=\"http:\/\/issuu.com\/lab_argitalpenak\" rel=\"noopener noreferrer\"><input src=\"\/modules\/mod_socialmediacloud\/icons\/issuu.png\" longdesc=\"undefined\" width=\"30\" type=\"image\" height=\"30\" \/><\/a><a target=\"_blank\" href=\"http:\/\/es.scribd.com\/LABsindikatua\" rel=\"noopener noreferrer\"><input src=\"\/modules\/mod_socialmediacloud\/icons\/scribd.png\" longdesc=\"undefined\" width=\"30\" type=\"image\" height=\"30\" \/><br \/> <\/a><\/div>\n<div style=\"text-align: center; \"><a target=\"_blank\" href=\"http:\/\/twitter.com\/LABsindikatua\" rel=\"noopener noreferrer\"><input src=\"\/modules\/mod_socialmediacloud\/icons\/twitter.png\" longdesc=\"undefined\" width=\"30\" type=\"image\" height=\"30\" \/><\/a><a target=\"_blank\" href=\"http:\/\/www.youtube.com\/user\/labsindikatua\" rel=\"noopener noreferrer\"><input src=\"\/modules\/mod_socialmediacloud\/icons\/youtube.png\" longdesc=\"undefined\" width=\"30\" type=\"image\" height=\"30\" \/><\/a><a target=\"_blank\" href=\"http:\/\/www.flickr.com\/photos\/lab-sindikatua\/\" rel=\"noopener noreferrer\"><input src=\"\/modules\/mod_socialmediacloud\/icons\/flickr.png\" longdesc=\"undefined\" width=\"30\" type=\"image\" height=\"30\" \/><\/a><a href=\"http:\/\/www.labsindikatua.org\/eu\/hasiera\/upload\"><input src=\"\/modules\/mod_socialmediacloud\/icons\/igo.png\" longdesc=\"undefined\" width=\"30\" type=\"image\" height=\"30\" \/><\/a><\/div>\n<p> &nbsp;<\/p><\/div>\n<div>&nbsp;<\/div>\n","protected":false},"excerpt":{"rendered":"<p>LAB dar&aacute; un s&iacute; condicionado al pacto de la educaci&oacute;n p&uacute;blica de Nafarroa, ya que opina que ese acuerdo detiene los recortes del r&eacute;gimen y establece los primeros pasos para construir un sistema educativo del futuro. Ese pacto tiene en cuenta los principales puntos que ha defendido LAB los &uacute;ltimos meses y que han sido [&hellip;]<\/p>\n","protected":false},"author":1,"featured_media":0,"comment_status":"open","ping_status":"open","sticky":false,"template":"","format":"standard","meta":{"_monsterinsights_skip_tracking":false,"_monsterinsights_sitenote_active":false,"_monsterinsights_sitenote_note":"","_monsterinsights_sitenote_category":0,"footnotes":"","_links_to":"","_links_to_target":""},"categories":[2990,2998],"tags":[],"class_list":{"0":"post-17591","1":"post","2":"type-post","3":"status-publish","4":"format-standard","6":"category-educacion","7":"category-uncategorized-eu-es"},"_links":{"self":[{"href":"https:\/\/www.lab.eus\/es\/wp-json\/wp\/v2\/posts\/17591","targetHints":{"allow":["GET"]}}],"collection":[{"href":"https:\/\/www.lab.eus\/es\/wp-json\/wp\/v2\/posts"}],"about":[{"href":"https:\/\/www.lab.eus\/es\/wp-json\/wp\/v2\/types\/post"}],"author":[{"embeddable":true,"href":"https:\/\/www.lab.eus\/es\/wp-json\/wp\/v2\/users\/1"}],"replies":[{"embeddable":true,"href":"https:\/\/www.lab.eus\/es\/wp-json\/wp\/v2\/comments?post=17591"}],"version-history":[{"count":0,"href":"https:\/\/www.lab.eus\/es\/wp-json\/wp\/v2\/posts\/17591\/revisions"}],"wp:attachment":[{"href":"https:\/\/www.lab.eus\/es\/wp-json\/wp\/v2\/media?parent=17591"}],"wp:term":[{"taxonomy":"category","embeddable":true,"href":"https:\/\/www.lab.eus\/es\/wp-json\/wp\/v2\/categories?post=17591"},{"taxonomy":"post_tag","embeddable":true,"href":"https:\/\/www.lab.eus\/es\/wp-json\/wp\/v2\/tags?post=17591"}],"curies":[{"name":"wp","href":"https:\/\/api.w.org\/{rel}","templated":true}]}}