{"id":17576,"date":"2018-07-03T10:10:09","date_gmt":"2018-07-03T10:10:09","guid":{"rendered":"https:\/\/www.lab.eus\/el-comite-de-bsh-bosch-se-reune-con-el-gobierno-vasco-y-exige-garantias-de-futuro\/"},"modified":"2018-07-03T10:10:09","modified_gmt":"2018-07-03T10:10:09","slug":"el-comite-de-bsh-bosch-se-reune-con-el-gobierno-vasco-y-exige-garantias-de-futuro","status":"publish","type":"post","link":"https:\/\/www.lab.eus\/es\/el-comite-de-bsh-bosch-se-reune-con-el-gobierno-vasco-y-exige-garantias-de-futuro\/","title":{"rendered":"El comit\u00e9 de BSH Bosch se re\u00fane con el Gobierno Vasco y exige garant\u00edas de futuro"},"content":{"rendered":"<div style=\"padding-right:15px;width:345px; float:left; border-right-style:solid; border-right-width:1px; border-right-color:#dddddd\"><em><span style=\"font-size: 14px; \">Las y los trabajadores se han reunido con representantes del Departamento de Industria y les han trasladado su preocupaci&oacute;n por los &uacute;ltimos movimientos producidos en la empresa.<\/p>\n<p> <\/span><\/em>El comit&eacute; de empresa de BSH Bosch Gasteiz ha trasladado al Gobierno Vasco su preocupaci&oacute;n por la situaci&oacute;n que viven, &quot;m&aacute;s a&uacute;n tras los &uacute;ltimos acontecimientos: despido del gerente de la planta, abandono de la empresa de numerosas personas con cargos clave en la misma, incumplimiento de los compromisos adoptados por BSH, total falta de transparencia y ausencia de informaci&oacute;n veraz y oficial&quot;.<\/p>\n<p> Por ello, el comit&eacute; de empresa ha requerido al Gobierno de Gasteiz &quot;la adopci&oacute;n de compromisos reales que contribuyan a garantizar nuestro futuro: que se posicione junto a las y los trabajadores e inste al comprador y vendedor a que ofrezcan garant&iacute;as de que el proyecto que traen tiene futuro y no es una operaci&oacute;n especulativa&quot;.<\/p>\n<p> Precisamente, ante la aparici&oacute;n de informaciones period&iacute;sticas relacionadas con el proceso de compraventa, el comit&eacute; de empresa quiere manifestar que &quot;no ha tenido ning&uacute;n contacto con los (posibles) compradores ni &eacute;stos nos han transmitido ninguna informaci&oacute;n sobre sus intenciones respecto a la f&aacute;brica. Asimismo, tampoco la representaci&oacute;n del Grupo Bosch se ha dignado a reunirse con la representaci&oacute;n de la plantilla, lo que ahonda en nuestra preocupaci&oacute;n&quot;.<\/p>\n<p> En consecuencia, el comit&eacute; de empresa ha exigido a Bosch y al posible comprador la celebraci&oacute;n de reuniones para abordar las garant&iacute;as para el mantenimiento de empleo, de la actividad y de los derechos laborales.<\/p>\n<p> &nbsp;<\/p><\/div>\n<div style=\"width:180px; float:left; padding-left:15px;\">\n<div style=\"text-align: center; \"><a href=\"\/rssak\"><input src=\"\/materiala\/argazkiak\/feed.png\" alt=\"RSSak\" longdesc=\"undefined\" width=\"30\" type=\"image\" height=\"30\" \/><\/a><a target=\"_blank\" href=\"http:\/\/www.facebook.com\/pages\/LAB-sindikatua\/292846207397345\" rel=\"noopener noreferrer\"><input src=\"\/modules\/mod_socialmediacloud\/icons\/facebook.png\" alt=\"LAB Facebooken\" longdesc=\"undefined\" width=\"30\" type=\"image\" height=\"30\" \/><\/a><a target=\"_blank\" href=\"http:\/\/issuu.com\/lab_argitalpenak\" rel=\"noopener noreferrer\"><input src=\"\/modules\/mod_socialmediacloud\/icons\/issuu.png\" longdesc=\"undefined\" width=\"30\" type=\"image\" height=\"30\" \/><\/a><a target=\"_blank\" href=\"http:\/\/es.scribd.com\/LABsindikatua\" rel=\"noopener noreferrer\"><input src=\"\/modules\/mod_socialmediacloud\/icons\/scribd.png\" longdesc=\"undefined\" width=\"30\" type=\"image\" height=\"30\" \/><br \/> <\/a><\/div>\n<div style=\"text-align: center; \"><a target=\"_blank\" href=\"http:\/\/twitter.com\/LABsindikatua\" rel=\"noopener noreferrer\"><input src=\"\/modules\/mod_socialmediacloud\/icons\/twitter.png\" longdesc=\"undefined\" width=\"30\" type=\"image\" height=\"30\" \/><\/a><a target=\"_blank\" href=\"http:\/\/www.youtube.com\/user\/labsindikatua\" rel=\"noopener noreferrer\"><input src=\"\/modules\/mod_socialmediacloud\/icons\/youtube.png\" longdesc=\"undefined\" width=\"30\" type=\"image\" height=\"30\" \/><\/a><a target=\"_blank\" href=\"http:\/\/www.flickr.com\/photos\/lab-sindikatua\/\" rel=\"noopener noreferrer\"><input src=\"\/modules\/mod_socialmediacloud\/icons\/flickr.png\" longdesc=\"undefined\" width=\"30\" type=\"image\" height=\"30\" \/><\/a><a href=\"http:\/\/www.labsindikatua.org\/eu\/hasiera\/upload\"><input src=\"\/modules\/mod_socialmediacloud\/icons\/igo.png\" longdesc=\"undefined\" width=\"30\" type=\"image\" height=\"30\" \/><\/a><\/div>\n<p> &nbsp;<\/p><\/div>\n<div>&nbsp;<\/div>\n","protected":false},"excerpt":{"rendered":"<p>Las y los trabajadores se han reunido con representantes del Departamento de Industria y les han trasladado su preocupaci&oacute;n por los &uacute;ltimos movimientos producidos en la empresa. El comit&eacute; de empresa de BSH Bosch Gasteiz ha trasladado al Gobierno Vasco su preocupaci&oacute;n por la situaci&oacute;n que viven, &quot;m&aacute;s a&uacute;n tras los &uacute;ltimos acontecimientos: despido del [&hellip;]<\/p>\n","protected":false},"author":1,"featured_media":0,"comment_status":"open","ping_status":"open","sticky":false,"template":"","format":"standard","meta":{"_monsterinsights_skip_tracking":false,"_monsterinsights_sitenote_active":false,"_monsterinsights_sitenote_note":"","_monsterinsights_sitenote_category":0,"footnotes":"","_links_to":"","_links_to_target":""},"categories":[108],"tags":[2996,3064],"class_list":{"0":"post-17576","1":"post","2":"type-post","3":"status-publish","4":"format-standard","6":"category-es-metal","7":"tag-industria-es","8":"tag-metal-es"},"_links":{"self":[{"href":"https:\/\/www.lab.eus\/es\/wp-json\/wp\/v2\/posts\/17576","targetHints":{"allow":["GET"]}}],"collection":[{"href":"https:\/\/www.lab.eus\/es\/wp-json\/wp\/v2\/posts"}],"about":[{"href":"https:\/\/www.lab.eus\/es\/wp-json\/wp\/v2\/types\/post"}],"author":[{"embeddable":true,"href":"https:\/\/www.lab.eus\/es\/wp-json\/wp\/v2\/users\/1"}],"replies":[{"embeddable":true,"href":"https:\/\/www.lab.eus\/es\/wp-json\/wp\/v2\/comments?post=17576"}],"version-history":[{"count":0,"href":"https:\/\/www.lab.eus\/es\/wp-json\/wp\/v2\/posts\/17576\/revisions"}],"wp:attachment":[{"href":"https:\/\/www.lab.eus\/es\/wp-json\/wp\/v2\/media?parent=17576"}],"wp:term":[{"taxonomy":"category","embeddable":true,"href":"https:\/\/www.lab.eus\/es\/wp-json\/wp\/v2\/categories?post=17576"},{"taxonomy":"post_tag","embeddable":true,"href":"https:\/\/www.lab.eus\/es\/wp-json\/wp\/v2\/tags?post=17576"}],"curies":[{"name":"wp","href":"https:\/\/api.w.org\/{rel}","templated":true}]}}