{"id":17408,"date":"2018-06-05T14:31:18","date_gmt":"2018-06-05T14:31:18","guid":{"rendered":"https:\/\/www.lab.eus\/darpon-y-osakidetza-mienten-si-hay-denuncias-de-irregularidades-en-los-examenes-de-especialidades-medicas\/"},"modified":"2018-06-05T14:31:18","modified_gmt":"2018-06-05T14:31:18","slug":"darpon-y-osakidetza-mienten-si-hay-denuncias-de-irregularidades-en-los-examenes-de-especialidades-medicas","status":"publish","type":"post","link":"https:\/\/www.lab.eus\/es\/darpon-y-osakidetza-mienten-si-hay-denuncias-de-irregularidades-en-los-examenes-de-especialidades-medicas\/","title":{"rendered":"Darp\u00f3n y Osakidetza mienten; s\u00ed hay denuncias de irregularidades en los ex\u00e1menes de especialidades m\u00e9dicas"},"content":{"rendered":"<div style=\"padding-right:15px;width:345px; float:left; border-right-style:solid; border-right-width:1px; border-right-color:#dddddd\"><em><span style=\"font-size: 14px; \">Las declaraciones que ayer realiz&oacute; el Consejero Darp&oacute;n son irresponsables y no se atienen a la verdad. En primer lugar, porque en vez de aceptar la responsabilidad que su Departamento y OSAKIDETZA tienen en velar por la limpieza de los procesos de OPEs, parece que estaba m&aacute;s preocupado en negar las claras evidencias que hablan de irregularidades, al menos, en 10 categor&iacute;as de Especialidades M&eacute;dicas. En segundo lugar, porque s&iacute; hay denuncias sobre estas irregularidades.<\/p>\n<p> <\/span><\/em>En concreto, el sindicato LAB registr&oacute; el pasado viernes 1 de junio un escrito donde se plantean todos estos indicios y donde exigimos a Osakidetza una investigaci&oacute;n y aclaraci&oacute;n sobre el tema (documento adjunto). Adem&aacute;s, el jueves 31 de mayo ya solicitamos por escrito una reuni&oacute;n urgente a la Direcci&oacute;n de Osakidetza, que a d&iacute;a de hoy sigue sin contestar. Por &uacute;ltimo, ayer lunes 4 de junio, enviamos de nuevo a la Direcci&oacute;n de Osakidetza un informe con las gr&aacute;ficas que indican irregularidades en las notas de 10 categor&iacute;as m&eacute;dicas (doc adjunto): Angiolog&iacute;a, Anestesia, Cardiovascular, Digestivo, Cardiolog&iacute;a, Medicina Intensiva, Medicina Nuclear, neumolog&iacute;a, Radiodiagn&oacute;stico y Urolog&iacute;a.<\/p>\n<p> Por todo ello, queremos subrayar y aclarar:<\/p>\n<p> &bull; LAB cree que hay m&aacute;s que motivos suficientes para impugnar, al menos, estas diez<br \/> categor&iacute;as y para paralizar el resto de Categor&iacute;as Facultativos Especialistas hasta que se realice una investigaci&oacute;n exhaustiva e independiente. Adem&aacute;s de las notas obtenidas, ha habido errores en la cadena de custodia, en la preservaci&oacute;n del anonimato en las correcciones: no utilizaci&oacute;n de sistema de plicas, cajas de ex&aacute;menes abiertas, etc&#8230;<br \/> &bull; LAB no ha pedido en ning&uacute;n momento la paralizaci&oacute;n de todo el proceso de OPE, sino s&oacute;lo de las categor&iacute;as de Facultativos Especialistas, que son en las que hemos detectado un gran n&uacute;mero de irregularidades. Por todo ello, no ponemos en tela de juicio la profesionalidad de todos los Tribunales ni de todas las personas que han tomado parte en ellos.<br \/> &bull; Tenemos testimonios de facultativos que denuncian que este tipo de irregularidades no son una excepci&oacute;n, sino que son la punta del iceberg de una pr&aacute;ctica extendida entre las especialidades m&eacute;dicas. Pero todas estas personas no hablan p&uacute;blicamente por miedo a las consecuencias que esto les acarrear&iacute;a a nivel laboral.<br \/> &bull; Las irregularidades detectadas afectar&iacute;an no s&oacute;lo a las segundas pruebas confeccionadas por los tribunales de cada categor&iacute;a, sino tambi&eacute;n a algunos de los primeros ejercicios confeccionados por el IVAP. Por lo tanto, la investigaci&oacute;n va m&aacute;s all&aacute; de Osakidetza.<br \/> &bull; Exigimos a Osakidetza la negociaci&oacute;n y confecci&oacute;n de un nuevo protocolo para regular la realizaci&oacute;n de pruebas de OPE; un protocolo que evite todo este tipo de situaciones.<br \/> &bull; LAB est&aacute; analizando con sus servicios jur&iacute;dicos la posibilidad de acudir a los tribunales, no descartando incluso la v&iacute;a penal.<br \/> &nbsp;<\/div>\n<div style=\"width:180px; float:left; padding-left:15px;\">\n<div style=\"text-align: center; \"><a href=\"\/rssak\"><input src=\"\/materiala\/argazkiak\/feed.png\" alt=\"RSSak\" longdesc=\"undefined\" width=\"30\" type=\"image\" height=\"30\" \/><\/a><a target=\"_blank\" href=\"http:\/\/www.facebook.com\/pages\/LAB-sindikatua\/292846207397345\" rel=\"noopener noreferrer\"><input src=\"\/modules\/mod_socialmediacloud\/icons\/facebook.png\" alt=\"LAB Facebooken\" longdesc=\"undefined\" width=\"30\" type=\"image\" height=\"30\" \/><\/a><a target=\"_blank\" href=\"http:\/\/issuu.com\/lab_argitalpenak\" rel=\"noopener noreferrer\"><input src=\"\/modules\/mod_socialmediacloud\/icons\/issuu.png\" longdesc=\"undefined\" width=\"30\" type=\"image\" height=\"30\" \/><\/a><a target=\"_blank\" href=\"http:\/\/es.scribd.com\/LABsindikatua\" rel=\"noopener noreferrer\"><input src=\"\/modules\/mod_socialmediacloud\/icons\/scribd.png\" longdesc=\"undefined\" width=\"30\" type=\"image\" height=\"30\" \/><br \/> <\/a><\/div>\n<div style=\"text-align: center; \"><a target=\"_blank\" href=\"http:\/\/twitter.com\/LABsindikatua\" rel=\"noopener noreferrer\"><input src=\"\/modules\/mod_socialmediacloud\/icons\/twitter.png\" longdesc=\"undefined\" width=\"30\" type=\"image\" height=\"30\" \/><\/a><a target=\"_blank\" href=\"http:\/\/www.youtube.com\/user\/labsindikatua\" rel=\"noopener noreferrer\"><input src=\"\/modules\/mod_socialmediacloud\/icons\/youtube.png\" longdesc=\"undefined\" width=\"30\" type=\"image\" height=\"30\" \/><\/a><a target=\"_blank\" href=\"http:\/\/www.flickr.com\/photos\/lab-sindikatua\/\" rel=\"noopener noreferrer\"><input src=\"\/modules\/mod_socialmediacloud\/icons\/flickr.png\" longdesc=\"undefined\" width=\"30\" type=\"image\" height=\"30\" \/><\/a><a href=\"http:\/\/www.labsindikatua.org\/eu\/hasiera\/upload\"><input src=\"\/modules\/mod_socialmediacloud\/icons\/igo.png\" longdesc=\"undefined\" width=\"30\" type=\"image\" height=\"30\" \/><\/a><\/div>\n<p> &nbsp;<\/p><\/div>\n<div>&nbsp;<\/div>\n","protected":false},"excerpt":{"rendered":"<p>Las declaraciones que ayer realiz&oacute; el Consejero Darp&oacute;n son irresponsables y no se atienen a la verdad. En primer lugar, porque en vez de aceptar la responsabilidad que su Departamento y OSAKIDETZA tienen en velar por la limpieza de los procesos de OPEs, parece que estaba m&aacute;s preocupado en negar las claras evidencias que hablan [&hellip;]<\/p>\n","protected":false},"author":1,"featured_media":0,"comment_status":"open","ping_status":"open","sticky":false,"template":"","format":"standard","meta":{"_monsterinsights_skip_tracking":false,"_monsterinsights_sitenote_active":false,"_monsterinsights_sitenote_note":"","_monsterinsights_sitenote_category":0,"footnotes":"","_links_to":"","_links_to_target":""},"categories":[3097],"tags":[3100],"class_list":{"0":"post-17408","1":"post","2":"type-post","3":"status-publish","4":"format-standard","6":"category-sanidad","7":"tag-sanidad-es"},"_links":{"self":[{"href":"https:\/\/www.lab.eus\/es\/wp-json\/wp\/v2\/posts\/17408","targetHints":{"allow":["GET"]}}],"collection":[{"href":"https:\/\/www.lab.eus\/es\/wp-json\/wp\/v2\/posts"}],"about":[{"href":"https:\/\/www.lab.eus\/es\/wp-json\/wp\/v2\/types\/post"}],"author":[{"embeddable":true,"href":"https:\/\/www.lab.eus\/es\/wp-json\/wp\/v2\/users\/1"}],"replies":[{"embeddable":true,"href":"https:\/\/www.lab.eus\/es\/wp-json\/wp\/v2\/comments?post=17408"}],"version-history":[{"count":0,"href":"https:\/\/www.lab.eus\/es\/wp-json\/wp\/v2\/posts\/17408\/revisions"}],"wp:attachment":[{"href":"https:\/\/www.lab.eus\/es\/wp-json\/wp\/v2\/media?parent=17408"}],"wp:term":[{"taxonomy":"category","embeddable":true,"href":"https:\/\/www.lab.eus\/es\/wp-json\/wp\/v2\/categories?post=17408"},{"taxonomy":"post_tag","embeddable":true,"href":"https:\/\/www.lab.eus\/es\/wp-json\/wp\/v2\/tags?post=17408"}],"curies":[{"name":"wp","href":"https:\/\/api.w.org\/{rel}","templated":true}]}}