{"id":17392,"date":"2018-06-04T11:52:12","date_gmt":"2018-06-04T11:52:12","guid":{"rendered":"https:\/\/www.lab.eus\/la-fsm-condena-energicamente-la-represion-y-el-autoritarismo-del-estado-espanol-ante-el-caso-de-altsasu\/"},"modified":"2018-06-04T11:52:12","modified_gmt":"2018-06-04T11:52:12","slug":"la-fsm-condena-energicamente-la-represion-y-el-autoritarismo-del-estado-espanol-ante-el-caso-de-altsasu","status":"publish","type":"post","link":"https:\/\/www.lab.eus\/es\/la-fsm-condena-energicamente-la-represion-y-el-autoritarismo-del-estado-espanol-ante-el-caso-de-altsasu\/","title":{"rendered":"La FSM condena en\u00e9rgicamente la represi\u00f3n y el autoritarismo del Estado espa\u00f1ol ante el caso de Altsasu"},"content":{"rendered":"<div style=\"padding-right:15px;width:345px; float:left; border-right-style:solid; border-right-width:1px; border-right-color:#dddddd\"><em><span style=\"font-size: 14px; \">La Federaci&oacute;n Sindical Mundial (FSM) en representaci&oacute;n de m&aacute;s de 92 millones de trabajadores y trabajadoras afiliadas en cada rinc&oacute;n del mundo, condena en&eacute;rgicamente la represi&oacute;n en el Estado espa&ntilde;ol tras la condena de 13 a&ntilde;os en c&aacute;rcel a las y los j&oacute;venes de Altsasu.<\/p>\n<p> <\/span><\/em>Este fallo de la Audiencia Nacional que impuso las penas m&aacute;ximas por delitos de &ldquo;atentado&rdquo; a los agentes de autoridad se suma a una larga serie de acciones por parte del Estado espa&ntilde;ol que buscan intimidar y amedrentar al pueblo y los estratos populares. Es evidente que a medida que crece la injusticia social, el empobrecimiento de la poblaci&oacute;n y el desmonte de las conquistas laborales, se va agudizando el autoritarismo y la represi&oacute;n del estado burgu&eacute;s contra el pueblo. Eso pasa en toda la Uni&oacute;n Europea y es una directriz de la misma.<\/p>\n<p> La FSM declara alto y claro que ninguna persona no tiene que ser reprimida o perseguida por causa de sus ideas y convicciones. Asimismo, reitera su solidaridad internacionalista con los pueblos del Estado espa&ntilde;ol en sus luchas contra la burgues&iacute;a y el capital.<\/p>\n<p> &nbsp;<\/p><\/div>\n<div style=\"width:180px; float:left; padding-left:15px;\">\n<div style=\"text-align: center; \"><a href=\"\/rssak\"><input src=\"\/materiala\/argazkiak\/feed.png\" alt=\"RSSak\" longdesc=\"undefined\" width=\"30\" type=\"image\" height=\"30\" \/><\/a><a target=\"_blank\" href=\"http:\/\/www.facebook.com\/pages\/LAB-sindikatua\/292846207397345\" rel=\"noopener noreferrer\"><input src=\"\/modules\/mod_socialmediacloud\/icons\/facebook.png\" alt=\"LAB Facebooken\" longdesc=\"undefined\" width=\"30\" type=\"image\" height=\"30\" \/><\/a><a target=\"_blank\" href=\"http:\/\/issuu.com\/lab_argitalpenak\" rel=\"noopener noreferrer\"><input src=\"\/modules\/mod_socialmediacloud\/icons\/issuu.png\" longdesc=\"undefined\" width=\"30\" type=\"image\" height=\"30\" \/><\/a><a target=\"_blank\" href=\"http:\/\/es.scribd.com\/LABsindikatua\" rel=\"noopener noreferrer\"><input src=\"\/modules\/mod_socialmediacloud\/icons\/scribd.png\" longdesc=\"undefined\" width=\"30\" type=\"image\" height=\"30\" \/><br \/> <\/a><\/div>\n<div style=\"text-align: center; \"><a target=\"_blank\" href=\"http:\/\/twitter.com\/LABsindikatua\" rel=\"noopener noreferrer\"><input src=\"\/modules\/mod_socialmediacloud\/icons\/twitter.png\" longdesc=\"undefined\" width=\"30\" type=\"image\" height=\"30\" \/><\/a><a target=\"_blank\" href=\"http:\/\/www.youtube.com\/user\/labsindikatua\" rel=\"noopener noreferrer\"><input src=\"\/modules\/mod_socialmediacloud\/icons\/youtube.png\" longdesc=\"undefined\" width=\"30\" type=\"image\" height=\"30\" \/><\/a><a target=\"_blank\" href=\"http:\/\/www.flickr.com\/photos\/lab-sindikatua\/\" rel=\"noopener noreferrer\"><input src=\"\/modules\/mod_socialmediacloud\/icons\/flickr.png\" longdesc=\"undefined\" width=\"30\" type=\"image\" height=\"30\" \/><\/a><a href=\"http:\/\/www.labsindikatua.org\/eu\/hasiera\/upload\"><input src=\"\/modules\/mod_socialmediacloud\/icons\/igo.png\" longdesc=\"undefined\" width=\"30\" type=\"image\" height=\"30\" \/><\/a><\/div>\n<p> &nbsp;<\/p><\/div>\n<div>&nbsp;<\/div>\n","protected":false},"excerpt":{"rendered":"<p>La Federaci&oacute;n Sindical Mundial (FSM) en representaci&oacute;n de m&aacute;s de 92 millones de trabajadores y trabajadoras afiliadas en cada rinc&oacute;n del mundo, condena en&eacute;rgicamente la represi&oacute;n en el Estado espa&ntilde;ol tras la condena de 13 a&ntilde;os en c&aacute;rcel a las y los j&oacute;venes de Altsasu. Este fallo de la Audiencia Nacional que impuso las penas [&hellip;]<\/p>\n","protected":false},"author":1,"featured_media":0,"comment_status":"open","ping_status":"open","sticky":false,"template":"","format":"standard","meta":{"_monsterinsights_skip_tracking":false,"_monsterinsights_sitenote_active":false,"_monsterinsights_sitenote_note":"","_monsterinsights_sitenote_category":0,"footnotes":"","_links_to":"","_links_to_target":""},"categories":[163],"tags":[],"class_list":{"0":"post-17392","1":"post","2":"type-post","3":"status-publish","4":"format-standard","6":"category-es-represion"},"_links":{"self":[{"href":"https:\/\/www.lab.eus\/es\/wp-json\/wp\/v2\/posts\/17392","targetHints":{"allow":["GET"]}}],"collection":[{"href":"https:\/\/www.lab.eus\/es\/wp-json\/wp\/v2\/posts"}],"about":[{"href":"https:\/\/www.lab.eus\/es\/wp-json\/wp\/v2\/types\/post"}],"author":[{"embeddable":true,"href":"https:\/\/www.lab.eus\/es\/wp-json\/wp\/v2\/users\/1"}],"replies":[{"embeddable":true,"href":"https:\/\/www.lab.eus\/es\/wp-json\/wp\/v2\/comments?post=17392"}],"version-history":[{"count":0,"href":"https:\/\/www.lab.eus\/es\/wp-json\/wp\/v2\/posts\/17392\/revisions"}],"wp:attachment":[{"href":"https:\/\/www.lab.eus\/es\/wp-json\/wp\/v2\/media?parent=17392"}],"wp:term":[{"taxonomy":"category","embeddable":true,"href":"https:\/\/www.lab.eus\/es\/wp-json\/wp\/v2\/categories?post=17392"},{"taxonomy":"post_tag","embeddable":true,"href":"https:\/\/www.lab.eus\/es\/wp-json\/wp\/v2\/tags?post=17392"}],"curies":[{"name":"wp","href":"https:\/\/api.w.org\/{rel}","templated":true}]}}