{"id":17073,"date":"2018-04-16T14:57:27","date_gmt":"2018-04-16T14:57:27","guid":{"rendered":"https:\/\/www.lab.eus\/propondremos-una-resolucion-en-contra-de-la-estatalizacion-y-a-favor-de-los-convenios-y-la-negociacion-colectiva-de-aqui\/"},"modified":"2020-09-01T11:54:32","modified_gmt":"2020-09-01T11:54:32","slug":"propondremos-una-resolucion-en-contra-de-la-estatalizacion-y-a-favor-de-los-convenios-y-la-negociacion-colectiva-de-aqui","status":"publish","type":"post","link":"https:\/\/www.lab.eus\/es\/propondremos-una-resolucion-en-contra-de-la-estatalizacion-y-a-favor-de-los-convenios-y-la-negociacion-colectiva-de-aqui\/","title":{"rendered":"Propondremos una resoluci\u00f3n en contra de la estatalizaci\u00f3n y a favor de los convenios y la negociaci\u00f3n colectiva de aqu\u00ed"},"content":{"rendered":"<p> <\/p>\n<div style=\"padding-right:15px;width:345px; float:left; border-right-style:solid; border-right-width:1px; border-right-color:#dddddd\"><img loading=\"lazy\" decoding=\"async\" class=\" size-full wp-image-17072\" src=\"https:\/\/www.lab.eus\/wp-content\/uploads\/2018\/04\/materiala_argazkiak_ekintzaSindikala_NegoziazioKolektiboa_18_04_16Estatalizazioa_Bilera.JPG\" width=\"345\" height=\"230\" alt=\"\" srcset=\"https:\/\/www.lab.eus\/wp-content\/uploads\/2018\/04\/materiala_argazkiak_ekintzaSindikala_NegoziazioKolektiboa_18_04_16Estatalizazioa_Bilera.JPG 800w, https:\/\/www.lab.eus\/wp-content\/uploads\/2018\/04\/materiala_argazkiak_ekintzaSindikala_NegoziazioKolektiboa_18_04_16Estatalizazioa_Bilera-300x200.jpg 300w, https:\/\/www.lab.eus\/wp-content\/uploads\/2018\/04\/materiala_argazkiak_ekintzaSindikala_NegoziazioKolektiboa_18_04_16Estatalizazioa_Bilera-768x512.jpg 768w, https:\/\/www.lab.eus\/wp-content\/uploads\/2018\/04\/materiala_argazkiak_ekintzaSindikala_NegoziazioKolektiboa_18_04_16Estatalizazioa_Bilera-150x100.jpg 150w, https:\/\/www.lab.eus\/wp-content\/uploads\/2018\/04\/materiala_argazkiak_ekintzaSindikala_NegoziazioKolektiboa_18_04_16Estatalizazioa_Bilera-696x464.jpg 696w, https:\/\/www.lab.eus\/wp-content\/uploads\/2018\/04\/materiala_argazkiak_ekintzaSindikala_NegoziazioKolektiboa_18_04_16Estatalizazioa_Bilera-630x420.jpg 630w\" sizes=\"auto, (max-width: 345px) 100vw, 345px\" \/><em><span style=\"font-size: 14px; \"><\/p>\n<p> Ma&ntilde;ana, 17 de abril, se reunir&aacute; la Comisi&oacute;n Paritaria del Acuerdo Interprofesional con la presencia de todos los firmantes del mismo.<\/p>\n<p> <\/span><\/em>Para LAB, la impugnaci&oacute;n supone la aplicaci&oacute;n del art&iacute;culo 155 en el &aacute;mbito laboral, ya que traer&aacute; consigo la negaci&oacute;n del derecho a decidir a trabajadores y trabajadoras, dejar sin valor los convenios de aqu&iacute; y empeorar las condiciones laborales, junto con la imposici&oacute;n de la aplicaci&oacute;n de los convenios estatales.<\/p>\n<p> Ante esta situaci&oacute;n, LAB defender&aacute; la aprobaci&oacute;n de una resoluci&oacute;n en la comisi&oacute;n paritaria de ma&ntilde;ana, que recoja los siguientes puntos:<\/p>\n<p> &#8211; Reconocimiento del Acuerdo Interprofesional, junto con la explicaci&oacute;n de por qu&eacute; lo creamos y lo firmamos, esto es, hacer frente a la estatalizaci&oacute;n y a los intentos de centralizaci&oacute;n que se est&aacute;n dando desde el &aacute;mbito estatal, reivindicado el derecho a decidir y m&aacute;s concretamente, el derecho a conseguir una marcho propio de Negociaci&oacute;n Colectiva sin injerencias.<\/p>\n<p> &#8211; Declarar que el Acuerdo Interprofesional es una herramienta legal y totalmente leg&iacute;tima.<\/p>\n<p> &#8211; Interpelar de forma contundente a la patronal estatal FEADRS, exigi&eacute;ndole la retirada de la impugnaci&oacute;n que han presentado antes del 24 de abril.<\/p>\n<p> &#8211; Interpelar al Gobierno Vasco para que m&aacute;s all&aacute; de defender el Acuerdo Interprofesional (lo hicieron la semana pasada), reivindique y defienda el Marco Vasco de Relaciones Laborales, defendiendo nuestro &aacute;mbito de negociaci&oacute;n colectiva y el derecho que tenemos las y los trabajadores vascos para construirlo sin ninguna ingerencia.<\/p>\n<p> Dicho todo esto, la estatalizaci&oacute;n tambi&eacute;n otra cara: el bloqueo que provoca la patronal Confebask en materia de negociaci&oacute;n colectiva tambi&eacute;n conlleva estatalizaci&oacute;n, ya que al no renovarse los convenios, se aplican los de car&aacute;cter estatal. Aunque Confebask, firmando el Acuerdo Interprofesional, sostenga que defiende el marco de la CAV, abre el camino a la estatalizaci&oacute;n a trav&eacute;s del bloqueo, esto es, provocando el bloqueo de nuestros convenios. Denunciamos esta situaci&oacute;n e interpelamos a la patronal para que termine con este bloqueo.<\/p>\n<p> Por otro lado, LAB ha realizado hoy el primero de los encuentros dentro de la ronda de reuniones que est&aacute; llevando a cabo con distintos partidos pol&iacute;ticos ante la grave situaci&oacute;n creada tras la impugnaci&oacute;n del Acuerdo Interprofesional. El Secretario de Acci&oacute;n Sindical y Negociaci&oacute;n Colectiva Xabier Ugartemendia y el Secretario de la Federaci&oacute;n de Servicios Privados Sa&uacute;l Arang&iacute;bel se han reunido con una delegaci&oacute;n de EH Bildu en la sede del sindicato en Donostia, en el barrio de Igara.<br \/> &nbsp;<\/div>\n<div style=\"width:180px; float:left; padding-left:15px;\">\n<div style=\"text-align: center; \"><a href=\"\/rssak\"><input src=\"\/materiala\/argazkiak\/feed.png\" alt=\"RSSak\" longdesc=\"undefined\" width=\"30\" type=\"image\" height=\"30\" \/><\/a><a target=\"_blank\" href=\"http:\/\/www.facebook.com\/pages\/LAB-sindikatua\/292846207397345\" rel=\"noopener noreferrer\"><input src=\"\/modules\/mod_socialmediacloud\/icons\/facebook.png\" alt=\"LAB Facebooken\" longdesc=\"undefined\" width=\"30\" type=\"image\" height=\"30\" \/><\/a><a target=\"_blank\" href=\"http:\/\/issuu.com\/lab_argitalpenak\" rel=\"noopener noreferrer\"><input src=\"\/modules\/mod_socialmediacloud\/icons\/issuu.png\" longdesc=\"undefined\" width=\"30\" type=\"image\" height=\"30\" \/><\/a><a target=\"_blank\" href=\"http:\/\/es.scribd.com\/LABsindikatua\" rel=\"noopener noreferrer\"><input src=\"\/modules\/mod_socialmediacloud\/icons\/scribd.png\" longdesc=\"undefined\" width=\"30\" type=\"image\" height=\"30\" \/><br \/> <\/a><\/div>\n<div style=\"text-align: center; \"><a target=\"_blank\" href=\"http:\/\/twitter.com\/LABsindikatua\" rel=\"noopener noreferrer\"><input src=\"\/modules\/mod_socialmediacloud\/icons\/twitter.png\" longdesc=\"undefined\" width=\"30\" type=\"image\" height=\"30\" \/><\/a><a target=\"_blank\" href=\"http:\/\/www.youtube.com\/user\/labsindikatua\" rel=\"noopener noreferrer\"><input src=\"\/modules\/mod_socialmediacloud\/icons\/youtube.png\" longdesc=\"undefined\" width=\"30\" type=\"image\" height=\"30\" \/><\/a><a target=\"_blank\" href=\"http:\/\/www.flickr.com\/photos\/lab-sindikatua\/\" rel=\"noopener noreferrer\"><input src=\"\/modules\/mod_socialmediacloud\/icons\/flickr.png\" longdesc=\"undefined\" width=\"30\" type=\"image\" height=\"30\" \/><\/a><a href=\"http:\/\/www.labsindikatua.org\/eu\/hasiera\/upload\"><input src=\"\/modules\/mod_socialmediacloud\/icons\/igo.png\" longdesc=\"undefined\" width=\"30\" type=\"image\" height=\"30\" \/><\/a><\/div>\n<p> &nbsp;<\/p><\/div>\n<div>&nbsp;<\/div>\n","protected":false},"excerpt":{"rendered":"<p>Ma&ntilde;ana, 17 de abril, se reunir&aacute; la Comisi&oacute;n Paritaria del Acuerdo Interprofesional con la presencia de todos los firmantes del mismo. Para LAB, la impugnaci&oacute;n supone la aplicaci&oacute;n del art&iacute;culo 155 en el &aacute;mbito laboral, ya que traer&aacute; consigo la negaci&oacute;n del derecho a decidir a trabajadores y trabajadoras, dejar sin valor los convenios de [&hellip;]<\/p>\n","protected":false},"author":1,"featured_media":17072,"comment_status":"open","ping_status":"open","sticky":false,"template":"","format":"standard","meta":{"_monsterinsights_skip_tracking":false,"_monsterinsights_sitenote_active":false,"_monsterinsights_sitenote_note":"","_monsterinsights_sitenote_category":0,"footnotes":"","_links_to":"","_links_to_target":""},"categories":[18],"tags":[3033,2981,3113],"class_list":{"0":"post-17073","1":"post","2":"type-post","3":"status-publish","4":"format-standard","5":"has-post-thumbnail","7":"category-es-accion-sindical","8":"tag-accion-sindical-es","9":"tag-accion-sindical","10":"tag-acuerdo-interprofesional"},"_links":{"self":[{"href":"https:\/\/www.lab.eus\/es\/wp-json\/wp\/v2\/posts\/17073","targetHints":{"allow":["GET"]}}],"collection":[{"href":"https:\/\/www.lab.eus\/es\/wp-json\/wp\/v2\/posts"}],"about":[{"href":"https:\/\/www.lab.eus\/es\/wp-json\/wp\/v2\/types\/post"}],"author":[{"embeddable":true,"href":"https:\/\/www.lab.eus\/es\/wp-json\/wp\/v2\/users\/1"}],"replies":[{"embeddable":true,"href":"https:\/\/www.lab.eus\/es\/wp-json\/wp\/v2\/comments?post=17073"}],"version-history":[{"count":0,"href":"https:\/\/www.lab.eus\/es\/wp-json\/wp\/v2\/posts\/17073\/revisions"}],"wp:featuredmedia":[{"embeddable":true,"href":"https:\/\/www.lab.eus\/es\/wp-json\/wp\/v2\/media\/17072"}],"wp:attachment":[{"href":"https:\/\/www.lab.eus\/es\/wp-json\/wp\/v2\/media?parent=17073"}],"wp:term":[{"taxonomy":"category","embeddable":true,"href":"https:\/\/www.lab.eus\/es\/wp-json\/wp\/v2\/categories?post=17073"},{"taxonomy":"post_tag","embeddable":true,"href":"https:\/\/www.lab.eus\/es\/wp-json\/wp\/v2\/tags?post=17073"}],"curies":[{"name":"wp","href":"https:\/\/api.w.org\/{rel}","templated":true}]}}