{"id":16923,"date":"2018-03-15T18:02:02","date_gmt":"2018-03-15T18:02:02","guid":{"rendered":"https:\/\/www.lab.eus\/trabajadoras-y-trabajadores-de-reiner-e-hijos-sl-muestra-su-solidaridad-al-companero-que-juzgaran-el-proximo-lunes\/"},"modified":"2018-03-15T18:02:02","modified_gmt":"2018-03-15T18:02:02","slug":"trabajadoras-y-trabajadores-de-reiner-e-hijos-sl-muestra-su-solidaridad-al-companero-que-juzgaran-el-proximo-lunes","status":"publish","type":"post","link":"https:\/\/www.lab.eus\/es\/trabajadoras-y-trabajadores-de-reiner-e-hijos-sl-muestra-su-solidaridad-al-companero-que-juzgaran-el-proximo-lunes\/","title":{"rendered":"Trabajadoras y trabajadores de Reiner e Hijos SL muestra su solidaridad al compa\u00f1ero que juzgar\u00e1n el pr\u00f3ximo lunes"},"content":{"rendered":"<p> <\/p>\n<div style=\"padding-right:15px;width:345px; float:left; border-right-style:solid; border-right-width:1px; border-right-color:#dddddd\"><img loading=\"lazy\" decoding=\"async\" class=\" size-full wp-image-16922\" src=\"https:\/\/www.lab.eus\/wp-content\/uploads\/2018\/03\/materiala_argazkiak_industria_industriaKimikoa_18_03_15Itziar_Elkarretaratze.jpg\" width=\"345\" height=\"210\" alt=\"\" srcset=\"https:\/\/www.lab.eus\/wp-content\/uploads\/2018\/03\/materiala_argazkiak_industria_industriaKimikoa_18_03_15Itziar_Elkarretaratze.jpg 400w, https:\/\/www.lab.eus\/wp-content\/uploads\/2018\/03\/materiala_argazkiak_industria_industriaKimikoa_18_03_15Itziar_Elkarretaratze-300x183.jpg 300w, https:\/\/www.lab.eus\/wp-content\/uploads\/2018\/03\/materiala_argazkiak_industria_industriaKimikoa_18_03_15Itziar_Elkarretaratze-150x92.jpg 150w\" sizes=\"auto, (max-width: 345px) 100vw, 345px\" \/><em><span style=\"font-size: 14px; \"><\/p>\n<p> Hoy, 15 de marzo han realizado una asamblea informativa y una concentraci&oacute;n de 13:30 a 14:40 frente a la empresa, con el objetivo de apoyar a su compa&ntilde;ero y denunciar el juicio que se celebrar&aacute; el 19 de marzo en Eibar.<br \/> <\/span><\/em><br \/> Antes del fin del 2017, un trabajador de la empresa Reiner e Hijos SL recibi&oacute; la notificaci&oacute;n de una falta muy&nbsp;grave interpuesta por la direcci&oacute;n de la empresa.<\/p>\n<p> La direcci&oacute;n, ampar&aacute;ndose en el art&iacute;culo 61.10 del convenio estatal de qu&iacute;mica, volvi&oacute; a mostrar su actitud&nbsp;respecto a los y las trabajadoras de Reiner. Estos fueron los hechos, en orden cronol&oacute;gico:<\/p>\n<p> &#8211; La empresa comunica la falta muy grave al trabajador el 15 de diciembre, dando al mismo 3 d&iacute;as h&aacute;biles&nbsp;para presentar las alegaciones, con un fin de semana de por medio.<\/p>\n<p> &#8211; El trabajador presenta las alegaciones el 18 de diciembre.<br \/> &#8211; En el mismo momento que entrega las alegaciones y sin ni siquiera leer las mismas, la direcci&oacute;n entrega&nbsp;la respuesta y aplica la sanci&oacute;n de 15 d&iacute;as sin empleo y sueldo.<\/p>\n<p> Cualquiera puede observar el talante de la direcci&oacute;n de Reiner e Hijos SL a la hora de hablar, comunicar y tratar&nbsp;los diferentes problemas que pueden surgir con los y las trabajadoras de la empresa.<\/p>\n<p> Por estos hechos, el pr&oacute;ximo 19 de marzo se celebrar&aacute; un juicio en el juzgado de Eibar. Tambi&eacute;n queremos&nbsp;recordar que esta situaci&oacute;n no es una casualidad, ya que tras la anterior falta impuesta a la delegada de Reiner,&nbsp;ahora van a por otro trabajador. &iquest;Hasta d&oacute;nde quieren llegar? &iquest;Cu&aacute;les son los objetivos de esta empresa,&nbsp;amedrentar a los y las trabajadoras para que hagan las cosas a su antojo.<br \/> &nbsp;<\/div>\n<div style=\"width:180px; float:left; padding-left:15px;\">\n<div style=\"text-align: center; \"><a href=\"\/rssak\"><input src=\"\/materiala\/argazkiak\/feed.png\" alt=\"RSSak\" longdesc=\"undefined\" width=\"30\" type=\"image\" height=\"30\" \/><\/a><a target=\"_blank\" href=\"http:\/\/www.facebook.com\/pages\/LAB-sindikatua\/292846207397345\" rel=\"noopener noreferrer\"><input src=\"\/modules\/mod_socialmediacloud\/icons\/facebook.png\" alt=\"LAB Facebooken\" longdesc=\"undefined\" width=\"30\" type=\"image\" height=\"30\" \/><\/a><a target=\"_blank\" href=\"http:\/\/issuu.com\/lab_argitalpenak\" rel=\"noopener noreferrer\"><input src=\"\/modules\/mod_socialmediacloud\/icons\/issuu.png\" longdesc=\"undefined\" width=\"30\" type=\"image\" height=\"30\" \/><\/a><a target=\"_blank\" href=\"http:\/\/es.scribd.com\/LABsindikatua\" rel=\"noopener noreferrer\"><input src=\"\/modules\/mod_socialmediacloud\/icons\/scribd.png\" longdesc=\"undefined\" width=\"30\" type=\"image\" height=\"30\" \/><br \/> <\/a><\/div>\n<div style=\"text-align: center; \"><a target=\"_blank\" href=\"http:\/\/twitter.com\/LABsindikatua\" rel=\"noopener noreferrer\"><input src=\"\/modules\/mod_socialmediacloud\/icons\/twitter.png\" longdesc=\"undefined\" width=\"30\" type=\"image\" height=\"30\" \/><\/a><a target=\"_blank\" href=\"http:\/\/www.youtube.com\/user\/labsindikatua\" rel=\"noopener noreferrer\"><input src=\"\/modules\/mod_socialmediacloud\/icons\/youtube.png\" longdesc=\"undefined\" width=\"30\" type=\"image\" height=\"30\" \/><\/a><a target=\"_blank\" href=\"http:\/\/www.flickr.com\/photos\/lab-sindikatua\/\" rel=\"noopener noreferrer\"><input src=\"\/modules\/mod_socialmediacloud\/icons\/flickr.png\" longdesc=\"undefined\" width=\"30\" type=\"image\" height=\"30\" \/><\/a><a href=\"http:\/\/www.labsindikatua.org\/eu\/hasiera\/upload\"><input src=\"\/modules\/mod_socialmediacloud\/icons\/igo.png\" longdesc=\"undefined\" width=\"30\" type=\"image\" height=\"30\" \/><\/a><\/div>\n<p> &nbsp;<\/p><\/div>\n<div>&nbsp;<\/div>\n","protected":false},"excerpt":{"rendered":"<p>Hoy, 15 de marzo han realizado una asamblea informativa y una concentraci&oacute;n de 13:30 a 14:40 frente a la empresa, con el objetivo de apoyar a su compa&ntilde;ero y denunciar el juicio que se celebrar&aacute; el 19 de marzo en Eibar. Antes del fin del 2017, un trabajador de la empresa Reiner e Hijos SL [&hellip;]<\/p>\n","protected":false},"author":1,"featured_media":16922,"comment_status":"open","ping_status":"open","sticky":false,"template":"","format":"standard","meta":{"_monsterinsights_skip_tracking":false,"_monsterinsights_sitenote_active":false,"_monsterinsights_sitenote_note":"","_monsterinsights_sitenote_category":0,"footnotes":"","_links_to":"","_links_to_target":""},"categories":[98],"tags":[2996],"class_list":{"0":"post-16923","1":"post","2":"type-post","3":"status-publish","4":"format-standard","5":"has-post-thumbnail","7":"category-es-industria-quimica","8":"tag-industria-es"},"_links":{"self":[{"href":"https:\/\/www.lab.eus\/es\/wp-json\/wp\/v2\/posts\/16923","targetHints":{"allow":["GET"]}}],"collection":[{"href":"https:\/\/www.lab.eus\/es\/wp-json\/wp\/v2\/posts"}],"about":[{"href":"https:\/\/www.lab.eus\/es\/wp-json\/wp\/v2\/types\/post"}],"author":[{"embeddable":true,"href":"https:\/\/www.lab.eus\/es\/wp-json\/wp\/v2\/users\/1"}],"replies":[{"embeddable":true,"href":"https:\/\/www.lab.eus\/es\/wp-json\/wp\/v2\/comments?post=16923"}],"version-history":[{"count":0,"href":"https:\/\/www.lab.eus\/es\/wp-json\/wp\/v2\/posts\/16923\/revisions"}],"wp:featuredmedia":[{"embeddable":true,"href":"https:\/\/www.lab.eus\/es\/wp-json\/wp\/v2\/media\/16922"}],"wp:attachment":[{"href":"https:\/\/www.lab.eus\/es\/wp-json\/wp\/v2\/media?parent=16923"}],"wp:term":[{"taxonomy":"category","embeddable":true,"href":"https:\/\/www.lab.eus\/es\/wp-json\/wp\/v2\/categories?post=16923"},{"taxonomy":"post_tag","embeddable":true,"href":"https:\/\/www.lab.eus\/es\/wp-json\/wp\/v2\/tags?post=16923"}],"curies":[{"name":"wp","href":"https:\/\/api.w.org\/{rel}","templated":true}]}}