{"id":16670,"date":"2018-02-08T11:18:07","date_gmt":"2018-02-08T11:18:07","guid":{"rendered":"https:\/\/www.lab.eus\/hemos-exigido-en-irunea-la-inclusion-de-clausulas-sociales-en-los-contratos-publicos\/"},"modified":"2018-02-08T11:18:07","modified_gmt":"2018-02-08T11:18:07","slug":"hemos-exigido-en-irunea-la-inclusion-de-clausulas-sociales-en-los-contratos-publicos","status":"publish","type":"post","link":"https:\/\/www.lab.eus\/es\/hemos-exigido-en-irunea-la-inclusion-de-clausulas-sociales-en-los-contratos-publicos\/","title":{"rendered":"Hemos exigido en Iru\u00f1ea la inclusi\u00f3n de cl\u00e1usulas sociales en los contratos p\u00fablicos"},"content":{"rendered":"<p> <\/p>\n<div style=\"padding-right:15px;width:345px; float:left; border-right-style:solid; border-right-width:1px; border-right-color:#dddddd\"><img loading=\"lazy\" decoding=\"async\" class=\" size-full wp-image-16669\" src=\"https:\/\/www.lab.eus\/wp-content\/uploads\/2018\/02\/materiala_argazkiak_zerbitzuPublikoak_enpleguPublikoa_18_02_08Nafarroa_Klausulak.jpg\" width=\"345\" height=\"230\" alt=\"\" srcset=\"https:\/\/www.lab.eus\/wp-content\/uploads\/2018\/02\/materiala_argazkiak_zerbitzuPublikoak_enpleguPublikoa_18_02_08Nafarroa_Klausulak.jpg 800w, https:\/\/www.lab.eus\/wp-content\/uploads\/2018\/02\/materiala_argazkiak_zerbitzuPublikoak_enpleguPublikoa_18_02_08Nafarroa_Klausulak-300x200.jpg 300w, https:\/\/www.lab.eus\/wp-content\/uploads\/2018\/02\/materiala_argazkiak_zerbitzuPublikoak_enpleguPublikoa_18_02_08Nafarroa_Klausulak-768x512.jpg 768w, https:\/\/www.lab.eus\/wp-content\/uploads\/2018\/02\/materiala_argazkiak_zerbitzuPublikoak_enpleguPublikoa_18_02_08Nafarroa_Klausulak-150x100.jpg 150w, https:\/\/www.lab.eus\/wp-content\/uploads\/2018\/02\/materiala_argazkiak_zerbitzuPublikoak_enpleguPublikoa_18_02_08Nafarroa_Klausulak-696x464.jpg 696w, https:\/\/www.lab.eus\/wp-content\/uploads\/2018\/02\/materiala_argazkiak_zerbitzuPublikoak_enpleguPublikoa_18_02_08Nafarroa_Klausulak-630x420.jpg 630w\" sizes=\"auto, (max-width: 345px) 100vw, 345px\" \/><em><span style=\"font-size: 14px; \"><\/p>\n<p> LAB, CCOO y ELA nos hemos concentrado hoy frente al Parlamento de Navarra para seguir exigiendo a todos los grupos parlamentarios la inclusi&oacute;n en la Ley de Contratos P&uacute;blicos de cl&aacute;usulas sociales que garanticen unas condiciones dignas a los y a las trabajadoras subcontratadas.<br \/> <\/span><\/em><br \/> La subcontrataci&oacute;n de servicios p&uacute;blicos ha generado en Navarra una aut&eacute;ntica administraci&oacute;n paralela que da empleo a miles de trabajadores y trabajadoras. Esta subcontrataci&oacute;n supone en muchos casos un nicho de negocio para las empresas privadas, demasiadas veces a costa de las condiciones de trabajo de las personas empleadas en los mismos.<\/p>\n<p> Entendemos que la administraci&oacute;n p&uacute;blica debe velar por la calidad de los servicios que presta, incluidos los servicios subcontratados. Y no hay servicios de calidad si &eacute;stos se prestan en condiciones laborales precarias. Para los sindicatos CCOO, ELA y LAB es indiscutible que la responsabilidad &uacute;ltima en estos servicios, que se prestan con dinero p&uacute;blico, es de la administraci&oacute;n.<\/p>\n<p> El proyecto de Ley que se ha remitido al Parlamento por parte del Gobierno de Navarra supone una oportunidad perdida para demostrar un compromiso real con la calidad de los servicios p&uacute;blicos que se prestan v&iacute;a subcontrataci&oacute;n, empezando por la propia calidad de las condiciones de trabajo de los mismos.<\/p>\n<p> Desde CCOO, ELA y LAB no entender&iacute;amos que el cambio social que se propugna no tuviese en cuenta las cuestiones que afectan a los y las trabajadoras navarras.<\/p>\n<p> Algunas de las cl&aacute;usulas sociales que la Ley de Contratos P&uacute;blicos de Navarra deber&iacute;a incorporar son:<\/p>\n<p> &bull;\tSubrogaci&oacute;n: obligatoria en todos los contratos  de servicios y en los de concesi&oacute;n de servicios.<\/p>\n<p> &bull;\tAplicaci&oacute;n del convenio sectorial de la actividad a realizar como condici&oacute;n de m&iacute;nimos<\/p>\n<p> &bull;\tAplicaci&oacute;n del convenio de centro de trabajo en los casos en que &eacute;ste exista y mejore el convenio sectorial.<\/p>\n<p> &bull;\tEstablecimiento de una plantilla m&iacute;nima y un n&uacute;mero de jornadas garantizadas que aseguren una prestaci&oacute;n de calidad acorde a las cargas de trabajo. Igualmente se garantizar&aacute;n las sustituciones de las ausencias que se pudiesen producir.<\/p>\n<p> &bull;\tCriterios de puntuaci&oacute;n en los que el precio no sea determinante: ya que prime el precio por encima de todo hace que finalmente empeore la prestaci&oacute;n del servicio p&uacute;blico, no se cumplan los pliegos y se despida o recorta a trabajadoras condiciones laborales.<\/p>\n<p> &bull;\tEstablecer sanciones a las empresas que incumplan los pliegos, los convenios colectivos o la legislaci&oacute;n laboral.<\/p>\n<p> &bull;\tParticipaci&oacute;n de los y las trabajadores y sus representantes en la elaboraci&oacute;n de los pliegos, en los procesos de adjudicaci&oacute;n y en el seguimiento y vigilancia del cumplimiento de los pliegos.<\/p>\n<p> &bull;\tIncentivar la presencia y utilizaci&oacute;n del euskera a trav&eacute;s de un plan de formaci&oacute;n a los trabajadores que est&eacute;n atendiendo al p&uacute;blico.<\/p>\n<p> &nbsp;<\/p><\/div>\n<div style=\"width:180px; float:left; padding-left:15px;\">\n<div style=\"text-align: center; \"><a href=\"\/rssak\"><input src=\"\/materiala\/argazkiak\/feed.png\" alt=\"RSSak\" longdesc=\"undefined\" width=\"30\" type=\"image\" height=\"30\" \/><\/a><a target=\"_blank\" href=\"http:\/\/www.facebook.com\/pages\/LAB-sindikatua\/292846207397345\" rel=\"noopener noreferrer\"><input src=\"\/modules\/mod_socialmediacloud\/icons\/facebook.png\" alt=\"LAB Facebooken\" longdesc=\"undefined\" width=\"30\" type=\"image\" height=\"30\" \/><\/a><a target=\"_blank\" href=\"http:\/\/issuu.com\/lab_argitalpenak\" rel=\"noopener noreferrer\"><input src=\"\/modules\/mod_socialmediacloud\/icons\/issuu.png\" longdesc=\"undefined\" width=\"30\" type=\"image\" height=\"30\" \/><\/a><a target=\"_blank\" href=\"http:\/\/es.scribd.com\/LABsindikatua\" rel=\"noopener noreferrer\"><input src=\"\/modules\/mod_socialmediacloud\/icons\/scribd.png\" longdesc=\"undefined\" width=\"30\" type=\"image\" height=\"30\" \/><br \/> <\/a><\/div>\n<div style=\"text-align: center; \"><a target=\"_blank\" href=\"http:\/\/twitter.com\/LABsindikatua\" rel=\"noopener noreferrer\"><input src=\"\/modules\/mod_socialmediacloud\/icons\/twitter.png\" longdesc=\"undefined\" width=\"30\" type=\"image\" height=\"30\" \/><\/a><a target=\"_blank\" href=\"http:\/\/www.youtube.com\/user\/labsindikatua\" rel=\"noopener noreferrer\"><input src=\"\/modules\/mod_socialmediacloud\/icons\/youtube.png\" longdesc=\"undefined\" width=\"30\" type=\"image\" height=\"30\" \/><\/a><a target=\"_blank\" href=\"http:\/\/www.flickr.com\/photos\/lab-sindikatua\/\" rel=\"noopener noreferrer\"><input src=\"\/modules\/mod_socialmediacloud\/icons\/flickr.png\" longdesc=\"undefined\" width=\"30\" type=\"image\" height=\"30\" \/><\/a><a href=\"http:\/\/www.labsindikatua.org\/eu\/hasiera\/upload\"><input src=\"\/modules\/mod_socialmediacloud\/icons\/igo.png\" longdesc=\"undefined\" width=\"30\" type=\"image\" height=\"30\" \/><\/a><\/div>\n<p> &nbsp;<\/p><\/div>\n<div>&nbsp;<\/div>\n","protected":false},"excerpt":{"rendered":"<p>LAB, CCOO y ELA nos hemos concentrado hoy frente al Parlamento de Navarra para seguir exigiendo a todos los grupos parlamentarios la inclusi&oacute;n en la Ley de Contratos P&uacute;blicos de cl&aacute;usulas sociales que garanticen unas condiciones dignas a los y a las trabajadoras subcontratadas. La subcontrataci&oacute;n de servicios p&uacute;blicos ha generado en Navarra una aut&eacute;ntica [&hellip;]<\/p>\n","protected":false},"author":1,"featured_media":16669,"comment_status":"open","ping_status":"open","sticky":false,"template":"","format":"standard","meta":{"_monsterinsights_skip_tracking":false,"_monsterinsights_sitenote_active":false,"_monsterinsights_sitenote_note":"","_monsterinsights_sitenote_category":0,"footnotes":"","_links_to":"","_links_to_target":""},"categories":[3118,2998],"tags":[],"class_list":{"0":"post-16670","1":"post","2":"type-post","3":"status-publish","4":"format-standard","5":"has-post-thumbnail","7":"category-politica-de-empleo","8":"category-uncategorized-eu-es"},"_links":{"self":[{"href":"https:\/\/www.lab.eus\/es\/wp-json\/wp\/v2\/posts\/16670","targetHints":{"allow":["GET"]}}],"collection":[{"href":"https:\/\/www.lab.eus\/es\/wp-json\/wp\/v2\/posts"}],"about":[{"href":"https:\/\/www.lab.eus\/es\/wp-json\/wp\/v2\/types\/post"}],"author":[{"embeddable":true,"href":"https:\/\/www.lab.eus\/es\/wp-json\/wp\/v2\/users\/1"}],"replies":[{"embeddable":true,"href":"https:\/\/www.lab.eus\/es\/wp-json\/wp\/v2\/comments?post=16670"}],"version-history":[{"count":0,"href":"https:\/\/www.lab.eus\/es\/wp-json\/wp\/v2\/posts\/16670\/revisions"}],"wp:featuredmedia":[{"embeddable":true,"href":"https:\/\/www.lab.eus\/es\/wp-json\/wp\/v2\/media\/16669"}],"wp:attachment":[{"href":"https:\/\/www.lab.eus\/es\/wp-json\/wp\/v2\/media?parent=16670"}],"wp:term":[{"taxonomy":"category","embeddable":true,"href":"https:\/\/www.lab.eus\/es\/wp-json\/wp\/v2\/categories?post=16670"},{"taxonomy":"post_tag","embeddable":true,"href":"https:\/\/www.lab.eus\/es\/wp-json\/wp\/v2\/tags?post=16670"}],"curies":[{"name":"wp","href":"https:\/\/api.w.org\/{rel}","templated":true}]}}