{"id":16591,"date":"2018-01-29T08:49:50","date_gmt":"2018-01-29T08:49:50","guid":{"rendered":"https:\/\/www.lab.eus\/opinion-amanos-juridicos-al-servicio-de-la-discriminacion-entre-profesorado-de-la-upv\/"},"modified":"2018-01-29T08:49:50","modified_gmt":"2018-01-29T08:49:50","slug":"opinion-amanos-juridicos-al-servicio-de-la-discriminacion-entre-profesorado-de-la-upv","status":"publish","type":"post","link":"https:\/\/www.lab.eus\/es\/opinion-amanos-juridicos-al-servicio-de-la-discriminacion-entre-profesorado-de-la-upv\/","title":{"rendered":"[OPINI\u00d3N] Ama\u00f1os jur\u00eddicos al servicio de la discriminaci\u00f3n entre profesorado de la UPV"},"content":{"rendered":"<div style=\"padding-right:15px;width:345px; float:left; border-right-style:solid; border-right-width:1px; border-right-color:#dddddd\"><em><span style=\"font-size: 14px; \">Cerca de 50 profesores y profesoras de la UPV, representantes del sindicatos LAB entre ellas, han escrito un art&iacute;culo opini&oacute;n para reivindicar sueldos y condiciones laborales dignas para el personal docente e investigador de la Universidad P&uacute;blica Vasca. Este escrito se enmarca dentro de las <a href=\"http:\/\/www.lab.eus\/es\/federaciones\/servicios-publicos\/irakaskuntza\/32-unibertsitatea\/7056-soldata-eta-lan-baldintza-duinak-eskatu-ditugu-ehuko-irakasle-eta-ikertzaileentzat\"><u><span style=\"color: rgb(128, 0, 0);\">protestas que vienen realizando en las &uacute;ltimas semanas<\/span><\/u><\/a>.<\/p>\n<p> <\/span><\/em>Frente a la imagen de muchas personas y lo que algunas tratan de difundir, las y los profesores de la UPV\/EHU no somos unos privilegiados. Conseguir un puesto de profesor permanente es una aut&eacute;ntica carrera de fondo en la cual no son pocos los obst&aacute;culos. Tras varios a&ntilde;os de investigaci&oacute;n y una vez presentada la tesis doctoral, llegan otras fases: conseguir las acreditaciones (evaluaci&oacute;n de m&eacute;ritos por una entidad externa) para poder promocionar y, una vez creada y convocada la plaza, opositar: primero para profesor adjunto (temporal, hasta 5 a&ntilde;os) y luego para profesor agregado o titular (figuras permanentes). Esta es la v&iacute;a habitual, si bien existen muchos profesores con otras figuras no permanentes. De esta forma, despu&eacute;s de desempe&ntilde;arse numerosos a&ntilde;os en actividades de docencia, investigaci&oacute;n y gesti&oacute;n, de haber realizado estancias en centros de investigaci&oacute;n extranjeros, de haber logrado las correspondientes acreditaciones y haber superado dos oposiciones, se pasa a ser profesor permanente. Esto ocurre normalmente a los 35-45 a&ntilde;os (aunque, en muchos casos, con m&aacute;s edad). Si bien esta carrera de fondo supone un alto nivel de formaci&oacute;n, los sueldos no son los que puede imaginar la mayor&iacute;a de la poblaci&oacute;n (las vacaciones tampoco&hellip;). Los profesores e investigadores permanentes de universidad tenemos sueldos bajos, inferiores a los del profesorado de secundaria y similares al de un ertzaina reci&eacute;n ingresado con graduado escolar.<\/p>\n<p> A fin de complementar estos bajos sueldos se cre&oacute; un sistema de complementos. Sin embargo, este modelo tiene trampa: todos los complementos no son universales, ya que la normativa deja fuera del sistema algunas figuras de profesorado. Ello posibilita que existan grandes diferencias entre profesores universitarios, cre&aacute;ndose un desequilibrio evidente.<\/p>\n<p> Esta exclusi&oacute;n es posible porque el Gobierno Vasco y la direcci&oacute;n de la UPV\/EHU est&aacute;n haciendo todos los esfuerzos posibles para que siga existiendo, y porque han hecho una apuesta clara por mantener dicha discriminaci&oacute;n frente a las peticiones para corregir esta situaci&oacute;n y frente a diversas sentencias judiciales. En concreto, la Ley de Universidades de la CAPV s&oacute;lo reconoce los quinquenios de docencia y los sexenios de investigaci&oacute;n al profesorado permanente. Esto constituye una clara discriminaci&oacute;n de facto del profesorado no permanente. Si lo que se eval&uacute;a son los m&eacute;ritos, acreditar m&eacute;ritos suficientes debiera ser el criterio para poder recibir el complemento correspondiente, y no el puesto que ocupa el profesor. M&aacute;s teniendo en cuenta que lograr una plaza permanente no est&aacute;, en gran medida, en manos del profesor, dependiendo tambi&eacute;n de otros muchos factores (necesidades del departamento, tasa de reposici&oacute;n, asignaci&oacute;n presupuestaria&hellip;).<\/p>\n<p> Con base en sentencias europeas favorables a los trabajadores temporales (en las cuales se recoge que, frente al desempe&ntilde;o de unas mismas actividades laborales, no se puede discriminar a los trabajadores en funci&oacute;n de que sean o no permanentes), se han producido tambi&eacute;n en la CAPV varias sentencias a favor del profesorado universitario no permanente. Se consigui&oacute; que &eacute;ste pudiera solicitar quinquenios (y parece que esa posibilidad tambi&eacute;n est&aacute; pr&oacute;xima en el caso de los sexenios). Sin embargo, nos encontramos entonces con otra traba. La direcci&oacute;n de la UPV\/EHU, despu&eacute;s de repetir una y otra vez que era imposible poder solicitar los quinquenios, una vez que se consigui&oacute;, encontr&oacute; una nueva excusa para no proceder al pago de los quinquenios reconocidos: que el decreto 41\/2008 del Gobierno Vasco que regula los complementos no recoge la cantidad que deber&iacute;a cobrar el profesorado no permanente&hellip; Es decir, tienes el m&eacute;rito y te lo reconozco, &iexcl;pero no te lo pago por ocupar una plaza temporal&hellip;! A pesar de todo ello, un profesor temporal a quien se le reconocieron los quinquenios gan&oacute; un juicio en 2017, en el cual la jueza conden&oacute; a la UPV\/EHU a abonarle los quinquenios, fijando adem&aacute;s el importe concreto a pagar. La direcci&oacute;n de la UPV\/EHU interpuso un recurso a la sentencia (luego nos dir&aacute;n que tenemos que llevar con orgullo el nombre de la UPV\/EHU&hellip;) pero se desestim&oacute;; por lo tanto, la sentencia pas&oacute; a ser firme y se abon&oacute; a dicho profesor lo que le correspond&iacute;a. Qued&oacute; patente que era posible pagar lo reconocido. Sin embargo, frente a las peticiones y movilizaciones realizadas por el colectivo afectado para exigir el fin de esta discriminaci&oacute;n, la respuesta de la direcci&oacute;n de la UPV\/EHU ha sido mirar hacia otro lado, disfrazando la falta de voluntad con ropaje jur&iacute;dico. Para eso utilizan frecuentemente sus (aunque los paguemos todos) servicios jur&iacute;dicos: para defender su posici&oacute;n y sus decisiones, en vez de para buscar soluciones a las justas peticiones de los y las trabajadoras.<\/p>\n<p> Nos encontramos, por tanto, con dos responsables pero con una misma actitud. Por un lado, El Gobierno Vasco se niega a realizar los cambios legislativos necesarios, aferr&aacute;ndose a un decreto que ha quedado obsoleto, para as&iacute; quitarnos a las y los trabajadores lo que nos corresponde. Por otro, cumpliendo un papel c&oacute;mplice, el equipo de direcci&oacute;n de la UPV\/EHU niega las v&iacute;as de que dispone para poder hacer efectivo el abono de los m&eacute;ritos reconocidos a sus trabajadores, utilizando artima&ntilde;as jur&iacute;dicas para esconder su responsabilidad. Ambos actores con una misma actitud: la falta de voluntad para acabar con esta situaci&oacute;n de discriminaci&oacute;n. M&aacute;s all&aacute; de la propaganda sobre modernidad, igualdad, responsabilidad social y &eacute;tica, hay que decirlo bien claro: el Gobierno Vasco (con la consejera de Educaci&oacute;n Cristina Uriarte y el viceconsejero de Universidades e investigaci&oacute;n Adolfo Morais al frente) y la propia direcci&oacute;n de la UPV\/EHU (con la rectora Nekane Balluerka y la vicerrectora de Personal docente e investigador Inmaculada Gerrikagoitia al frente) discriminan al profesorado no permanente de la UPV\/EHU.<\/p>\n<p> &iquest;Por cu&aacute;nto tiempo seguir&aacute;n escud&aacute;ndose tras excusas dilatorias para no hacer frente al problema? Cuando se utiliza como excusa una ley que ha quedado superada y no se quiere actualizar se est&aacute; haciendo trampas. Se nos est&aacute; haciendo trampas a los y las trabajadoras.<br \/> &nbsp;<\/div>\n<div style=\"width:180px; float:left; padding-left:15px;\">\n<div style=\"text-align: center; \"><a href=\"\/rssak\"><input src=\"\/materiala\/argazkiak\/feed.png\" alt=\"RSSak\" longdesc=\"undefined\" width=\"30\" type=\"image\" height=\"30\" \/><\/a><a target=\"_blank\" href=\"http:\/\/www.facebook.com\/pages\/LAB-sindikatua\/292846207397345\" rel=\"noopener noreferrer\"><input src=\"\/modules\/mod_socialmediacloud\/icons\/facebook.png\" alt=\"LAB Facebooken\" longdesc=\"undefined\" width=\"30\" type=\"image\" height=\"30\" \/><\/a><a target=\"_blank\" href=\"http:\/\/issuu.com\/lab_argitalpenak\" rel=\"noopener noreferrer\"><input src=\"\/modules\/mod_socialmediacloud\/icons\/issuu.png\" longdesc=\"undefined\" width=\"30\" type=\"image\" height=\"30\" \/><\/a><a target=\"_blank\" href=\"http:\/\/es.scribd.com\/LABsindikatua\" rel=\"noopener noreferrer\"><input src=\"\/modules\/mod_socialmediacloud\/icons\/scribd.png\" longdesc=\"undefined\" width=\"30\" type=\"image\" height=\"30\" \/><br \/> <\/a><\/div>\n<div style=\"text-align: center; \"><a target=\"_blank\" href=\"http:\/\/twitter.com\/LABsindikatua\" rel=\"noopener noreferrer\"><input src=\"\/modules\/mod_socialmediacloud\/icons\/twitter.png\" longdesc=\"undefined\" width=\"30\" type=\"image\" height=\"30\" \/><\/a><a target=\"_blank\" href=\"http:\/\/www.youtube.com\/user\/labsindikatua\" rel=\"noopener noreferrer\"><input src=\"\/modules\/mod_socialmediacloud\/icons\/youtube.png\" longdesc=\"undefined\" width=\"30\" type=\"image\" height=\"30\" \/><\/a><a target=\"_blank\" href=\"http:\/\/www.flickr.com\/photos\/lab-sindikatua\/\" rel=\"noopener noreferrer\"><input src=\"\/modules\/mod_socialmediacloud\/icons\/flickr.png\" longdesc=\"undefined\" width=\"30\" type=\"image\" height=\"30\" \/><\/a><a href=\"http:\/\/www.labsindikatua.org\/eu\/hasiera\/upload\"><input src=\"\/modules\/mod_socialmediacloud\/icons\/igo.png\" longdesc=\"undefined\" width=\"30\" type=\"image\" height=\"30\" \/><\/a><\/div>\n<p> &nbsp;<\/p><\/div>\n<div>&nbsp;<\/div>\n","protected":false},"excerpt":{"rendered":"<p>Cerca de 50 profesores y profesoras de la UPV, representantes del sindicatos LAB entre ellas, han escrito un art&iacute;culo opini&oacute;n para reivindicar sueldos y condiciones laborales dignas para el personal docente e investigador de la Universidad P&uacute;blica Vasca. Este escrito se enmarca dentro de las protestas que vienen realizando en las &uacute;ltimas semanas. Frente a [&hellip;]<\/p>\n","protected":false},"author":1,"featured_media":0,"comment_status":"open","ping_status":"open","sticky":false,"template":"","format":"standard","meta":{"_monsterinsights_skip_tracking":false,"_monsterinsights_sitenote_active":false,"_monsterinsights_sitenote_note":"","_monsterinsights_sitenote_category":0,"footnotes":"","_links_to":"","_links_to_target":""},"categories":[2998,3059],"tags":[],"class_list":{"0":"post-16591","1":"post","2":"type-post","3":"status-publish","4":"format-standard","6":"category-uncategorized-eu-es","7":"category-universidad"},"_links":{"self":[{"href":"https:\/\/www.lab.eus\/es\/wp-json\/wp\/v2\/posts\/16591","targetHints":{"allow":["GET"]}}],"collection":[{"href":"https:\/\/www.lab.eus\/es\/wp-json\/wp\/v2\/posts"}],"about":[{"href":"https:\/\/www.lab.eus\/es\/wp-json\/wp\/v2\/types\/post"}],"author":[{"embeddable":true,"href":"https:\/\/www.lab.eus\/es\/wp-json\/wp\/v2\/users\/1"}],"replies":[{"embeddable":true,"href":"https:\/\/www.lab.eus\/es\/wp-json\/wp\/v2\/comments?post=16591"}],"version-history":[{"count":0,"href":"https:\/\/www.lab.eus\/es\/wp-json\/wp\/v2\/posts\/16591\/revisions"}],"wp:attachment":[{"href":"https:\/\/www.lab.eus\/es\/wp-json\/wp\/v2\/media?parent=16591"}],"wp:term":[{"taxonomy":"category","embeddable":true,"href":"https:\/\/www.lab.eus\/es\/wp-json\/wp\/v2\/categories?post=16591"},{"taxonomy":"post_tag","embeddable":true,"href":"https:\/\/www.lab.eus\/es\/wp-json\/wp\/v2\/tags?post=16591"}],"curies":[{"name":"wp","href":"https:\/\/api.w.org\/{rel}","templated":true}]}}