{"id":16419,"date":"2017-12-20T16:21:49","date_gmt":"2017-12-20T16:21:49","guid":{"rendered":"https:\/\/www.lab.eus\/el-exiguo-incremento-del-salario-minimo-interprofesional-perpetua-la-exclusion-social-y-la-precariedad\/"},"modified":"2017-12-20T16:21:49","modified_gmt":"2017-12-20T16:21:49","slug":"el-exiguo-incremento-del-salario-minimo-interprofesional-perpetua-la-exclusion-social-y-la-precariedad","status":"publish","type":"post","link":"https:\/\/www.lab.eus\/es\/el-exiguo-incremento-del-salario-minimo-interprofesional-perpetua-la-exclusion-social-y-la-precariedad\/","title":{"rendered":"El exiguo incremento del Salario M\u00ednimo Interprofesional perpet\u00faa la exclusi\u00f3n social y la precariedad"},"content":{"rendered":"<div style=\"padding-right:15px;width:345px; float:left; border-right-style:solid; border-right-width:1px; border-right-color:#dddddd\"><em><span style=\"font-size: 14px; \">El Salario M&iacute;nimo Interprofesional (SMI) de 880 euros mensuales para 2020, propuesto por el gobierno del PP y aceptado por CCOO y UGT, para el 2020, no cumple ni de lejos con los criterios de la Carta Social Europea, que sit&uacute;a el SMI en el 60% del salario medio.<\/p>\n<p> <\/span><\/em>Seg&uacute;n dicha Carta a las trabajadoras y trabajadores vascos, les corresponder&iacute;a un SMI de 1.300 euros en 2017. Es un pacto netamente insuficiente que perpet&uacute;a la exclusi&oacute;n social y la precariedad.<\/p>\n<p> Adem&aacute;s, es un acuerdo impuesto y negociado por encima de la mayor&iacute;a social, sindical y pol&iacute;tica vasca.<br \/> &nbsp;<\/div>\n<div style=\"width:180px; float:left; padding-left:15px;\">\n<div style=\"text-align: center; \"><a href=\"\/rssak\"><input src=\"\/materiala\/argazkiak\/feed.png\" alt=\"RSSak\" longdesc=\"undefined\" width=\"30\" type=\"image\" height=\"30\" \/><\/a><a target=\"_blank\" href=\"http:\/\/www.facebook.com\/pages\/LAB-sindikatua\/292846207397345\" rel=\"noopener noreferrer\"><input src=\"\/modules\/mod_socialmediacloud\/icons\/facebook.png\" alt=\"LAB Facebooken\" longdesc=\"undefined\" width=\"30\" type=\"image\" height=\"30\" \/><\/a><a target=\"_blank\" href=\"http:\/\/issuu.com\/lab_argitalpenak\" rel=\"noopener noreferrer\"><input src=\"\/modules\/mod_socialmediacloud\/icons\/issuu.png\" longdesc=\"undefined\" width=\"30\" type=\"image\" height=\"30\" \/><\/a><a target=\"_blank\" href=\"http:\/\/es.scribd.com\/LABsindikatua\" rel=\"noopener noreferrer\"><input src=\"\/modules\/mod_socialmediacloud\/icons\/scribd.png\" longdesc=\"undefined\" width=\"30\" type=\"image\" height=\"30\" \/><br \/> <\/a><\/div>\n<div style=\"text-align: center; \"><a target=\"_blank\" href=\"http:\/\/twitter.com\/LABsindikatua\" rel=\"noopener noreferrer\"><input src=\"\/modules\/mod_socialmediacloud\/icons\/twitter.png\" longdesc=\"undefined\" width=\"30\" type=\"image\" height=\"30\" \/><\/a><a target=\"_blank\" href=\"http:\/\/www.youtube.com\/user\/labsindikatua\" rel=\"noopener noreferrer\"><input src=\"\/modules\/mod_socialmediacloud\/icons\/youtube.png\" longdesc=\"undefined\" width=\"30\" type=\"image\" height=\"30\" \/><\/a><a target=\"_blank\" href=\"http:\/\/www.flickr.com\/photos\/lab-sindikatua\/\" rel=\"noopener noreferrer\"><input src=\"\/modules\/mod_socialmediacloud\/icons\/flickr.png\" longdesc=\"undefined\" width=\"30\" type=\"image\" height=\"30\" \/><\/a><a href=\"http:\/\/www.labsindikatua.org\/eu\/hasiera\/upload\"><input src=\"\/modules\/mod_socialmediacloud\/icons\/igo.png\" longdesc=\"undefined\" width=\"30\" type=\"image\" height=\"30\" \/><\/a><\/div>\n<p> &nbsp;<\/p><\/div>\n<div>&nbsp;<\/div>\n","protected":false},"excerpt":{"rendered":"<p>El Salario M&iacute;nimo Interprofesional (SMI) de 880 euros mensuales para 2020, propuesto por el gobierno del PP y aceptado por CCOO y UGT, para el 2020, no cumple ni de lejos con los criterios de la Carta Social Europea, que sit&uacute;a el SMI en el 60% del salario medio. Seg&uacute;n dicha Carta a las trabajadoras [&hellip;]<\/p>\n","protected":false},"author":1,"featured_media":0,"comment_status":"open","ping_status":"open","sticky":false,"template":"","format":"standard","meta":{"_monsterinsights_skip_tracking":false,"_monsterinsights_sitenote_active":false,"_monsterinsights_sitenote_note":"","_monsterinsights_sitenote_category":0,"footnotes":"","_links_to":"","_links_to_target":""},"categories":[2994,2998],"tags":[3182],"class_list":{"0":"post-16419","1":"post","2":"type-post","3":"status-publish","4":"format-standard","6":"category-accion-social","7":"category-uncategorized-eu-es","8":"tag-accion-social-es"},"_links":{"self":[{"href":"https:\/\/www.lab.eus\/es\/wp-json\/wp\/v2\/posts\/16419","targetHints":{"allow":["GET"]}}],"collection":[{"href":"https:\/\/www.lab.eus\/es\/wp-json\/wp\/v2\/posts"}],"about":[{"href":"https:\/\/www.lab.eus\/es\/wp-json\/wp\/v2\/types\/post"}],"author":[{"embeddable":true,"href":"https:\/\/www.lab.eus\/es\/wp-json\/wp\/v2\/users\/1"}],"replies":[{"embeddable":true,"href":"https:\/\/www.lab.eus\/es\/wp-json\/wp\/v2\/comments?post=16419"}],"version-history":[{"count":0,"href":"https:\/\/www.lab.eus\/es\/wp-json\/wp\/v2\/posts\/16419\/revisions"}],"wp:attachment":[{"href":"https:\/\/www.lab.eus\/es\/wp-json\/wp\/v2\/media?parent=16419"}],"wp:term":[{"taxonomy":"category","embeddable":true,"href":"https:\/\/www.lab.eus\/es\/wp-json\/wp\/v2\/categories?post=16419"},{"taxonomy":"post_tag","embeddable":true,"href":"https:\/\/www.lab.eus\/es\/wp-json\/wp\/v2\/tags?post=16419"}],"curies":[{"name":"wp","href":"https:\/\/api.w.org\/{rel}","templated":true}]}}