{"id":16048,"date":"2017-10-23T08:21:05","date_gmt":"2017-10-23T08:21:05","guid":{"rendered":"https:\/\/www.lab.eus\/denunciamos-la-intervencion-del-medio-de-comunicacion-publico-de-catalunya\/"},"modified":"2017-10-23T08:21:05","modified_gmt":"2017-10-23T08:21:05","slug":"denunciamos-la-intervencion-del-medio-de-comunicacion-publico-de-catalunya","status":"publish","type":"post","link":"https:\/\/www.lab.eus\/es\/denunciamos-la-intervencion-del-medio-de-comunicacion-publico-de-catalunya\/","title":{"rendered":"Denunciamos la intervenci\u00f3n del medio de comunicaci\u00f3n p\u00fablico de Catalunya"},"content":{"rendered":"<p> <\/p>\n<div style=\"padding-right:15px;width:345px; float:left; border-right-style:solid; border-right-width:1px; border-right-color:#dddddd\"><img loading=\"lazy\" decoding=\"async\" class=\" size-full wp-image-16047\" src=\"https:\/\/www.lab.eus\/wp-content\/uploads\/2017\/10\/materiala_argazkiak_nazioartea_elkartasuna_17_10_23TV3_Eitb.jpg\" width=\"345\" height=\"259\" alt=\"\" srcset=\"https:\/\/www.lab.eus\/wp-content\/uploads\/2017\/10\/materiala_argazkiak_nazioartea_elkartasuna_17_10_23TV3_Eitb.jpg 800w, https:\/\/www.lab.eus\/wp-content\/uploads\/2017\/10\/materiala_argazkiak_nazioartea_elkartasuna_17_10_23TV3_Eitb-300x225.jpg 300w, https:\/\/www.lab.eus\/wp-content\/uploads\/2017\/10\/materiala_argazkiak_nazioartea_elkartasuna_17_10_23TV3_Eitb-768x576.jpg 768w, https:\/\/www.lab.eus\/wp-content\/uploads\/2017\/10\/materiala_argazkiak_nazioartea_elkartasuna_17_10_23TV3_Eitb-150x113.jpg 150w, https:\/\/www.lab.eus\/wp-content\/uploads\/2017\/10\/materiala_argazkiak_nazioartea_elkartasuna_17_10_23TV3_Eitb-696x522.jpg 696w, https:\/\/www.lab.eus\/wp-content\/uploads\/2017\/10\/materiala_argazkiak_nazioartea_elkartasuna_17_10_23TV3_Eitb-560x420.jpg 560w, https:\/\/www.lab.eus\/wp-content\/uploads\/2017\/10\/materiala_argazkiak_nazioartea_elkartasuna_17_10_23TV3_Eitb-80x60.jpg 80w, https:\/\/www.lab.eus\/wp-content\/uploads\/2017\/10\/materiala_argazkiak_nazioartea_elkartasuna_17_10_23TV3_Eitb-265x198.jpg 265w\" sizes=\"auto, (max-width: 345px) 100vw, 345px\" \/><em><span style=\"font-size: 14px; \"><\/p>\n<p> El s&aacute;bado, el gobierno de Espa&ntilde;a con el apoyo de PP, PSOE y Ciudadanos adem&aacute;s de otras medidas bestiales decidi&oacute; asumir el control de la &quot;Corporaci&oacute; Catalana de Mitjans Audiovisuals&quot; (CCMA). Desde LAB de EITB primero queremos dar nuestro apoyo a toda la gente que est&aacute; impulsando el porceso democr&aacute;tico de Catalunya destacando hoy especialmente a los dos Jordis encarcelados. En ese contexto ampliamos el apoyo a las y los trabajadores del medio p&uacute;blico de Catalunya por el negro futuro pr&oacute;ximo que pueda llegar.<\/p>\n<p> <\/span><\/em>En Euskal Herria conocemos de sobra las medidas antidemocr&aacute;ticas del estado espa&ntilde;ol y lo crucial que considera para sus objetivos finales el tener bajo control los medios de comunicaci&oacute;n: cierre de medios, encarcelamiento de periodistas, creaci&oacute;n de leyes espec&iacute;ficas&#8230; Para lograr ese objetivo los gobiernos necesitan, cuando no consiguen destruir los medios de comunicaci&oacute;n p&uacute;blicos, aunque sea tenerlos controlados. Y no precisamente por el bien de la sociedad, sino en favor del partido de turno en el gobierno.<\/p>\n<p> Si bien la pluralidad en la informaci&oacute;n es de vital importancia, el concepto sube de nivel con el proceso de Catalunya. Y eso no lo puede aceptar el estado espa&ntilde;ol de ninguna manera, ya que el principio de un s&oacute;lo territorio pide un relato &uacute;nico. Y la labor que desarrolla hoy en d&iacute;a la CCMA, garantizar la pluralidad de la informaci&oacute;n, es inaceptable para el Estado y los partidos que lo sustentan.<\/p>\n<p> LAB de EITB se reafirma en lo que ha venido defendiendo a menudo: para construir sociedades libres son necesarios medios de comunicaci&oacute;n p&uacute;blicos, garantizando siempre la pluralidad, la libertad de expresi&oacute;n y de informaci&oacute;n y una profesionalidad y pluralidad lejos de los partidismos.<br \/> &nbsp;<\/div>\n<div style=\"width:180px; float:left; padding-left:15px;\">\n<div style=\"text-align: center; \"><a href=\"\/rssak\"><input src=\"\/materiala\/argazkiak\/feed.png\" alt=\"RSSak\" longdesc=\"undefined\" width=\"30\" type=\"image\" height=\"30\" \/><\/a><a target=\"_blank\" href=\"http:\/\/www.facebook.com\/pages\/LAB-sindikatua\/292846207397345\" rel=\"noopener noreferrer\"><input src=\"\/modules\/mod_socialmediacloud\/icons\/facebook.png\" alt=\"LAB Facebooken\" longdesc=\"undefined\" width=\"30\" type=\"image\" height=\"30\" \/><\/a><a target=\"_blank\" href=\"http:\/\/issuu.com\/lab_argitalpenak\" rel=\"noopener noreferrer\"><input src=\"\/modules\/mod_socialmediacloud\/icons\/issuu.png\" longdesc=\"undefined\" width=\"30\" type=\"image\" height=\"30\" \/><\/a><a target=\"_blank\" href=\"http:\/\/es.scribd.com\/LABsindikatua\" rel=\"noopener noreferrer\"><input src=\"\/modules\/mod_socialmediacloud\/icons\/scribd.png\" longdesc=\"undefined\" width=\"30\" type=\"image\" height=\"30\" \/><br \/> <\/a><\/div>\n<div style=\"text-align: center; \"><a target=\"_blank\" href=\"http:\/\/twitter.com\/LABsindikatua\" rel=\"noopener noreferrer\"><input src=\"\/modules\/mod_socialmediacloud\/icons\/twitter.png\" longdesc=\"undefined\" width=\"30\" type=\"image\" height=\"30\" \/><\/a><a target=\"_blank\" href=\"http:\/\/www.youtube.com\/user\/labsindikatua\" rel=\"noopener noreferrer\"><input src=\"\/modules\/mod_socialmediacloud\/icons\/youtube.png\" longdesc=\"undefined\" width=\"30\" type=\"image\" height=\"30\" \/><\/a><a target=\"_blank\" href=\"http:\/\/www.flickr.com\/photos\/lab-sindikatua\/\" rel=\"noopener noreferrer\"><input src=\"\/modules\/mod_socialmediacloud\/icons\/flickr.png\" longdesc=\"undefined\" width=\"30\" type=\"image\" height=\"30\" \/><\/a><a href=\"http:\/\/www.labsindikatua.org\/eu\/hasiera\/upload\"><input src=\"\/modules\/mod_socialmediacloud\/icons\/igo.png\" longdesc=\"undefined\" width=\"30\" type=\"image\" height=\"30\" \/><\/a><\/div>\n<p> &nbsp;<\/p><\/div>\n<div>&nbsp;<\/div>\n","protected":false},"excerpt":{"rendered":"<p>El s&aacute;bado, el gobierno de Espa&ntilde;a con el apoyo de PP, PSOE y Ciudadanos adem&aacute;s de otras medidas bestiales decidi&oacute; asumir el control de la &quot;Corporaci&oacute; Catalana de Mitjans Audiovisuals&quot; (CCMA). Desde LAB de EITB primero queremos dar nuestro apoyo a toda la gente que est&aacute; impulsando el porceso democr&aacute;tico de Catalunya destacando hoy especialmente [&hellip;]<\/p>\n","protected":false},"author":1,"featured_media":16047,"comment_status":"open","ping_status":"open","sticky":false,"template":"","format":"standard","meta":{"_monsterinsights_skip_tracking":false,"_monsterinsights_sitenote_active":false,"_monsterinsights_sitenote_note":"","_monsterinsights_sitenote_category":0,"footnotes":"","_links_to":"","_links_to_target":""},"categories":[2998],"tags":[],"class_list":{"0":"post-16048","1":"post","2":"type-post","3":"status-publish","4":"format-standard","5":"has-post-thumbnail","7":"category-uncategorized-eu-es"},"_links":{"self":[{"href":"https:\/\/www.lab.eus\/es\/wp-json\/wp\/v2\/posts\/16048","targetHints":{"allow":["GET"]}}],"collection":[{"href":"https:\/\/www.lab.eus\/es\/wp-json\/wp\/v2\/posts"}],"about":[{"href":"https:\/\/www.lab.eus\/es\/wp-json\/wp\/v2\/types\/post"}],"author":[{"embeddable":true,"href":"https:\/\/www.lab.eus\/es\/wp-json\/wp\/v2\/users\/1"}],"replies":[{"embeddable":true,"href":"https:\/\/www.lab.eus\/es\/wp-json\/wp\/v2\/comments?post=16048"}],"version-history":[{"count":0,"href":"https:\/\/www.lab.eus\/es\/wp-json\/wp\/v2\/posts\/16048\/revisions"}],"wp:featuredmedia":[{"embeddable":true,"href":"https:\/\/www.lab.eus\/es\/wp-json\/wp\/v2\/media\/16047"}],"wp:attachment":[{"href":"https:\/\/www.lab.eus\/es\/wp-json\/wp\/v2\/media?parent=16048"}],"wp:term":[{"taxonomy":"category","embeddable":true,"href":"https:\/\/www.lab.eus\/es\/wp-json\/wp\/v2\/categories?post=16048"},{"taxonomy":"post_tag","embeddable":true,"href":"https:\/\/www.lab.eus\/es\/wp-json\/wp\/v2\/tags?post=16048"}],"curies":[{"name":"wp","href":"https:\/\/api.w.org\/{rel}","templated":true}]}}