{"id":155,"date":"2011-03-07T06:23:35","date_gmt":"2011-03-07T06:23:35","guid":{"rendered":"https:\/\/www.lab.eus\/el-comite-de-empresa-de-panda-security-exige-la-readmision-de-los-companeros-y-companeras-despedidas\/"},"modified":"2011-03-07T06:23:35","modified_gmt":"2011-03-07T06:23:35","slug":"el-comite-de-empresa-de-panda-security-exige-la-readmision-de-los-companeros-y-companeras-despedidas","status":"publish","type":"post","link":"https:\/\/www.lab.eus\/es\/el-comite-de-empresa-de-panda-security-exige-la-readmision-de-los-companeros-y-companeras-despedidas\/","title":{"rendered":"El Comit\u00e9 de Empresa de Panda Security exige la readmisi\u00f3n de los compa\u00f1eros y compa\u00f1eras despedidas"},"content":{"rendered":"<p>Durante el mes de enero y febrero se produjeron 62 despidos en las sedes de Panda Security en Bilbao y Madrid. Este proceso de despidos coincidi&oacute; en el tiempo con las primeras elecciones sindicales celebradas en la empresa, elecciones que hasta entonces no hab&iacute;an sido posibles por el clima de represi&oacute;n contra todo lo que fuera organizaci&oacute;n sindical o intento de lucha colectiva por parte de trabajadores y trabajadoras.<br \/>  <!--more-->  En el caso de la sede central de Bilbao, y debido a la presi&oacute;n que ejerci&oacute; LAB, se logr&oacute; que el n&uacute;mero de despidos no fuera el que la empresa ten&iacute;a previsto realizar, sino menor. No obstante, esto, lejos de resultar tranquilizador, es una amenaza m&aacute;s de las que se ciernen sobre la plantilla de Panda Security.<\/p>\n<p> La empresa mostr&oacute; su inter&eacute;s en reunirse con el sindicato LAB, quien solicit&oacute; que la persona representante de la empresa que acudiera a dicha reuni&oacute;n fuera alguien con poder de decisi&oacute;n en aspectos relacionados con los despidos producidos. En dicha reuni&oacute;n, se le comunic&oacute; a la empresa que 12 de los trabajadores y trabajadoras despedidas hab&iacute;an manifestado su intenci&oacute;n de ser readmitidas y de acudir a la v&iacute;a judicial si su reivindicaci&ograve;n no era atendida. <\/p>\n<p> En reuni&oacute;n celebrada posteriormente, se comprob&oacute; que la persona enviada no estaba autorizada para adoptar este tipo de decisiones, por lo que el sindicato LAB requiri&oacute; que fuera el CEO, Juan Santana, quien diera una respuesta a la solicitud de readmisi&oacute;n. Y la respuesta fue que Juan Santana no estaba dispuesto a hablar con el sindicato, y se a&ntilde;ad&iacute;a que la empresa como mucho estaba dispuesta a &quot;admitir a uno o dos&quot; trabajadores solamente.<\/p>\n<p> Evidentemente, esta actitud por parte de la empresa y m&aacute;s en concreto por parte del se&ntilde;or Santana es un ataque frontal contra el di&aacute;logo y la actitud constructiva que cabe esperar de alguien que se encuentra en un puesto como el suyo. Dicha actitud y tomadura de pelo ya ha sido convenientemente puesta en conocimiento de los accionistas mayoritarios de la empresa y de su fundador, Mikel Urizarbarrena.<\/p>\n<p> Finalmente, una vez celebradas las elecciones sindicales el pasado d&iacute;a 3, los resultados de las mismas han dado la victoria a LAB que ha constituido en solitario el primer Comit&eacute; de Empresa de Panda Security. <\/p>\n<p> Ante la celebraci&ograve;n, ma&ntilde;ana d&iacute;a 8, del acto de conciliaci&oacute;n en el que las compa&ntilde;eras y compa&ntilde;eros despedidos volver&aacute;n a reclamar su readmisi&oacute;n, el Comit&eacute; de Empresa quiere denunciar los comportamientos de la empresa, que no ha dudado en incurrir en un despido colectivo sin justificaci&oacute;n, despidiendo a trabajadores y trabajadoras capacitadas y muy experimentadas bajo la excusa indefendible de &quot;bajo rendimiento&quot;. <\/p>\n<p> Exijimos la readmisi&oacute;n sin condiciones de todos los compa&ntilde;eros y compa&ntilde;eras que quieran ser readmitidas y denunciamos la ilegalidad cometida por Panda, que trata de disfrazar de despidos individuales por bajo rendimiento lo que es un despido colectivo en toda regla, m&aacute;xime cuando la empresa no est&aacute; en situaci&oacute;n de p&eacute;rdidas y ha tenido resultados positivos en el &uacute;ltimo a&ntilde;o.<\/p>\n<p> <strong>En Bilbo, a 7 de marzo de 2011<\/strong><\/p>\n","protected":false},"excerpt":{"rendered":"<p>Durante el mes de enero y febrero se produjeron 62 despidos en las sedes de Panda Security en Bilbao y Madrid. Este proceso de despidos coincidi&oacute; en el tiempo con las primeras elecciones sindicales celebradas en la empresa, elecciones que hasta entonces no hab&iacute;an sido posibles por el clima de represi&oacute;n contra todo lo que [&hellip;]<\/p>\n","protected":false},"author":1,"featured_media":0,"comment_status":"open","ping_status":"open","sticky":false,"template":"","format":"standard","meta":{"_monsterinsights_skip_tracking":false,"_monsterinsights_sitenote_active":false,"_monsterinsights_sitenote_note":"","_monsterinsights_sitenote_category":0,"footnotes":"","_links_to":"","_links_to_target":""},"categories":[128],"tags":[],"class_list":{"0":"post-155","1":"post","2":"type-post","3":"status-publish","4":"format-standard","6":"category-bestelakoak"},"_links":{"self":[{"href":"https:\/\/www.lab.eus\/es\/wp-json\/wp\/v2\/posts\/155","targetHints":{"allow":["GET"]}}],"collection":[{"href":"https:\/\/www.lab.eus\/es\/wp-json\/wp\/v2\/posts"}],"about":[{"href":"https:\/\/www.lab.eus\/es\/wp-json\/wp\/v2\/types\/post"}],"author":[{"embeddable":true,"href":"https:\/\/www.lab.eus\/es\/wp-json\/wp\/v2\/users\/1"}],"replies":[{"embeddable":true,"href":"https:\/\/www.lab.eus\/es\/wp-json\/wp\/v2\/comments?post=155"}],"version-history":[{"count":0,"href":"https:\/\/www.lab.eus\/es\/wp-json\/wp\/v2\/posts\/155\/revisions"}],"wp:attachment":[{"href":"https:\/\/www.lab.eus\/es\/wp-json\/wp\/v2\/media?parent=155"}],"wp:term":[{"taxonomy":"category","embeddable":true,"href":"https:\/\/www.lab.eus\/es\/wp-json\/wp\/v2\/categories?post=155"},{"taxonomy":"post_tag","embeddable":true,"href":"https:\/\/www.lab.eus\/es\/wp-json\/wp\/v2\/tags?post=155"}],"curies":[{"name":"wp","href":"https:\/\/api.w.org\/{rel}","templated":true}]}}