{"id":15275,"date":"2017-04-07T10:10:01","date_gmt":"2017-04-07T10:10:01","guid":{"rendered":"https:\/\/www.lab.eus\/hemos-reivindicado-el-billete-unico-en-visperas-de-la-inauguracion-de-la-nueva-linea-del-metro-de-bilbo\/"},"modified":"2017-04-07T10:10:01","modified_gmt":"2017-04-07T10:10:01","slug":"hemos-reivindicado-el-billete-unico-en-visperas-de-la-inauguracion-de-la-nueva-linea-del-metro-de-bilbo","status":"publish","type":"post","link":"https:\/\/www.lab.eus\/es\/hemos-reivindicado-el-billete-unico-en-visperas-de-la-inauguracion-de-la-nueva-linea-del-metro-de-bilbo\/","title":{"rendered":"Hemos reivindicado el billete \u00fanico en v\u00edsperas de la inauguraci\u00f3n de la nueva l\u00ednea del Metro de Bilbo"},"content":{"rendered":"<p> <\/p>\n<div style=\"padding-right:15px;width:345px; float:left; border-right-style:solid; border-right-width:1px; border-right-color:#dddddd\"><img loading=\"lazy\" decoding=\"async\" class=\" size-full wp-image-15274\" src=\"https:\/\/www.lab.eus\/wp-content\/uploads\/2017\/04\/materiala_argazkiak_zerbitzuPublikoak_garraioa_17_04_07Metro_Metro.JPG\" width=\"345\" height=\"163\" alt=\"\" srcset=\"https:\/\/www.lab.eus\/wp-content\/uploads\/2017\/04\/materiala_argazkiak_zerbitzuPublikoak_garraioa_17_04_07Metro_Metro.JPG 800w, https:\/\/www.lab.eus\/wp-content\/uploads\/2017\/04\/materiala_argazkiak_zerbitzuPublikoak_garraioa_17_04_07Metro_Metro-300x142.jpg 300w, https:\/\/www.lab.eus\/wp-content\/uploads\/2017\/04\/materiala_argazkiak_zerbitzuPublikoak_garraioa_17_04_07Metro_Metro-768x364.jpg 768w, https:\/\/www.lab.eus\/wp-content\/uploads\/2017\/04\/materiala_argazkiak_zerbitzuPublikoak_garraioa_17_04_07Metro_Metro-150x71.jpg 150w, https:\/\/www.lab.eus\/wp-content\/uploads\/2017\/04\/materiala_argazkiak_zerbitzuPublikoak_garraioa_17_04_07Metro_Metro-696x330.jpg 696w\" sizes=\"auto, (max-width: 345px) 100vw, 345px\" \/><em><span style=\"font-size: 14px; \"><\/p>\n<p> Los sindicatos nos hemos movilizado hoy frente a la estacio\u0301n de Zazpikaleak\/Casco Viejo de la Li\u0301nea 3 del metro, que ser&aacute; inaugurda ma&ntilde;ana, con el fin de reclamar a la Diputacio\u0301n Foral y al Consorcio de Transportes de Bizkaia la retirada del &quot;tarifazo&quot; que ha impuesto a las personas usuarias de los billetes mensuales de Metro Bilbao y EuskoTren.<\/p>\n<p> <\/span><\/em>Todos los sindicatos con representacio\u0301n en el sector de transporte pu\u0301blico solicitamos:<\/p>\n<p> -A Consorcio de Transportes y Diputacio\u0301n Foral de Bizkaia que retiren la subida de tarifas.<br \/> -Un sistema de transporte integrado ma\u0301s justo, de calidad y acorde a las necesidades de todo Bizkaia.<\/p>\n<p> Para ello realizamos las siguientes propuestas:<\/p>\n<p> -Mismo precio misma tarifa, independiente del modo de transporte utilizado. <br \/> -A mayor utilizacio\u0301n, mayor descuento en el precio del billete. <br \/> -El precio del billete debe ser acorde a la renta de cada persona. -Garanti\u0301a de un servicio pu\u0301blico y de calidad.<br \/> -Un ente u\u0301nico que coordine a todas las operadoras del transporte pu\u0301blico. <br \/> -Utilizable en todo Bizkaia.<\/p>\n<p> A partir de hoy, vamos a iniciar una ronda de contactos con diferentes agentes sociales de cara a poder conformar un Foro a favor del Billete U\u0301nico que trabaje de forma estable y permanente, para reivindicar estas propuestas desde diferentes a\u0301mbitos de una forma plural y garantizando la participacio\u0301n de la sociedad.<\/p>\n<p> Por todo lo anterior, los sindicatos ELA, LAB, CCOO, UGT, ESK y USO, solicitamos al Consorcio de Transportes y a la Diputacio\u0301n, que retiren inmediatamente la subida de tarifas para los billetes BIDAI y OCASIONAL, y que replantee el sistema de integracio\u0301n tarifaria siguiendo unas pautas similares a las recogidas en la Declaracio\u0301n a favor del Billete U\u0301nico en Bizkaia.<br \/> &nbsp;<\/div>\n<div style=\"width:180px; float:left; padding-left:15px;\">\n<div style=\"text-align: center; \"><a href=\"\/rssak\"><input src=\"\/materiala\/argazkiak\/feed.png\" alt=\"RSSak\" longdesc=\"undefined\" width=\"30\" type=\"image\" height=\"30\" \/><\/a><a target=\"_blank\" href=\"http:\/\/www.facebook.com\/pages\/LAB-sindikatua\/292846207397345\" rel=\"noopener noreferrer\"><input src=\"\/modules\/mod_socialmediacloud\/icons\/facebook.png\" alt=\"LAB Facebooken\" longdesc=\"undefined\" width=\"30\" type=\"image\" height=\"30\" \/><\/a><a target=\"_blank\" href=\"http:\/\/issuu.com\/lab_argitalpenak\" rel=\"noopener noreferrer\"><input src=\"\/modules\/mod_socialmediacloud\/icons\/issuu.png\" longdesc=\"undefined\" width=\"30\" type=\"image\" height=\"30\" \/><\/a><a target=\"_blank\" href=\"http:\/\/es.scribd.com\/LABsindikatua\" rel=\"noopener noreferrer\"><input src=\"\/modules\/mod_socialmediacloud\/icons\/scribd.png\" longdesc=\"undefined\" width=\"30\" type=\"image\" height=\"30\" \/><br \/> <\/a><\/div>\n<div style=\"text-align: center; \"><a target=\"_blank\" href=\"http:\/\/twitter.com\/LABsindikatua\" rel=\"noopener noreferrer\"><input src=\"\/modules\/mod_socialmediacloud\/icons\/twitter.png\" longdesc=\"undefined\" width=\"30\" type=\"image\" height=\"30\" \/><\/a><a target=\"_blank\" href=\"http:\/\/www.youtube.com\/user\/labsindikatua\" rel=\"noopener noreferrer\"><input src=\"\/modules\/mod_socialmediacloud\/icons\/youtube.png\" longdesc=\"undefined\" width=\"30\" type=\"image\" height=\"30\" \/><\/a><a target=\"_blank\" href=\"http:\/\/www.flickr.com\/photos\/lab-sindikatua\/\" rel=\"noopener noreferrer\"><input src=\"\/modules\/mod_socialmediacloud\/icons\/flickr.png\" longdesc=\"undefined\" width=\"30\" type=\"image\" height=\"30\" \/><\/a><a href=\"http:\/\/www.labsindikatua.org\/eu\/hasiera\/upload\"><input src=\"\/modules\/mod_socialmediacloud\/icons\/igo.png\" longdesc=\"undefined\" width=\"30\" type=\"image\" height=\"30\" \/><\/a><\/div>\n<p> &nbsp;<\/p><\/div>\n<div>&nbsp;<\/div>\n","protected":false},"excerpt":{"rendered":"<p>Los sindicatos nos hemos movilizado hoy frente a la estacio\u0301n de Zazpikaleak\/Casco Viejo de la Li\u0301nea 3 del metro, que ser&aacute; inaugurda ma&ntilde;ana, con el fin de reclamar a la Diputacio\u0301n Foral y al Consorcio de Transportes de Bizkaia la retirada del &quot;tarifazo&quot; que ha impuesto a las personas usuarias de los billetes mensuales de [&hellip;]<\/p>\n","protected":false},"author":1,"featured_media":15274,"comment_status":"open","ping_status":"open","sticky":false,"template":"","format":"standard","meta":{"_monsterinsights_skip_tracking":false,"_monsterinsights_sitenote_active":false,"_monsterinsights_sitenote_note":"","_monsterinsights_sitenote_category":0,"footnotes":"","_links_to":"","_links_to_target":""},"categories":[3120,2998],"tags":[],"class_list":{"0":"post-15275","1":"post","2":"type-post","3":"status-publish","4":"format-standard","5":"has-post-thumbnail","7":"category-transporte","8":"category-uncategorized-eu-es"},"_links":{"self":[{"href":"https:\/\/www.lab.eus\/es\/wp-json\/wp\/v2\/posts\/15275","targetHints":{"allow":["GET"]}}],"collection":[{"href":"https:\/\/www.lab.eus\/es\/wp-json\/wp\/v2\/posts"}],"about":[{"href":"https:\/\/www.lab.eus\/es\/wp-json\/wp\/v2\/types\/post"}],"author":[{"embeddable":true,"href":"https:\/\/www.lab.eus\/es\/wp-json\/wp\/v2\/users\/1"}],"replies":[{"embeddable":true,"href":"https:\/\/www.lab.eus\/es\/wp-json\/wp\/v2\/comments?post=15275"}],"version-history":[{"count":0,"href":"https:\/\/www.lab.eus\/es\/wp-json\/wp\/v2\/posts\/15275\/revisions"}],"wp:featuredmedia":[{"embeddable":true,"href":"https:\/\/www.lab.eus\/es\/wp-json\/wp\/v2\/media\/15274"}],"wp:attachment":[{"href":"https:\/\/www.lab.eus\/es\/wp-json\/wp\/v2\/media?parent=15275"}],"wp:term":[{"taxonomy":"category","embeddable":true,"href":"https:\/\/www.lab.eus\/es\/wp-json\/wp\/v2\/categories?post=15275"},{"taxonomy":"post_tag","embeddable":true,"href":"https:\/\/www.lab.eus\/es\/wp-json\/wp\/v2\/tags?post=15275"}],"curies":[{"name":"wp","href":"https:\/\/api.w.org\/{rel}","templated":true}]}}