{"id":15245,"date":"2017-04-03T12:34:24","date_gmt":"2017-04-03T12:34:24","guid":{"rendered":"https:\/\/www.lab.eus\/el-sat-ocupa-una-finca-en-jaen-para-pedir-la-libertad-de-andres-bodalo\/"},"modified":"2017-04-03T12:34:24","modified_gmt":"2017-04-03T12:34:24","slug":"el-sat-ocupa-una-finca-en-jaen-para-pedir-la-libertad-de-andres-bodalo","status":"publish","type":"post","link":"https:\/\/www.lab.eus\/es\/el-sat-ocupa-una-finca-en-jaen-para-pedir-la-libertad-de-andres-bodalo\/","title":{"rendered":"El SAT ocupa una finca en Ja\u00e9n para pedir la libertad de Andr\u00e9s B\u00f3dalo"},"content":{"rendered":"<p> <\/p>\n<div style=\"padding-right:15px;width:345px; float:left; border-right-style:solid; border-right-width:1px; border-right-color:#dddddd\"><img loading=\"lazy\" decoding=\"async\" class=\" size-full wp-image-15244\" src=\"https:\/\/www.lab.eus\/wp-content\/uploads\/2017\/04\/materiala_argazkiak_nazioartea_elkartasuna_17_04_03Sat_sat.jpg\" width=\"345\" height=\"161\" alt=\"\" srcset=\"https:\/\/www.lab.eus\/wp-content\/uploads\/2017\/04\/materiala_argazkiak_nazioartea_elkartasuna_17_04_03Sat_sat.jpg 1199w, https:\/\/www.lab.eus\/wp-content\/uploads\/2017\/04\/materiala_argazkiak_nazioartea_elkartasuna_17_04_03Sat_sat-300x140.jpg 300w, https:\/\/www.lab.eus\/wp-content\/uploads\/2017\/04\/materiala_argazkiak_nazioartea_elkartasuna_17_04_03Sat_sat-1024x477.jpg 1024w, https:\/\/www.lab.eus\/wp-content\/uploads\/2017\/04\/materiala_argazkiak_nazioartea_elkartasuna_17_04_03Sat_sat-768x358.jpg 768w, https:\/\/www.lab.eus\/wp-content\/uploads\/2017\/04\/materiala_argazkiak_nazioartea_elkartasuna_17_04_03Sat_sat-150x70.jpg 150w, https:\/\/www.lab.eus\/wp-content\/uploads\/2017\/04\/materiala_argazkiak_nazioartea_elkartasuna_17_04_03Sat_sat-696x324.jpg 696w, https:\/\/www.lab.eus\/wp-content\/uploads\/2017\/04\/materiala_argazkiak_nazioartea_elkartasuna_17_04_03Sat_sat-1068x498.jpg 1068w, https:\/\/www.lab.eus\/wp-content\/uploads\/2017\/04\/materiala_argazkiak_nazioartea_elkartasuna_17_04_03Sat_sat-901x420.jpg 901w\" sizes=\"auto, (max-width: 345px) 100vw, 345px\" \/><em><span style=\"font-size: 14px; \"><\/p>\n<p> Cerca de 200 jornaleros\/as del SAT han ocupado una finca que pertenece al cortijo &quot;El Aguardientero&quot;, para denunciar la encarcelaci&oacute;n del militante Andaluz Andr&eacute;s B&oacute;dalo que cumple una condena de tres a&ntilde;o y medio en la c&aacute;rcel de Ja&eacute;n, y pedir su libertad.<\/span><\/em><\/p>\n<p> En concreto el Sindicato Andaluz de Trabajadores\/as ha ocupado una finca que pertenec&iacute;a al BBVA, una finca de especulaci&oacute;n, que podr&iacute;a dar m&aacute;s de mil jornales al a&ntilde;o y que ahora no est&aacute; dando productividad ninguna.<\/p>\n<p> Desde el Sindicato LAB de Euskal Herria, queremos mostrar nuestra solidaridad y nuestro apoyo con los compa&ntilde;eros y compa&ntilde;eras del Sindicato Andaluz de Trabajadores, en su justa lucha por una Andalucia libre construida sobre las bases de la justicia social.<\/p>\n<p> A d&iacute;a de hoy, en una naci&oacute;n como Andalucia con tasas de desempleo enormes y con unas desigualdades sociales abismales, las luchas desobedientes como la ocupaci&oacute;n de la tierra es no solo legitima sino necesaria. <\/p>\n<p> Hacemos nuestra la reivindicaci&oacute;n del lema de la tierra para quien la trabaja, y en este caso las persona que trabajan la tierra son los y las jornaleras y no son ni los bancos ni de la gente que especula con la tierra mientras que gran parte de la sociedad no tiene trabajo.<\/p>\n<p> Para ir finalizando, no podemos acabar sin exigir la libertad de Andr&eacute;s B&oacute;dalo. Este luchador incansable por los derechos de los y las jornaleras as&iacute; como de la clase trabajadora Andaluza en su conjunto esta en la c&aacute;rcel, por haber luchado por la justicia y por un futuro digno para la clase trabajadora Andaluza. <\/p>\n<p> &iexcl;No mas represi&oacute;n contra el sindicalismo!<br \/> &iexcl;Andr&eacute;s B&oacute;dalo libertad!<br \/> &nbsp;<\/div>\n<div style=\"width:180px; float:left; padding-left:15px;\">\n<div style=\"text-align: center; \"><a href=\"\/rssak\"><input src=\"\/materiala\/argazkiak\/feed.png\" alt=\"RSSak\" longdesc=\"undefined\" width=\"30\" type=\"image\" height=\"30\" \/><\/a><a target=\"_blank\" href=\"http:\/\/www.facebook.com\/pages\/LAB-sindikatua\/292846207397345\" rel=\"noopener noreferrer\"><input src=\"\/modules\/mod_socialmediacloud\/icons\/facebook.png\" alt=\"LAB Facebooken\" longdesc=\"undefined\" width=\"30\" type=\"image\" height=\"30\" \/><\/a><a target=\"_blank\" href=\"http:\/\/issuu.com\/lab_argitalpenak\" rel=\"noopener noreferrer\"><input src=\"\/modules\/mod_socialmediacloud\/icons\/issuu.png\" longdesc=\"undefined\" width=\"30\" type=\"image\" height=\"30\" \/><\/a><a target=\"_blank\" href=\"http:\/\/es.scribd.com\/LABsindikatua\" rel=\"noopener noreferrer\"><input src=\"\/modules\/mod_socialmediacloud\/icons\/scribd.png\" longdesc=\"undefined\" width=\"30\" type=\"image\" height=\"30\" \/><br \/> <\/a><\/div>\n<div style=\"text-align: center; \"><a target=\"_blank\" href=\"http:\/\/twitter.com\/LABsindikatua\" rel=\"noopener noreferrer\"><input src=\"\/modules\/mod_socialmediacloud\/icons\/twitter.png\" longdesc=\"undefined\" width=\"30\" type=\"image\" height=\"30\" \/><\/a><a target=\"_blank\" href=\"http:\/\/www.youtube.com\/user\/labsindikatua\" rel=\"noopener noreferrer\"><input src=\"\/modules\/mod_socialmediacloud\/icons\/youtube.png\" longdesc=\"undefined\" width=\"30\" type=\"image\" height=\"30\" \/><\/a><a target=\"_blank\" href=\"http:\/\/www.flickr.com\/photos\/lab-sindikatua\/\" rel=\"noopener noreferrer\"><input src=\"\/modules\/mod_socialmediacloud\/icons\/flickr.png\" longdesc=\"undefined\" width=\"30\" type=\"image\" height=\"30\" \/><\/a><a href=\"http:\/\/www.labsindikatua.org\/eu\/hasiera\/upload\"><input src=\"\/modules\/mod_socialmediacloud\/icons\/igo.png\" longdesc=\"undefined\" width=\"30\" type=\"image\" height=\"30\" \/><\/a><\/div>\n<p> &nbsp;<\/p><\/div>\n<div>&nbsp;<\/div>\n","protected":false},"excerpt":{"rendered":"<p>Cerca de 200 jornaleros\/as del SAT han ocupado una finca que pertenece al cortijo &quot;El Aguardientero&quot;, para denunciar la encarcelaci&oacute;n del militante Andaluz Andr&eacute;s B&oacute;dalo que cumple una condena de tres a&ntilde;o y medio en la c&aacute;rcel de Ja&eacute;n, y pedir su libertad. En concreto el Sindicato Andaluz de Trabajadores\/as ha ocupado una finca que [&hellip;]<\/p>\n","protected":false},"author":1,"featured_media":15244,"comment_status":"open","ping_status":"open","sticky":false,"template":"","format":"standard","meta":{"_monsterinsights_skip_tracking":false,"_monsterinsights_sitenote_active":false,"_monsterinsights_sitenote_note":"","_monsterinsights_sitenote_category":0,"footnotes":"","_links_to":"","_links_to_target":""},"categories":[2998],"tags":[],"class_list":{"0":"post-15245","1":"post","2":"type-post","3":"status-publish","4":"format-standard","5":"has-post-thumbnail","7":"category-uncategorized-eu-es"},"_links":{"self":[{"href":"https:\/\/www.lab.eus\/es\/wp-json\/wp\/v2\/posts\/15245","targetHints":{"allow":["GET"]}}],"collection":[{"href":"https:\/\/www.lab.eus\/es\/wp-json\/wp\/v2\/posts"}],"about":[{"href":"https:\/\/www.lab.eus\/es\/wp-json\/wp\/v2\/types\/post"}],"author":[{"embeddable":true,"href":"https:\/\/www.lab.eus\/es\/wp-json\/wp\/v2\/users\/1"}],"replies":[{"embeddable":true,"href":"https:\/\/www.lab.eus\/es\/wp-json\/wp\/v2\/comments?post=15245"}],"version-history":[{"count":0,"href":"https:\/\/www.lab.eus\/es\/wp-json\/wp\/v2\/posts\/15245\/revisions"}],"wp:featuredmedia":[{"embeddable":true,"href":"https:\/\/www.lab.eus\/es\/wp-json\/wp\/v2\/media\/15244"}],"wp:attachment":[{"href":"https:\/\/www.lab.eus\/es\/wp-json\/wp\/v2\/media?parent=15245"}],"wp:term":[{"taxonomy":"category","embeddable":true,"href":"https:\/\/www.lab.eus\/es\/wp-json\/wp\/v2\/categories?post=15245"},{"taxonomy":"post_tag","embeddable":true,"href":"https:\/\/www.lab.eus\/es\/wp-json\/wp\/v2\/tags?post=15245"}],"curies":[{"name":"wp","href":"https:\/\/api.w.org\/{rel}","templated":true}]}}