{"id":15241,"date":"2017-03-31T10:56:35","date_gmt":"2017-03-31T10:56:35","guid":{"rendered":"https:\/\/www.lab.eus\/la-aprobacion-de-la-modificacion-de-los-decretos-de-vacaciones-licencias-permisos-y-reduccion-de-jornada-supone-importantes-mejoras-para-la-plantilla\/"},"modified":"2017-03-31T10:56:35","modified_gmt":"2017-03-31T10:56:35","slug":"la-aprobacion-de-la-modificacion-de-los-decretos-de-vacaciones-licencias-permisos-y-reduccion-de-jornada-supone-importantes-mejoras-para-la-plantilla","status":"publish","type":"post","link":"https:\/\/www.lab.eus\/es\/la-aprobacion-de-la-modificacion-de-los-decretos-de-vacaciones-licencias-permisos-y-reduccion-de-jornada-supone-importantes-mejoras-para-la-plantilla\/","title":{"rendered":"La aprobaci\u00f3n de la modificaci\u00f3n de los decretos de vacaciones, licencias, permisos y reducci\u00f3n de jornada supone importantes mejoras para la plantilla"},"content":{"rendered":"<div style=\"padding-right:15px;width:345px; float:left; border-right-style:solid; border-right-width:1px; border-right-color:#dddddd\"><em><span style=\"font-size: 14px; \">La Mesa General de las Administraciones P&uacute;blicas ha aprobado esta ma&ntilde;ana modificar los Decretos Forales que regulan las vacaciones, licencias, permisos y reducci&oacute;n de jornada. Las modificaciones introducidas han contado con el voto favorable de LAB porque suponen importantes mejoras en las condiciones laborales.<\/p>\n<p> <\/span><\/em>En la modificaci&oacute;n del DF 11\/2009 que regula las vacaciones, licencias y permisos se ha mejorado los d&iacute;as de permiso retribuido por ingreso, enfermedad o fallecimiento de familiares: pasan a ser d&iacute;as laborables en lugar de naturales, contempl&aacute;ndose tambi&eacute;n la posibilidad de atender a la persona enferma cuando le den el alta. Tambi&eacute;n podr&aacute;n concederse permisos retribuidos por el tiempo indispensable para el cumplimiento de un deber inexcusable de caracter p&uacute;blico o personal, y por deberes relacionados con la conciliacion de la vida familiar y laboral previa justificaci&oacute;n (acompa&ntilde;amiento de familiares al m&eacute;dico, asistencia tutor&iacute;as, asistencia a &oacute;rganos de gobierno de entidades locales, etc.).<\/p>\n<p> Tambi&eacute;n se ha modificado el DF 27\/2011 regulador de la reducci&oacute;n de jornada. Entre las mejoras introducidas est&aacute; el aumento significativo de los tipos de reducci&oacute;n de jornada que pasan a ser m&aacute;s abiertos. La duraci&oacute;n m&iacute;nima tambi&eacute;n se modifica y pasa a ser de tres meses en lugar de los seis actuales. Por &uacute;ltimo se incluye la posibilidad de acumular en jornadas completas y c&oacute;mputo trimestral.<\/p>\n<p> Estas modificaciones entrar&aacute;n en vigor pr&oacute;ximamente, cuando sean publicadas en el Bolet&iacute;n Oficial de Navarra.<br \/> &nbsp;<\/div>\n<div style=\"width:180px; float:left; padding-left:15px;\">\n<div style=\"text-align: center; \"><a href=\"\/rssak\"><input src=\"\/materiala\/argazkiak\/feed.png\" alt=\"RSSak\" longdesc=\"undefined\" width=\"30\" type=\"image\" height=\"30\" \/><\/a><a target=\"_blank\" href=\"http:\/\/www.facebook.com\/pages\/LAB-sindikatua\/292846207397345\" rel=\"noopener noreferrer\"><input src=\"\/modules\/mod_socialmediacloud\/icons\/facebook.png\" alt=\"LAB Facebooken\" longdesc=\"undefined\" width=\"30\" type=\"image\" height=\"30\" \/><\/a><a target=\"_blank\" href=\"http:\/\/issuu.com\/lab_argitalpenak\" rel=\"noopener noreferrer\"><input src=\"\/modules\/mod_socialmediacloud\/icons\/issuu.png\" longdesc=\"undefined\" width=\"30\" type=\"image\" height=\"30\" \/><\/a><a target=\"_blank\" href=\"http:\/\/es.scribd.com\/LABsindikatua\" rel=\"noopener noreferrer\"><input src=\"\/modules\/mod_socialmediacloud\/icons\/scribd.png\" longdesc=\"undefined\" width=\"30\" type=\"image\" height=\"30\" \/><br \/> <\/a><\/div>\n<div style=\"text-align: center; \"><a target=\"_blank\" href=\"http:\/\/twitter.com\/LABsindikatua\" rel=\"noopener noreferrer\"><input src=\"\/modules\/mod_socialmediacloud\/icons\/twitter.png\" longdesc=\"undefined\" width=\"30\" type=\"image\" height=\"30\" \/><\/a><a target=\"_blank\" href=\"http:\/\/www.youtube.com\/user\/labsindikatua\" rel=\"noopener noreferrer\"><input src=\"\/modules\/mod_socialmediacloud\/icons\/youtube.png\" longdesc=\"undefined\" width=\"30\" type=\"image\" height=\"30\" \/><\/a><a target=\"_blank\" href=\"http:\/\/www.flickr.com\/photos\/lab-sindikatua\/\" rel=\"noopener noreferrer\"><input src=\"\/modules\/mod_socialmediacloud\/icons\/flickr.png\" longdesc=\"undefined\" width=\"30\" type=\"image\" height=\"30\" \/><\/a><a href=\"http:\/\/www.labsindikatua.org\/eu\/hasiera\/upload\"><input src=\"\/modules\/mod_socialmediacloud\/icons\/igo.png\" longdesc=\"undefined\" width=\"30\" type=\"image\" height=\"30\" \/><\/a><\/div>\n<p> &nbsp;<\/p><\/div>\n<div>&nbsp;<\/div>\n","protected":false},"excerpt":{"rendered":"<p>La Mesa General de las Administraciones P&uacute;blicas ha aprobado esta ma&ntilde;ana modificar los Decretos Forales que regulan las vacaciones, licencias, permisos y reducci&oacute;n de jornada. Las modificaciones introducidas han contado con el voto favorable de LAB porque suponen importantes mejoras en las condiciones laborales. En la modificaci&oacute;n del DF 11\/2009 que regula las vacaciones, licencias [&hellip;]<\/p>\n","protected":false},"author":1,"featured_media":0,"comment_status":"open","ping_status":"open","sticky":false,"template":"","format":"standard","meta":{"_monsterinsights_skip_tracking":false,"_monsterinsights_sitenote_active":false,"_monsterinsights_sitenote_note":"","_monsterinsights_sitenote_category":0,"footnotes":"","_links_to":"","_links_to_target":""},"categories":[78],"tags":[],"class_list":{"0":"post-15241","1":"post","2":"type-post","3":"status-publish","4":"format-standard","6":"category-es-administracion-de-navarra-es-servicios-publicos"},"_links":{"self":[{"href":"https:\/\/www.lab.eus\/es\/wp-json\/wp\/v2\/posts\/15241","targetHints":{"allow":["GET"]}}],"collection":[{"href":"https:\/\/www.lab.eus\/es\/wp-json\/wp\/v2\/posts"}],"about":[{"href":"https:\/\/www.lab.eus\/es\/wp-json\/wp\/v2\/types\/post"}],"author":[{"embeddable":true,"href":"https:\/\/www.lab.eus\/es\/wp-json\/wp\/v2\/users\/1"}],"replies":[{"embeddable":true,"href":"https:\/\/www.lab.eus\/es\/wp-json\/wp\/v2\/comments?post=15241"}],"version-history":[{"count":0,"href":"https:\/\/www.lab.eus\/es\/wp-json\/wp\/v2\/posts\/15241\/revisions"}],"wp:attachment":[{"href":"https:\/\/www.lab.eus\/es\/wp-json\/wp\/v2\/media?parent=15241"}],"wp:term":[{"taxonomy":"category","embeddable":true,"href":"https:\/\/www.lab.eus\/es\/wp-json\/wp\/v2\/categories?post=15241"},{"taxonomy":"post_tag","embeddable":true,"href":"https:\/\/www.lab.eus\/es\/wp-json\/wp\/v2\/tags?post=15241"}],"curies":[{"name":"wp","href":"https:\/\/api.w.org\/{rel}","templated":true}]}}