{"id":15074,"date":"2017-03-06T06:22:24","date_gmt":"2017-03-06T06:22:24","guid":{"rendered":"https:\/\/www.lab.eus\/el-incremento-de-la-desigualdad-en-la-capv-esta-entre-los-mas-elevados-de-la-union-europea\/"},"modified":"2017-03-06T06:22:24","modified_gmt":"2017-03-06T06:22:24","slug":"el-incremento-de-la-desigualdad-en-la-capv-esta-entre-los-mas-elevados-de-la-union-europea","status":"publish","type":"post","link":"https:\/\/www.lab.eus\/es\/el-incremento-de-la-desigualdad-en-la-capv-esta-entre-los-mas-elevados-de-la-union-europea\/","title":{"rendered":"El incremento de la desigualdad en la CAPV est\u00e1 entre los m\u00e1s elevados de la Uni\u00f3n Europea"},"content":{"rendered":"<p> <\/p>\n<div style=\"padding-right:15px;width:345px; float:left; border-right-style:solid; border-right-width:1px; border-right-color:#dddddd\"><em><span style=\"font-size: 14px; \">La distribuci&oacute;n de la renta es un factor que determina el grado de equidad o desigualdad que existe en una sociedad; por tanto, adem&aacute;s de influir en la calidad de vida y la cohesi&oacute;n social, tambi&eacute;n repercute directamente la incidencia de la pobreza y el riesgo de exclusi&oacute;n. <\/p>\n<p> <\/span><\/em>En este sentido, resulta alarmante comprobar que el incremento de la desigualdad en la CAPV sea uno de los m&aacute;s elevados de la Uni&oacute;n Europea. El &iacute;ndice de Gini1 que mide la desigualdad en la distribuci&oacute;n de la renta disponible registr&oacute; un aumento del 7,5% entre los a&ntilde;os 2008 y 2014. Esto significa que la desigualdad de ingresos en la CAPV creci&oacute; un 7,5%.<\/p>\n<p> Dicho incremento est&aacute; muy por encima del promedio de la Uni&oacute;n Europea, donde tan s&oacute;lo aument&oacute; un 0,3% en el mismo periodo de tiempo. Mientras que en la eurozona la desigualdad habr&iacute;a aumentado de media un 1,6%.<\/p>\n<p> Por tanto, en Araba, Bizkaia y Gipuzkoa la desigualdad ha crecido 23 veces m&aacute;s que en la Uni&oacute;n Europea. Y s&oacute;lo en cinco estados de la UE el agravamiento de la brecha social ha sido mayor: Chipre, Estonia, Hungr&iacute;a, Dinamarca y Eslovaquia.<\/p>\n<p> <img loading=\"lazy\" decoding=\"async\" class=\" size-full wp-image-15073\" src=\"https:\/\/www.lab.eus\/wp-content\/uploads\/2017\/03\/materiala_argazkiak_sozio-ekonomia_17_03_06Desberdintasuna_grafikoa.jpg\" width=\"345\" height=\"170\" alt=\"\" srcset=\"https:\/\/www.lab.eus\/wp-content\/uploads\/2017\/03\/materiala_argazkiak_sozio-ekonomia_17_03_06Desberdintasuna_grafikoa.jpg 1200w, https:\/\/www.lab.eus\/wp-content\/uploads\/2017\/03\/materiala_argazkiak_sozio-ekonomia_17_03_06Desberdintasuna_grafikoa-300x148.jpg 300w, https:\/\/www.lab.eus\/wp-content\/uploads\/2017\/03\/materiala_argazkiak_sozio-ekonomia_17_03_06Desberdintasuna_grafikoa-1024x506.jpg 1024w, https:\/\/www.lab.eus\/wp-content\/uploads\/2017\/03\/materiala_argazkiak_sozio-ekonomia_17_03_06Desberdintasuna_grafikoa-768x380.jpg 768w, https:\/\/www.lab.eus\/wp-content\/uploads\/2017\/03\/materiala_argazkiak_sozio-ekonomia_17_03_06Desberdintasuna_grafikoa-150x74.jpg 150w, https:\/\/www.lab.eus\/wp-content\/uploads\/2017\/03\/materiala_argazkiak_sozio-ekonomia_17_03_06Desberdintasuna_grafikoa-696x344.jpg 696w, https:\/\/www.lab.eus\/wp-content\/uploads\/2017\/03\/materiala_argazkiak_sozio-ekonomia_17_03_06Desberdintasuna_grafikoa-1068x528.jpg 1068w, https:\/\/www.lab.eus\/wp-content\/uploads\/2017\/03\/materiala_argazkiak_sozio-ekonomia_17_03_06Desberdintasuna_grafikoa-850x420.jpg 850w, https:\/\/www.lab.eus\/wp-content\/uploads\/2017\/03\/materiala_argazkiak_sozio-ekonomia_17_03_06Desberdintasuna_grafikoa-324x160.jpg 324w, https:\/\/www.lab.eus\/wp-content\/uploads\/2017\/03\/materiala_argazkiak_sozio-ekonomia_17_03_06Desberdintasuna_grafikoa-533x261.jpg 533w\" sizes=\"auto, (max-width: 345px) 100vw, 345px\" \/><br \/> <em><span style=\"font-size: smaller;\">1.- El &iacute;ndice de Gini proporciona una medida de la desigualdad; por esa raz&oacute;n resulta muy &uacute;til para estudiar el grado de concentraci&oacute;n de los ingresos en la sociedad y analizar c&oacute;mo se distribuyen entre los grupos sociales m&aacute;s ricos y m&aacute;s pobres.<\/span><\/em><\/p>\n<p> &nbsp;<\/div>\n<div style=\"width:180px; float:left; padding-left:15px;\">\n<div style=\"text-align: center; \"><a href=\"\/rssak\"><input src=\"\/materiala\/argazkiak\/feed.png\" alt=\"RSSak\" longdesc=\"undefined\" width=\"30\" type=\"image\" height=\"30\" \/><\/a><a target=\"_blank\" href=\"http:\/\/www.facebook.com\/pages\/LAB-sindikatua\/292846207397345\" rel=\"noopener noreferrer\"><input src=\"\/modules\/mod_socialmediacloud\/icons\/facebook.png\" alt=\"LAB Facebooken\" longdesc=\"undefined\" width=\"30\" type=\"image\" height=\"30\" \/><\/a><a target=\"_blank\" href=\"http:\/\/issuu.com\/lab_argitalpenak\" rel=\"noopener noreferrer\"><input src=\"\/modules\/mod_socialmediacloud\/icons\/issuu.png\" longdesc=\"undefined\" width=\"30\" type=\"image\" height=\"30\" \/><\/a><a target=\"_blank\" href=\"http:\/\/es.scribd.com\/LABsindikatua\" rel=\"noopener noreferrer\"><input src=\"\/modules\/mod_socialmediacloud\/icons\/scribd.png\" longdesc=\"undefined\" width=\"30\" type=\"image\" height=\"30\" \/><br \/> <\/a><\/div>\n<div style=\"text-align: center; \"><a target=\"_blank\" href=\"http:\/\/twitter.com\/LABsindikatua\" rel=\"noopener noreferrer\"><input src=\"\/modules\/mod_socialmediacloud\/icons\/twitter.png\" longdesc=\"undefined\" width=\"30\" type=\"image\" height=\"30\" \/><\/a><a target=\"_blank\" href=\"http:\/\/www.youtube.com\/user\/labsindikatua\" rel=\"noopener noreferrer\"><input src=\"\/modules\/mod_socialmediacloud\/icons\/youtube.png\" longdesc=\"undefined\" width=\"30\" type=\"image\" height=\"30\" \/><\/a><a target=\"_blank\" href=\"http:\/\/www.flickr.com\/photos\/lab-sindikatua\/\" rel=\"noopener noreferrer\"><input src=\"\/modules\/mod_socialmediacloud\/icons\/flickr.png\" longdesc=\"undefined\" width=\"30\" type=\"image\" height=\"30\" \/><\/a><a href=\"http:\/\/www.labsindikatua.org\/eu\/hasiera\/upload\"><input src=\"\/modules\/mod_socialmediacloud\/icons\/igo.png\" longdesc=\"undefined\" width=\"30\" type=\"image\" height=\"30\" \/><\/a><\/div>\n<p> &nbsp;<\/p><\/div>\n<div>&nbsp;<\/div>\n","protected":false},"excerpt":{"rendered":"<p>La distribuci&oacute;n de la renta es un factor que determina el grado de equidad o desigualdad que existe en una sociedad; por tanto, adem&aacute;s de influir en la calidad de vida y la cohesi&oacute;n social, tambi&eacute;n repercute directamente la incidencia de la pobreza y el riesgo de exclusi&oacute;n. En este sentido, resulta alarmante comprobar que [&hellip;]<\/p>\n","protected":false},"author":1,"featured_media":15073,"comment_status":"open","ping_status":"open","sticky":false,"template":"","format":"standard","meta":{"_monsterinsights_skip_tracking":false,"_monsterinsights_sitenote_active":false,"_monsterinsights_sitenote_note":"","_monsterinsights_sitenote_category":0,"footnotes":"","_links_to":"","_links_to_target":""},"categories":[2998],"tags":[],"class_list":{"0":"post-15074","1":"post","2":"type-post","3":"status-publish","4":"format-standard","5":"has-post-thumbnail","7":"category-uncategorized-eu-es"},"_links":{"self":[{"href":"https:\/\/www.lab.eus\/es\/wp-json\/wp\/v2\/posts\/15074","targetHints":{"allow":["GET"]}}],"collection":[{"href":"https:\/\/www.lab.eus\/es\/wp-json\/wp\/v2\/posts"}],"about":[{"href":"https:\/\/www.lab.eus\/es\/wp-json\/wp\/v2\/types\/post"}],"author":[{"embeddable":true,"href":"https:\/\/www.lab.eus\/es\/wp-json\/wp\/v2\/users\/1"}],"replies":[{"embeddable":true,"href":"https:\/\/www.lab.eus\/es\/wp-json\/wp\/v2\/comments?post=15074"}],"version-history":[{"count":0,"href":"https:\/\/www.lab.eus\/es\/wp-json\/wp\/v2\/posts\/15074\/revisions"}],"wp:featuredmedia":[{"embeddable":true,"href":"https:\/\/www.lab.eus\/es\/wp-json\/wp\/v2\/media\/15073"}],"wp:attachment":[{"href":"https:\/\/www.lab.eus\/es\/wp-json\/wp\/v2\/media?parent=15074"}],"wp:term":[{"taxonomy":"category","embeddable":true,"href":"https:\/\/www.lab.eus\/es\/wp-json\/wp\/v2\/categories?post=15074"},{"taxonomy":"post_tag","embeddable":true,"href":"https:\/\/www.lab.eus\/es\/wp-json\/wp\/v2\/tags?post=15074"}],"curies":[{"name":"wp","href":"https:\/\/api.w.org\/{rel}","templated":true}]}}