{"id":15036,"date":"2017-02-27T15:30:40","date_gmt":"2017-02-27T15:30:40","guid":{"rendered":"https:\/\/www.lab.eus\/hemos-denunciado-tambien-en-el-parlamento-la-situacion-de-no-negociacion-de-la-mesa-general\/"},"modified":"2017-02-27T15:30:40","modified_gmt":"2017-02-27T15:30:40","slug":"hemos-denunciado-tambien-en-el-parlamento-la-situacion-de-no-negociacion-de-la-mesa-general","status":"publish","type":"post","link":"https:\/\/www.lab.eus\/es\/hemos-denunciado-tambien-en-el-parlamento-la-situacion-de-no-negociacion-de-la-mesa-general\/","title":{"rendered":"Hemos denunciado, tambi\u00e9n en el Parlamento, la situaci\u00f3n de no-negociaci\u00f3n de la Mesa General"},"content":{"rendered":"<p> <\/p>\n<div style=\"padding-right:15px;width:345px; float:left; border-right-style:solid; border-right-width:1px; border-right-color:#dddddd\"><img loading=\"lazy\" decoding=\"async\" class=\" size-full wp-image-15035\" src=\"https:\/\/www.lab.eus\/wp-content\/uploads\/2017\/02\/materiala_argazkiak_sozio-ekonomia_17_02_27Legebiltzarra_Legebiltzarra.jpg\" width=\"345\" height=\"230\" alt=\"\" srcset=\"https:\/\/www.lab.eus\/wp-content\/uploads\/2017\/02\/materiala_argazkiak_sozio-ekonomia_17_02_27Legebiltzarra_Legebiltzarra.jpg 800w, https:\/\/www.lab.eus\/wp-content\/uploads\/2017\/02\/materiala_argazkiak_sozio-ekonomia_17_02_27Legebiltzarra_Legebiltzarra-300x200.jpg 300w, https:\/\/www.lab.eus\/wp-content\/uploads\/2017\/02\/materiala_argazkiak_sozio-ekonomia_17_02_27Legebiltzarra_Legebiltzarra-768x513.jpg 768w, https:\/\/www.lab.eus\/wp-content\/uploads\/2017\/02\/materiala_argazkiak_sozio-ekonomia_17_02_27Legebiltzarra_Legebiltzarra-150x100.jpg 150w, https:\/\/www.lab.eus\/wp-content\/uploads\/2017\/02\/materiala_argazkiak_sozio-ekonomia_17_02_27Legebiltzarra_Legebiltzarra-696x465.jpg 696w, https:\/\/www.lab.eus\/wp-content\/uploads\/2017\/02\/materiala_argazkiak_sozio-ekonomia_17_02_27Legebiltzarra_Legebiltzarra-629x420.jpg 629w\" sizes=\"auto, (max-width: 345px) 100vw, 345px\" \/><em><span style=\"font-size: 14px; \"><\/p>\n<p> A petici&oacute;n de EH Bildu, los principales sindicatos de las administraciones de la CAPV participamos en la comisi&oacute;n de gobernanza del parlamento de Gasteiz para dar explicaciones sobre la situaci&oacute;n de la negociaci&oacute;n de la Mesa General. Aprovechamos la ocasi&oacute;n y aclaramos a los y las parlamentarias cu&aacute;l es la situaci&oacute;n real: por parte del Gobierno Vasco se mantienen los recortes y no hay negociaci&oacute;n, no hay contenidos, no hay confianza, no hay voluntad.<\/p>\n<p> <\/span><\/em>Tras realizar un diagn&oacute;stico, valoramos la actitud del Gobierno Vasco:<\/p>\n<p> -No tiene voluntad de solucionar los problemas ni de desarrollar los servicios p&uacute;blicos.<\/p>\n<p> -Tampoco tiene voluntad negociadora, ni quiere afrontar el tema del empleo que planteamos los sindicatos. LAB est&aacute; dispuesto a analizar los servicios que necesitamos, y que tras elaborar un plan, todas y todos nos comprometamos.<\/p>\n<p> -Es una negociaci&oacute;n sin contenidos ni calendario. Es una mera din&aacute;mica que pretende limitarse a paliar pero mantener recortes.<\/p>\n<p> -LAB no se f&iacute;a de un interlocutor que rompe e incumple unilateralmente los acuerdos. Para iniciar una negociaci&oacute;n es imprescindible la confianza, y el Gobierno Vasco deber&iacute;a revertir los recortes y procesos de privatizaci&oacute;n emprendidos.<\/p>\n<p> -En muchas otras instituciones gobernadas por partidos de todos los colores (ayuntamientos, diputaciones, Gobierno de Nafarroa&#8230;) existe voluntad de revertir recortes y de negociar. El Gobierno Vasco no tiene voluntad pol&iacute;tica de solucionar la situaci&oacute;n de los servicios p&uacute;blicos ni de sus plantillas.<\/p>\n<p> La comparecencia se ha dado en un contexto del proyecto de presupuestos presentado por el Gobierno Vasco, es decir, en un momento decisivo. Contamos en el parlamento lo que el viceconsejero coment&oacute; en la reuni&oacute;n, que &laquo;los recortes no los hace el Gobierno, sino los parlamentos&raquo;. Por un lado el Gobierno Vasco quiere quitarse la responsabilidad de encima, puesto que es &eacute;l quien prepara el proyecto de presupuestos, con todas las propuestas de recortes. Por otra parte es cierto, el parlamento tiene una gran responsabilidad a la hora de desarrollar el sector p&uacute;blico de Euskal Herria: o hacen una apuesta en su favor, o vamos a la privatizaci&oacute;n y a la precariedad, en un crudo neoliberalismo.<\/p>\n<p> Si bien la iniciativa llevada a cabo en el parlamento es importante, no podemos dejar el futuro de los servicios p&uacute;blicos y sus plantillas s&oacute;lo en manos de intervenciones y reuniones institucionales, y debemos seguir moviliz&aacute;ndonos. &iexcl;Atenci&oacute;n pues a las pr&oacute;ximas convocatorias!<br \/> &nbsp;<\/div>\n<div style=\"width:180px; float:left; padding-left:15px;\">\n<div style=\"text-align: center; \"><a href=\"\/rssak\"><input src=\"\/materiala\/argazkiak\/feed.png\" alt=\"RSSak\" longdesc=\"undefined\" width=\"30\" type=\"image\" height=\"30\" \/><\/a><a target=\"_blank\" href=\"http:\/\/www.facebook.com\/pages\/LAB-sindikatua\/292846207397345\" rel=\"noopener noreferrer\"><input src=\"\/modules\/mod_socialmediacloud\/icons\/facebook.png\" alt=\"LAB Facebooken\" longdesc=\"undefined\" width=\"30\" type=\"image\" height=\"30\" \/><\/a><a target=\"_blank\" href=\"http:\/\/issuu.com\/lab_argitalpenak\" rel=\"noopener noreferrer\"><input src=\"\/modules\/mod_socialmediacloud\/icons\/issuu.png\" longdesc=\"undefined\" width=\"30\" type=\"image\" height=\"30\" \/><\/a><a target=\"_blank\" href=\"http:\/\/es.scribd.com\/LABsindikatua\" rel=\"noopener noreferrer\"><input src=\"\/modules\/mod_socialmediacloud\/icons\/scribd.png\" longdesc=\"undefined\" width=\"30\" type=\"image\" height=\"30\" \/><br \/> <\/a><\/div>\n<div style=\"text-align: center; \"><a target=\"_blank\" href=\"http:\/\/twitter.com\/LABsindikatua\" rel=\"noopener noreferrer\"><input src=\"\/modules\/mod_socialmediacloud\/icons\/twitter.png\" longdesc=\"undefined\" width=\"30\" type=\"image\" height=\"30\" \/><\/a><a target=\"_blank\" href=\"http:\/\/www.youtube.com\/user\/labsindikatua\" rel=\"noopener noreferrer\"><input src=\"\/modules\/mod_socialmediacloud\/icons\/youtube.png\" longdesc=\"undefined\" width=\"30\" type=\"image\" height=\"30\" \/><\/a><a target=\"_blank\" href=\"http:\/\/www.flickr.com\/photos\/lab-sindikatua\/\" rel=\"noopener noreferrer\"><input src=\"\/modules\/mod_socialmediacloud\/icons\/flickr.png\" longdesc=\"undefined\" width=\"30\" type=\"image\" height=\"30\" \/><\/a><a href=\"http:\/\/www.labsindikatua.org\/eu\/hasiera\/upload\"><input src=\"\/modules\/mod_socialmediacloud\/icons\/igo.png\" longdesc=\"undefined\" width=\"30\" type=\"image\" height=\"30\" \/><\/a><\/div>\n<p> &nbsp;<\/p><\/div>\n<div>&nbsp;<\/div>\n","protected":false},"excerpt":{"rendered":"<p>A petici&oacute;n de EH Bildu, los principales sindicatos de las administraciones de la CAPV participamos en la comisi&oacute;n de gobernanza del parlamento de Gasteiz para dar explicaciones sobre la situaci&oacute;n de la negociaci&oacute;n de la Mesa General. Aprovechamos la ocasi&oacute;n y aclaramos a los y las parlamentarias cu&aacute;l es la situaci&oacute;n real: por parte del [&hellip;]<\/p>\n","protected":false},"author":1,"featured_media":15035,"comment_status":"open","ping_status":"open","sticky":false,"template":"","format":"standard","meta":{"_monsterinsights_skip_tracking":false,"_monsterinsights_sitenote_active":false,"_monsterinsights_sitenote_note":"","_monsterinsights_sitenote_category":0,"footnotes":"","_links_to":"","_links_to_target":""},"categories":[2998],"tags":[],"class_list":{"0":"post-15036","1":"post","2":"type-post","3":"status-publish","4":"format-standard","5":"has-post-thumbnail","7":"category-uncategorized-eu-es"},"_links":{"self":[{"href":"https:\/\/www.lab.eus\/es\/wp-json\/wp\/v2\/posts\/15036","targetHints":{"allow":["GET"]}}],"collection":[{"href":"https:\/\/www.lab.eus\/es\/wp-json\/wp\/v2\/posts"}],"about":[{"href":"https:\/\/www.lab.eus\/es\/wp-json\/wp\/v2\/types\/post"}],"author":[{"embeddable":true,"href":"https:\/\/www.lab.eus\/es\/wp-json\/wp\/v2\/users\/1"}],"replies":[{"embeddable":true,"href":"https:\/\/www.lab.eus\/es\/wp-json\/wp\/v2\/comments?post=15036"}],"version-history":[{"count":0,"href":"https:\/\/www.lab.eus\/es\/wp-json\/wp\/v2\/posts\/15036\/revisions"}],"wp:featuredmedia":[{"embeddable":true,"href":"https:\/\/www.lab.eus\/es\/wp-json\/wp\/v2\/media\/15035"}],"wp:attachment":[{"href":"https:\/\/www.lab.eus\/es\/wp-json\/wp\/v2\/media?parent=15036"}],"wp:term":[{"taxonomy":"category","embeddable":true,"href":"https:\/\/www.lab.eus\/es\/wp-json\/wp\/v2\/categories?post=15036"},{"taxonomy":"post_tag","embeddable":true,"href":"https:\/\/www.lab.eus\/es\/wp-json\/wp\/v2\/tags?post=15036"}],"curies":[{"name":"wp","href":"https:\/\/api.w.org\/{rel}","templated":true}]}}