{"id":14993,"date":"2017-02-20T16:33:28","date_gmt":"2017-02-20T16:33:28","guid":{"rendered":"https:\/\/www.lab.eus\/hemos-convocado-una-concentracion-para-el-miercoles-en-oiartzun-por-la-ultima-muerte-laboral\/"},"modified":"2017-02-20T16:33:28","modified_gmt":"2017-02-20T16:33:28","slug":"hemos-convocado-una-concentracion-para-el-miercoles-en-oiartzun-por-la-ultima-muerte-laboral","status":"publish","type":"post","link":"https:\/\/www.lab.eus\/es\/hemos-convocado-una-concentracion-para-el-miercoles-en-oiartzun-por-la-ultima-muerte-laboral\/","title":{"rendered":"Hemos convocado una concentraci\u00f3n para el mi\u00e9rcoles en Oiartzun por la \u00faltima muerte laboral"},"content":{"rendered":"<p> <\/p>\n<div style=\"padding-right:15px;width:345px; float:left; border-right-style:solid; border-right-width:1px; border-right-color:#dddddd\"><em><span style=\"font-size: 14px; \">Hoy hemos tenido conocimiento de un nuevo accidente laboral mortal en el que un trabajador de 58 an\u0303os, falso auto\u0301nomo de la empresa Transportes Insausti, ha tenido un accidente mientras circulaba en la N-1 a la altura de Ikaztegieta (Gipuzkoa). Desde LAB queremos mostrar nuestro ma\u0301s sincero apoyo y solidaridad con las y los familiares, vecinos y vecinas de la localidad y personas allegadas de la vi\u0301ctima, asi\u0301 como a la clase trabajadora en general.<\/p>\n<p> <\/span><\/em>Tal y como sucede en otros sectores, las condiciones laborales de los y las transportistas son cada vez ma\u0301s precarias. Los y las transportistas, al ser en su mayor parte trabajadores auto\u0301nomos o falsos auto\u0301nomos, no cuentan con proteccio\u0301n social adecuada en materia de accidentes de trabajo y enfermedades profesionales, y adema\u0301s, los accidentes laborales que sufren los y las auto\u0301nomas transportistas, muchas veces no se contabilizan en las estadi\u0301sticas oficiales. De esta manera, las administraciones disfrazan las precarias condiciones de trabajo en las que esta\u0301 inmerso el sector.<\/p>\n<p> Hay que subrayar tambie\u0301n que los accidentes laborales que sufren las y los profesionales transportistas son la consecuencia directa de la ma\u0301s absoluta desregulacio\u0301n del sector, y de la falta total de derechos de los y las transportistas, que para conservar su trabajo se ven obligados a hacer frente a las prisas y a las presiones de las empresas cargadoras, a horarios apretados, cargas con exceso de peso, precios bajos por los servicios, largas jornadas de trabajo, exigencia al transportista de la descarga del porte, imposibilidad de descansar con dignidad&#8230; E\u0301stas son las situaciones que dificultan y obstaculizan un ejercicio digno y seguro de la actividad del transporte, y que adema\u0301s ponen en peligro la vida de los y las profesionales. E\u0301stas son las situaciones a las que las Administraciones prefieren hacer oi\u0301dos sordos, ya que su u\u0301nico afa\u0301n es conseguir un transporte barato, a costa de cualquier cosa.<\/p>\n<p> La movilizacio\u0301n y la lucha es un elemento primordial antes y cuando ocurren accidentes. Asi\u0301, los sindicatos ELA, LAB, ESK, STEILAS, EHNE e HIRU seguiremos denunciando cada accidente de trabajo e exigiendo a las empresas y a las administraciones pu\u0301blicas mejoras en este a\u0301mbito. Para ello, el pro\u0301ximo mie\u0301rcoles di\u0301a 22, a las 11:00 nos vamos a concentrar frente a la empresa Transportes Insausti (Oiartzun, Poligono Lanbarren, Aranburu Bidea 3B).<br \/> &nbsp;<\/div>\n<div style=\"width:180px; float:left; padding-left:15px;\">\n<div style=\"text-align: center; \"><a href=\"\/rssak\"><input src=\"\/materiala\/argazkiak\/feed.png\" alt=\"RSSak\" longdesc=\"undefined\" width=\"30\" type=\"image\" height=\"30\" \/><\/a><a target=\"_blank\" href=\"http:\/\/www.facebook.com\/pages\/LAB-sindikatua\/292846207397345\" rel=\"noopener noreferrer\"><input src=\"\/modules\/mod_socialmediacloud\/icons\/facebook.png\" alt=\"LAB Facebooken\" longdesc=\"undefined\" width=\"30\" type=\"image\" height=\"30\" \/><\/a><a target=\"_blank\" href=\"http:\/\/issuu.com\/lab_argitalpenak\" rel=\"noopener noreferrer\"><input src=\"\/modules\/mod_socialmediacloud\/icons\/issuu.png\" longdesc=\"undefined\" width=\"30\" type=\"image\" height=\"30\" \/><\/a><a target=\"_blank\" href=\"http:\/\/es.scribd.com\/LABsindikatua\" rel=\"noopener noreferrer\"><input src=\"\/modules\/mod_socialmediacloud\/icons\/scribd.png\" longdesc=\"undefined\" width=\"30\" type=\"image\" height=\"30\" \/><br \/> <\/a><\/div>\n<div style=\"text-align: center; \"><a target=\"_blank\" href=\"http:\/\/twitter.com\/LABsindikatua\" rel=\"noopener noreferrer\"><input src=\"\/modules\/mod_socialmediacloud\/icons\/twitter.png\" longdesc=\"undefined\" width=\"30\" type=\"image\" height=\"30\" \/><\/a><a target=\"_blank\" href=\"http:\/\/www.youtube.com\/user\/labsindikatua\" rel=\"noopener noreferrer\"><input src=\"\/modules\/mod_socialmediacloud\/icons\/youtube.png\" longdesc=\"undefined\" width=\"30\" type=\"image\" height=\"30\" \/><\/a><a target=\"_blank\" href=\"http:\/\/www.flickr.com\/photos\/lab-sindikatua\/\" rel=\"noopener noreferrer\"><input src=\"\/modules\/mod_socialmediacloud\/icons\/flickr.png\" longdesc=\"undefined\" width=\"30\" type=\"image\" height=\"30\" \/><\/a><a href=\"http:\/\/www.labsindikatua.org\/eu\/hasiera\/upload\"><input src=\"\/modules\/mod_socialmediacloud\/icons\/igo.png\" longdesc=\"undefined\" width=\"30\" type=\"image\" height=\"30\" \/><\/a><\/div>\n<p> &nbsp;<\/p><\/div>\n<div>&nbsp;<\/div>\n","protected":false},"excerpt":{"rendered":"<p>Hoy hemos tenido conocimiento de un nuevo accidente laboral mortal en el que un trabajador de 58 an\u0303os, falso auto\u0301nomo de la empresa Transportes Insausti, ha tenido un accidente mientras circulaba en la N-1 a la altura de Ikaztegieta (Gipuzkoa). Desde LAB queremos mostrar nuestro ma\u0301s sincero apoyo y solidaridad con las y los familiares, [&hellip;]<\/p>\n","protected":false},"author":1,"featured_media":0,"comment_status":"open","ping_status":"open","sticky":false,"template":"","format":"standard","meta":{"_monsterinsights_skip_tracking":false,"_monsterinsights_sitenote_active":false,"_monsterinsights_sitenote_note":"","_monsterinsights_sitenote_category":0,"footnotes":"","_links_to":"","_links_to_target":""},"categories":[130],"tags":[],"class_list":{"0":"post-14993","1":"post","2":"type-post","3":"status-publish","4":"format-standard","6":"category-es-la-precariedad-mata-es-salud-laboral"},"_links":{"self":[{"href":"https:\/\/www.lab.eus\/es\/wp-json\/wp\/v2\/posts\/14993","targetHints":{"allow":["GET"]}}],"collection":[{"href":"https:\/\/www.lab.eus\/es\/wp-json\/wp\/v2\/posts"}],"about":[{"href":"https:\/\/www.lab.eus\/es\/wp-json\/wp\/v2\/types\/post"}],"author":[{"embeddable":true,"href":"https:\/\/www.lab.eus\/es\/wp-json\/wp\/v2\/users\/1"}],"replies":[{"embeddable":true,"href":"https:\/\/www.lab.eus\/es\/wp-json\/wp\/v2\/comments?post=14993"}],"version-history":[{"count":0,"href":"https:\/\/www.lab.eus\/es\/wp-json\/wp\/v2\/posts\/14993\/revisions"}],"wp:attachment":[{"href":"https:\/\/www.lab.eus\/es\/wp-json\/wp\/v2\/media?parent=14993"}],"wp:term":[{"taxonomy":"category","embeddable":true,"href":"https:\/\/www.lab.eus\/es\/wp-json\/wp\/v2\/categories?post=14993"},{"taxonomy":"post_tag","embeddable":true,"href":"https:\/\/www.lab.eus\/es\/wp-json\/wp\/v2\/tags?post=14993"}],"curies":[{"name":"wp","href":"https:\/\/api.w.org\/{rel}","templated":true}]}}