{"id":14907,"date":"2017-02-01T13:22:47","date_gmt":"2017-02-01T13:22:47","guid":{"rendered":"https:\/\/www.lab.eus\/el-comite-de-empresa-de-jaso-ha-decidido-acudir-al-preco-con-la-intencion-de-desbloquear-la-situacion\/"},"modified":"2017-02-01T13:22:47","modified_gmt":"2017-02-01T13:22:47","slug":"el-comite-de-empresa-de-jaso-ha-decidido-acudir-al-preco-con-la-intencion-de-desbloquear-la-situacion","status":"publish","type":"post","link":"https:\/\/www.lab.eus\/es\/el-comite-de-empresa-de-jaso-ha-decidido-acudir-al-preco-con-la-intencion-de-desbloquear-la-situacion\/","title":{"rendered":"El comit\u00e9 de empresa de Jaso ha decidido acudir al PRECO con la intenci\u00f3n de desbloquear la situaci\u00f3n"},"content":{"rendered":"<p> <\/p>\n<div style=\"padding-right:15px;width:345px; float:left; border-right-style:solid; border-right-width:1px; border-right-color:#dddddd\"><em><span style=\"font-size: 14px; \"><img loading=\"lazy\" decoding=\"async\" class=\" size-full wp-image-14906\" height=\"169\" width=\"345\" alt=\"\" src=\"https:\/\/www.lab.eus\/wp-content\/uploads\/2017\/02\/materiala_argazkiak_industria_metala_17_02_01Jaso_Jaso.jpg\" srcset=\"https:\/\/www.lab.eus\/wp-content\/uploads\/2017\/02\/materiala_argazkiak_industria_metala_17_02_01Jaso_Jaso.jpg 800w, https:\/\/www.lab.eus\/wp-content\/uploads\/2017\/02\/materiala_argazkiak_industria_metala_17_02_01Jaso_Jaso-300x147.jpg 300w, https:\/\/www.lab.eus\/wp-content\/uploads\/2017\/02\/materiala_argazkiak_industria_metala_17_02_01Jaso_Jaso-768x375.jpg 768w, https:\/\/www.lab.eus\/wp-content\/uploads\/2017\/02\/materiala_argazkiak_industria_metala_17_02_01Jaso_Jaso-150x73.jpg 150w, https:\/\/www.lab.eus\/wp-content\/uploads\/2017\/02\/materiala_argazkiak_industria_metala_17_02_01Jaso_Jaso-696x340.jpg 696w, https:\/\/www.lab.eus\/wp-content\/uploads\/2017\/02\/materiala_argazkiak_industria_metala_17_02_01Jaso_Jaso-324x160.jpg 324w, https:\/\/www.lab.eus\/wp-content\/uploads\/2017\/02\/materiala_argazkiak_industria_metala_17_02_01Jaso_Jaso-533x261.jpg 533w\" sizes=\"auto, (max-width: 345px) 100vw, 345px\" \/><\/p>\n<p> Hoy se cumplen dos meses desde que las y los trabajadores de Jaso Industrial de Itsasondo iniciaron la huelga parcial indefinida. Llevan 36 d&iacute;as de huelga y la de hoy ha sido la s&eacute;ptima manifestaci&oacute;n en la feria de Ordizia. Cabe recordar que, desde finales de 2015, se encuentran sin pacto de empresa y que llevan ya m&aacute;s de 15 meses negociando el nuevo pacto.<\/p>\n<p> <\/span><\/em>Esta es la nota que ha publicado hoy el comit&eacute; de empresa:<\/p>\n<p> Queremos dejar claro que el problema que nos ha llevado a este conflicto en Jaso Industrial, no es econ&oacute;mico, el problema son las diferencias sociales existentes. Dentro de la empresa, estas diferencias son grandes y discriminatorias. Nuestro objetivo es ir acabando con las diferencias existentes dentro de Jaso poco a poco y en diferentes convenios, y as&iacute;, acabar con esta injusta situaci&oacute;n en unos a&ntilde;os.<\/p>\n<p> En estos momentos son dos los puntos que mantienen bloqueado el pacto; estos son la homogeneizaci&oacute;n de las n&oacute;minas y las bajas por enfermedad para las y los trabajadores de taller. Ante la actitud inmovilista de la empresa, la pasada semana las y los trabajadores dimos un paso importante de cara a impulsar el desbloqueo de la negociaci&oacute;n. Decidimos dejar para futuros pactos uno de los dos puntos que bloquean la negociaci&oacute;n y quedarnos con el otro y as&iacute; ir logrando poco a poco y con el paso del tiempo acabar con las desigualdades sociales hoy existentes en la empresa.<\/p>\n<p> La empresa respondi&oacute; al d&iacute;a siguiente y su propuesta fue vergonzosa. En su nuevo planteamiento no hay movimientos, ni en la homogeneizaci&oacute;n de la n&oacute;mina, ni en las bajas por enfermedad, y, adem&aacute;s, por si esto fuera poco, la direcci&oacute;n se permite retirar de nuestra propuesta la cl&aacute;usula de blindaje contra la reforma laboral, cl&aacute;usula que desde el comienzo de la negociaci&oacute;n hab&iacute;a sido aceptada llegando incluso a que la direcci&oacute;n se ofreciera a redactar la citada cl&aacute;usula de blindaje. Ahora, y despu&eacute;s de un a&ntilde;o de negociaci&oacute;n con este punto aceptado, lo eliminan de la plataforma. Es inaceptable, y al mismo tiempo preocupante, esta forma de proceder de direcci&oacute;n negando ahora compromisos adquiridos desde un principio.<\/p>\n<p> El talante inmovilista de direcci&oacute;n es lo que ha generado el problema, ya que despu&eacute;s de 15 meses de ofrecer diferentes propuestas y soluciones para poder llegar a un acuerdo satisfactorio para ambas partes, &eacute;stas han sido sistem&aacute;ticamente rechazadas manteni&eacute;ndose la situaci&oacute;n de bloqueo.<\/p>\n<p> Agotados todos los intentos para poder solucionar este problema dentro de la propia empresa, no nos ha quedado otra opci&oacute;n que acudir al PRECO (&oacute;rgano mediador externo) con el objetivo de que una vez analizadas las causas del conflicto, realice una propuesta que pueda valer para llegar a un acuerdo definitivo.<\/p>\n<p> La reuni&oacute;n est&aacute; convocada para este viernes, 3 de febrero, en el n&uacute;mero 19 de la calle Javier Barkaiztegi de Donostia a las 10 de la ma&ntilde;ana y esperamos de direcci&oacute;n una actitud responsable acudiendo a la cita, y llegar a solucionar esta situaci&oacute;n de conflictividad.<\/p><\/div>\n<div style=\"width:180px; float:left; padding-left:15px;\">\n<div style=\"text-align: center; \"><a href=\"\/rssak\"><input src=\"\/materiala\/argazkiak\/feed.png\" alt=\"RSSak\" longdesc=\"undefined\" width=\"30\" type=\"image\" height=\"30\" \/><\/a><a target=\"_blank\" href=\"http:\/\/www.facebook.com\/pages\/LAB-sindikatua\/292846207397345\" rel=\"noopener noreferrer\"><input src=\"\/modules\/mod_socialmediacloud\/icons\/facebook.png\" alt=\"LAB Facebooken\" longdesc=\"undefined\" width=\"30\" type=\"image\" height=\"30\" \/><\/a><a target=\"_blank\" href=\"http:\/\/issuu.com\/lab_argitalpenak\" rel=\"noopener noreferrer\"><input src=\"\/modules\/mod_socialmediacloud\/icons\/issuu.png\" longdesc=\"undefined\" width=\"30\" type=\"image\" height=\"30\" \/><\/a><a target=\"_blank\" href=\"http:\/\/es.scribd.com\/LABsindikatua\" rel=\"noopener noreferrer\"><input src=\"\/modules\/mod_socialmediacloud\/icons\/scribd.png\" longdesc=\"undefined\" width=\"30\" type=\"image\" height=\"30\" \/><br \/> <\/a><\/div>\n<div style=\"text-align: center; \"><a target=\"_blank\" href=\"http:\/\/twitter.com\/LABsindikatua\" rel=\"noopener noreferrer\"><input src=\"\/modules\/mod_socialmediacloud\/icons\/twitter.png\" longdesc=\"undefined\" width=\"30\" type=\"image\" height=\"30\" \/><\/a><a target=\"_blank\" href=\"http:\/\/www.youtube.com\/user\/labsindikatua\" rel=\"noopener noreferrer\"><input src=\"\/modules\/mod_socialmediacloud\/icons\/youtube.png\" longdesc=\"undefined\" width=\"30\" type=\"image\" height=\"30\" \/><\/a><a target=\"_blank\" href=\"http:\/\/www.flickr.com\/photos\/lab-sindikatua\/\" rel=\"noopener noreferrer\"><input src=\"\/modules\/mod_socialmediacloud\/icons\/flickr.png\" longdesc=\"undefined\" width=\"30\" type=\"image\" height=\"30\" \/><\/a><a href=\"http:\/\/www.labsindikatua.org\/eu\/hasiera\/upload\"><input src=\"\/modules\/mod_socialmediacloud\/icons\/igo.png\" longdesc=\"undefined\" width=\"30\" type=\"image\" height=\"30\" \/><\/a><\/div>\n<p> &nbsp;<\/p><\/div>\n<div>&nbsp;<\/div>\n","protected":false},"excerpt":{"rendered":"<p>Hoy se cumplen dos meses desde que las y los trabajadores de Jaso Industrial de Itsasondo iniciaron la huelga parcial indefinida. Llevan 36 d&iacute;as de huelga y la de hoy ha sido la s&eacute;ptima manifestaci&oacute;n en la feria de Ordizia. Cabe recordar que, desde finales de 2015, se encuentran sin pacto de empresa y que [&hellip;]<\/p>\n","protected":false},"author":1,"featured_media":14906,"comment_status":"open","ping_status":"open","sticky":false,"template":"","format":"standard","meta":{"_monsterinsights_skip_tracking":false,"_monsterinsights_sitenote_active":false,"_monsterinsights_sitenote_note":"","_monsterinsights_sitenote_category":0,"footnotes":"","_links_to":"","_links_to_target":""},"categories":[108],"tags":[2996,3064],"class_list":{"0":"post-14907","1":"post","2":"type-post","3":"status-publish","4":"format-standard","5":"has-post-thumbnail","7":"category-es-metal","8":"tag-industria-es","9":"tag-metal-es"},"_links":{"self":[{"href":"https:\/\/www.lab.eus\/es\/wp-json\/wp\/v2\/posts\/14907","targetHints":{"allow":["GET"]}}],"collection":[{"href":"https:\/\/www.lab.eus\/es\/wp-json\/wp\/v2\/posts"}],"about":[{"href":"https:\/\/www.lab.eus\/es\/wp-json\/wp\/v2\/types\/post"}],"author":[{"embeddable":true,"href":"https:\/\/www.lab.eus\/es\/wp-json\/wp\/v2\/users\/1"}],"replies":[{"embeddable":true,"href":"https:\/\/www.lab.eus\/es\/wp-json\/wp\/v2\/comments?post=14907"}],"version-history":[{"count":0,"href":"https:\/\/www.lab.eus\/es\/wp-json\/wp\/v2\/posts\/14907\/revisions"}],"wp:featuredmedia":[{"embeddable":true,"href":"https:\/\/www.lab.eus\/es\/wp-json\/wp\/v2\/media\/14906"}],"wp:attachment":[{"href":"https:\/\/www.lab.eus\/es\/wp-json\/wp\/v2\/media?parent=14907"}],"wp:term":[{"taxonomy":"category","embeddable":true,"href":"https:\/\/www.lab.eus\/es\/wp-json\/wp\/v2\/categories?post=14907"},{"taxonomy":"post_tag","embeddable":true,"href":"https:\/\/www.lab.eus\/es\/wp-json\/wp\/v2\/tags?post=14907"}],"curies":[{"name":"wp","href":"https:\/\/api.w.org\/{rel}","templated":true}]}}