{"id":14881,"date":"2017-01-25T12:08:05","date_gmt":"2017-01-25T12:08:05","guid":{"rendered":"https:\/\/www.lab.eus\/nos-solidarizamos-con-esteban-companero-a-quien-juzgaran-manana-por-el-muro-popular-de-loiola\/"},"modified":"2017-01-25T12:08:05","modified_gmt":"2017-01-25T12:08:05","slug":"nos-solidarizamos-con-esteban-companero-a-quien-juzgaran-manana-por-el-muro-popular-de-loiola","status":"publish","type":"post","link":"https:\/\/www.lab.eus\/es\/nos-solidarizamos-con-esteban-companero-a-quien-juzgaran-manana-por-el-muro-popular-de-loiola\/","title":{"rendered":"Nos solidarizamos con Esteban, compa\u00f1ero a quien juzgar\u00e1n ma\u00f1ana por el muro popular de Loiola"},"content":{"rendered":"<p> <\/p>\n<div style=\"padding-right:15px;width:345px; float:left; border-right-style:solid; border-right-width:1px; border-right-color:#dddddd\"><em><span style=\"font-size: 14px; \">LAB de Edesa Industrial y Geyser apoya a su compa&ntilde;ero, para el que la acusaci&oacute;n pide 3 a&ntilde;os de prisi&oacute;n y una multa de 21.292 euros por defender los derechos civiles y pol&iacute;ticos.<\/p>\n<p> <\/span><\/em>En septiembre de 2014, cuando se supo que iban a juzgar a 28 j&oacute;venes por su militancia pol&iacute;tica, cientos de personas crearon un muro popular en Loiola. All&iacute; estaba nuestro compa&ntilde;ero Esteban, haciendo su aportaci&oacute;n en defensa de los derechos civiles y pol&iacute;ticos.<\/p>\n<p> La Ertzaintza arremeti&oacute; violentamente contra las personas all&iacute; concentradas. Dejaron sangrando a Esteban y lo detuvieron acus&aacute;ndole de un delito de &ldquo;atentado a la autoridad&rdquo;.<\/p>\n<p> Ma&ntilde;ana, 26 de junio, Esteban ser&aacute; juzgado en Donostia. La acusaci&oacute;n pide 3 a&ntilde;os de prisi&oacute;n y una multa de 21.292 euros.<\/p>\n<p> Queremos denunciar este montaje policial y mostrar nuestra solidaridad hacia Esteban. Estamos orgullosas y orgullosos de tener un compa&ntilde;ero as&iacute;, solidario y comprometido ante las injusticias cometidas. Ahora, somos nosotros y nosotras quienes mostramos nuestra solidaridad y apoyo para con &eacute;l.<br \/> &nbsp;<\/div>\n<div style=\"width:180px; float:left; padding-left:15px;\">\n<div style=\"text-align: center; \"><a href=\"\/rssak\"><input src=\"\/materiala\/argazkiak\/feed.png\" alt=\"RSSak\" longdesc=\"undefined\" width=\"30\" type=\"image\" height=\"30\" \/><\/a><a target=\"_blank\" href=\"http:\/\/www.facebook.com\/pages\/LAB-sindikatua\/292846207397345\" rel=\"noopener noreferrer\"><input src=\"\/modules\/mod_socialmediacloud\/icons\/facebook.png\" alt=\"LAB Facebooken\" longdesc=\"undefined\" width=\"30\" type=\"image\" height=\"30\" \/><\/a><a target=\"_blank\" href=\"http:\/\/issuu.com\/lab_argitalpenak\" rel=\"noopener noreferrer\"><input src=\"\/modules\/mod_socialmediacloud\/icons\/issuu.png\" longdesc=\"undefined\" width=\"30\" type=\"image\" height=\"30\" \/><\/a><a target=\"_blank\" href=\"http:\/\/es.scribd.com\/LABsindikatua\" rel=\"noopener noreferrer\"><input src=\"\/modules\/mod_socialmediacloud\/icons\/scribd.png\" longdesc=\"undefined\" width=\"30\" type=\"image\" height=\"30\" \/><br \/> <\/a><\/div>\n<div style=\"text-align: center; \"><a target=\"_blank\" href=\"http:\/\/twitter.com\/LABsindikatua\" rel=\"noopener noreferrer\"><input src=\"\/modules\/mod_socialmediacloud\/icons\/twitter.png\" longdesc=\"undefined\" width=\"30\" type=\"image\" height=\"30\" \/><\/a><a target=\"_blank\" href=\"http:\/\/www.youtube.com\/user\/labsindikatua\" rel=\"noopener noreferrer\"><input src=\"\/modules\/mod_socialmediacloud\/icons\/youtube.png\" longdesc=\"undefined\" width=\"30\" type=\"image\" height=\"30\" \/><\/a><a target=\"_blank\" href=\"http:\/\/www.flickr.com\/photos\/lab-sindikatua\/\" rel=\"noopener noreferrer\"><input src=\"\/modules\/mod_socialmediacloud\/icons\/flickr.png\" longdesc=\"undefined\" width=\"30\" type=\"image\" height=\"30\" \/><\/a><a href=\"http:\/\/www.labsindikatua.org\/eu\/hasiera\/upload\"><input src=\"\/modules\/mod_socialmediacloud\/icons\/igo.png\" longdesc=\"undefined\" width=\"30\" type=\"image\" height=\"30\" \/><\/a><\/div>\n<p> &nbsp;<\/p><\/div>\n<div>&nbsp;<\/div>\n","protected":false},"excerpt":{"rendered":"<p>LAB de Edesa Industrial y Geyser apoya a su compa&ntilde;ero, para el que la acusaci&oacute;n pide 3 a&ntilde;os de prisi&oacute;n y una multa de 21.292 euros por defender los derechos civiles y pol&iacute;ticos. En septiembre de 2014, cuando se supo que iban a juzgar a 28 j&oacute;venes por su militancia pol&iacute;tica, cientos de personas crearon [&hellip;]<\/p>\n","protected":false},"author":1,"featured_media":0,"comment_status":"open","ping_status":"open","sticky":false,"template":"","format":"standard","meta":{"_monsterinsights_skip_tracking":false,"_monsterinsights_sitenote_active":false,"_monsterinsights_sitenote_note":"","_monsterinsights_sitenote_category":0,"footnotes":"","_links_to":"","_links_to_target":""},"categories":[163],"tags":[],"class_list":{"0":"post-14881","1":"post","2":"type-post","3":"status-publish","4":"format-standard","6":"category-es-represion"},"_links":{"self":[{"href":"https:\/\/www.lab.eus\/es\/wp-json\/wp\/v2\/posts\/14881","targetHints":{"allow":["GET"]}}],"collection":[{"href":"https:\/\/www.lab.eus\/es\/wp-json\/wp\/v2\/posts"}],"about":[{"href":"https:\/\/www.lab.eus\/es\/wp-json\/wp\/v2\/types\/post"}],"author":[{"embeddable":true,"href":"https:\/\/www.lab.eus\/es\/wp-json\/wp\/v2\/users\/1"}],"replies":[{"embeddable":true,"href":"https:\/\/www.lab.eus\/es\/wp-json\/wp\/v2\/comments?post=14881"}],"version-history":[{"count":0,"href":"https:\/\/www.lab.eus\/es\/wp-json\/wp\/v2\/posts\/14881\/revisions"}],"wp:attachment":[{"href":"https:\/\/www.lab.eus\/es\/wp-json\/wp\/v2\/media?parent=14881"}],"wp:term":[{"taxonomy":"category","embeddable":true,"href":"https:\/\/www.lab.eus\/es\/wp-json\/wp\/v2\/categories?post=14881"},{"taxonomy":"post_tag","embeddable":true,"href":"https:\/\/www.lab.eus\/es\/wp-json\/wp\/v2\/tags?post=14881"}],"curies":[{"name":"wp","href":"https:\/\/api.w.org\/{rel}","templated":true}]}}