{"id":14808,"date":"2017-01-10T12:44:13","date_gmt":"2017-01-10T12:44:13","guid":{"rendered":"https:\/\/www.lab.eus\/el-acuerdo-interprofesional-podria-ir-por-buen-camino-pero-es-necesario-darle-una-solucion-a-la-situacion-de-bloqueo-de-la-negociacion-colectiva\/"},"modified":"2017-01-10T12:44:13","modified_gmt":"2017-01-10T12:44:13","slug":"el-acuerdo-interprofesional-podria-ir-por-buen-camino-pero-es-necesario-darle-una-solucion-a-la-situacion-de-bloqueo-de-la-negociacion-colectiva","status":"publish","type":"post","link":"https:\/\/www.lab.eus\/es\/el-acuerdo-interprofesional-podria-ir-por-buen-camino-pero-es-necesario-darle-una-solucion-a-la-situacion-de-bloqueo-de-la-negociacion-colectiva\/","title":{"rendered":"El Acuerdo Interprofesional podr\u00eda ir por buen camino, pero es necesario darle una soluci\u00f3n a la situaci\u00f3n de bloqueo de la negociaci\u00f3n colectiva"},"content":{"rendered":"<p> <\/p>\n<div style=\"padding-right:15px;width:345px; float:left; border-right-style:solid; border-right-width:1px; border-right-color:#dddddd\"><em><span style=\"font-size: 14px; \">Esta ma&ntilde;ana ha tenido lugar la segunda reuni&oacute;n de la mesa del Acuerdo Interprofesional. En ella se han analizado las aportaciones realizadas por los sindicatos. Algunas de las aportaciones han sido aprobadas, pero otras no. Entre las peticiones sindicales rechazadas por la patronal destaca su negativa a adoptar un compromiso, dentro del acuerdo, para superar el bloqueo de la negociaci&oacute;n colectiva.&nbsp;La pr&oacute;xima reuni&oacute;n de la mesa tendr&aacute; lugar el 17 de enero.<\/p>\n<p> <\/span><\/em>La negociaci&oacute;n colectiva se encuentra en un momento cr&iacute;tico. La patronal est&aacute; utilizando las ventajas que le brindan las reformas laborales para dejar los convenios sin renovar. Esta situaci&oacute;n ha traido consigo la estatalizaci&oacute;n de la negociaci&oacute;n colectiva. Son miles las y los trabajadores que se encuentran bajo los convenios estatales. Cuando los convenios pierden su vigencia, se aplican los convenios estatales y, adem&aacute;s, en Madrid cada vez se limita m&aacute;s lo que pueda negociarse en nuestro &aacute;mbito, apostando por la centralizaci&oacute;n. <\/p>\n<p> La responsabilidad de todo esto no la tiene &uacute;nicamente la patronal CEOE. Los sindicatos CCOO y UGT tambi&eacute;n apuestan claramente por el centralismo. Resulta parad&oacute;jico que con una mano est&eacute;n apoyando el centralismo en Madrid, y con la otra mano est&eacute;n presuntamente tratando de blindar los convenios propios frente a los estatales que impulsan desde Madrid.<\/p>\n<p> Blindar el &aacute;mbito vasco para la negociaci&oacute;n colectiva, y mantener en nuestro &aacute;mbito el derecho a la negociaci&oacute;n colectiva de las y los trabajadores vascos es una prioridad para nosotras y nosotros. Con este objetivo participamos en los anteriores intentos de 2011 y 2013. En este sentido, ser&iacute;a positivo, y valorar&iacute;amos como avance que hubiera un Acuerdo Interprofesional que recogiera un acuerdo marco para blindar los convenios propios frente a los de &aacute;mbito estatal. <\/p>\n<p> Aun as&iacute;, las propuestas de Confebask tienen sus delimitaciones, pues s&oacute;lo apoya los convenios que est&aacute;n vigentes y que cuentan con ultractividad, de manera que, en este momento, la mayor&iacute;a de los convenios se quedar&iacute;an fuera.<\/p>\n<p> Por lo tanto, este Acuerdo Interprofesional podr&iacute;a ir por buen camino, pero es necesario darle una soluci&oacute;n a la situaci&oacute;n de bloqueo que vive hoy en d&iacute;a la negociaci&oacute;n colectiva, renovando los convenios y situ&aacute;ndolos bajo la protecci&oacute;n de este acuerdo. Queremos nuestros convenios vivos y vigentes.<\/p>\n<p> La pr&oacute;xima reuni&oacute;n de la mesa tendr&aacute; lugar el 17 de enero. En los pr&oacute;ximos d&iacute;as analizaremos la propuesta en nuestras estructuras, y fijaremos nuestra postura ante el Acuerdo Interprofesional.<br \/> &nbsp;<\/div>\n<div style=\"width:180px; float:left; padding-left:15px;\">\n<div style=\"text-align: center; \"><a href=\"\/rssak\"><input src=\"\/materiala\/argazkiak\/feed.png\" alt=\"RSSak\" longdesc=\"undefined\" width=\"30\" type=\"image\" height=\"30\" \/><\/a><a target=\"_blank\" href=\"http:\/\/www.facebook.com\/pages\/LAB-sindikatua\/292846207397345\" rel=\"noopener noreferrer\"><input src=\"\/modules\/mod_socialmediacloud\/icons\/facebook.png\" alt=\"LAB Facebooken\" longdesc=\"undefined\" width=\"30\" type=\"image\" height=\"30\" \/><\/a><a target=\"_blank\" href=\"http:\/\/issuu.com\/lab_argitalpenak\" rel=\"noopener noreferrer\"><input src=\"\/modules\/mod_socialmediacloud\/icons\/issuu.png\" longdesc=\"undefined\" width=\"30\" type=\"image\" height=\"30\" \/><\/a><a target=\"_blank\" href=\"http:\/\/es.scribd.com\/LABsindikatua\" rel=\"noopener noreferrer\"><input src=\"\/modules\/mod_socialmediacloud\/icons\/scribd.png\" longdesc=\"undefined\" width=\"30\" type=\"image\" height=\"30\" \/><br \/> <\/a><\/div>\n<div style=\"text-align: center; \"><a target=\"_blank\" href=\"http:\/\/twitter.com\/LABsindikatua\" rel=\"noopener noreferrer\"><input src=\"\/modules\/mod_socialmediacloud\/icons\/twitter.png\" longdesc=\"undefined\" width=\"30\" type=\"image\" height=\"30\" \/><\/a><a target=\"_blank\" href=\"http:\/\/www.youtube.com\/user\/labsindikatua\" rel=\"noopener noreferrer\"><input src=\"\/modules\/mod_socialmediacloud\/icons\/youtube.png\" longdesc=\"undefined\" width=\"30\" type=\"image\" height=\"30\" \/><\/a><a target=\"_blank\" href=\"http:\/\/www.flickr.com\/photos\/lab-sindikatua\/\" rel=\"noopener noreferrer\"><input src=\"\/modules\/mod_socialmediacloud\/icons\/flickr.png\" longdesc=\"undefined\" width=\"30\" type=\"image\" height=\"30\" \/><\/a><a href=\"http:\/\/www.labsindikatua.org\/eu\/hasiera\/upload\"><input src=\"\/modules\/mod_socialmediacloud\/icons\/igo.png\" longdesc=\"undefined\" width=\"30\" type=\"image\" height=\"30\" \/><\/a><\/div>\n<p> &nbsp;<\/p><\/div>\n<div>&nbsp;<\/div>\n","protected":false},"excerpt":{"rendered":"<p>Esta ma&ntilde;ana ha tenido lugar la segunda reuni&oacute;n de la mesa del Acuerdo Interprofesional. En ella se han analizado las aportaciones realizadas por los sindicatos. Algunas de las aportaciones han sido aprobadas, pero otras no. Entre las peticiones sindicales rechazadas por la patronal destaca su negativa a adoptar un compromiso, dentro del acuerdo, para superar [&hellip;]<\/p>\n","protected":false},"author":1,"featured_media":0,"comment_status":"open","ping_status":"open","sticky":false,"template":"","format":"standard","meta":{"_monsterinsights_skip_tracking":false,"_monsterinsights_sitenote_active":false,"_monsterinsights_sitenote_note":"","_monsterinsights_sitenote_category":0,"footnotes":"","_links_to":"","_links_to_target":""},"categories":[18],"tags":[3033],"class_list":{"0":"post-14808","1":"post","2":"type-post","3":"status-publish","4":"format-standard","6":"category-es-accion-sindical","7":"tag-accion-sindical-es"},"_links":{"self":[{"href":"https:\/\/www.lab.eus\/es\/wp-json\/wp\/v2\/posts\/14808","targetHints":{"allow":["GET"]}}],"collection":[{"href":"https:\/\/www.lab.eus\/es\/wp-json\/wp\/v2\/posts"}],"about":[{"href":"https:\/\/www.lab.eus\/es\/wp-json\/wp\/v2\/types\/post"}],"author":[{"embeddable":true,"href":"https:\/\/www.lab.eus\/es\/wp-json\/wp\/v2\/users\/1"}],"replies":[{"embeddable":true,"href":"https:\/\/www.lab.eus\/es\/wp-json\/wp\/v2\/comments?post=14808"}],"version-history":[{"count":0,"href":"https:\/\/www.lab.eus\/es\/wp-json\/wp\/v2\/posts\/14808\/revisions"}],"wp:attachment":[{"href":"https:\/\/www.lab.eus\/es\/wp-json\/wp\/v2\/media?parent=14808"}],"wp:term":[{"taxonomy":"category","embeddable":true,"href":"https:\/\/www.lab.eus\/es\/wp-json\/wp\/v2\/categories?post=14808"},{"taxonomy":"post_tag","embeddable":true,"href":"https:\/\/www.lab.eus\/es\/wp-json\/wp\/v2\/tags?post=14808"}],"curies":[{"name":"wp","href":"https:\/\/api.w.org\/{rel}","templated":true}]}}