{"id":14800,"date":"2017-01-09T16:20:22","date_gmt":"2017-01-09T16:20:22","guid":{"rendered":"https:\/\/www.lab.eus\/hemos-convocado-para-manana-una-concentracion-para-denunciar-la-ultima-muerte-laboral\/"},"modified":"2017-01-09T16:20:22","modified_gmt":"2017-01-09T16:20:22","slug":"hemos-convocado-para-manana-una-concentracion-para-denunciar-la-ultima-muerte-laboral","status":"publish","type":"post","link":"https:\/\/www.lab.eus\/es\/hemos-convocado-para-manana-una-concentracion-para-denunciar-la-ultima-muerte-laboral\/","title":{"rendered":"Hemos convocado para ma\u00f1ana una concentraci\u00f3n para denunciar la \u00faltima muerte laboral"},"content":{"rendered":"<p> <\/p>\n<div style=\"padding-right:15px;width:345px; float:left; border-right-style:solid; border-right-width:1px; border-right-color:#dddddd\"><em><span style=\"font-size: 14px; \">La mayor&iacute;a sindical vasca ha convocado para ma&ntilde;ana una concentraci&oacute;n en Donostia junto a la sede que tiene el Gobierno Vasco en la calle Andia. La protesta ser&aacute; a las 11:30, bajo el lema &#8216;Prekarietatea hiltzailea, lan istripu gehiagorik ez&#8217;.<\/p>\n<p> <\/span><\/em>LAB, ELA, ESK, STEILAS, EHNE e HIRU han mostrado su solidaridad con la familia del transportista fallecido en O&ntilde;ati.<\/p>\n<p> En opini&oacute;n de la mayor&iacute;a sindical,&nbsp;tal y como sucede en otros sectores, las condiciones laborales de los y las transportistas son&nbsp;cada vez m&aacute;s precarias. Los y las transportistas, al ser en su mayor parte trabajadores aut&oacute;nomos, no cuentan con protecci&oacute;n social adecuada en materia de accidentes de trabajo y enfermedades profesionales, y, adem&aacute;s, los accidentes laborales que sufren los\/as aut&oacute;nomos transportistas no se contabilizan muchas veces en las estad&iacute;sticas oficiales. De esta manera, las administraciones disfrazan las precarias condiciones de trabajo en las que est&aacute; sumergido el sector.<\/p>\n<p> Hay que subrayar tambi&eacute;n que los accidentes laborales que sufren los profesionales transportistas son la consecuencia directa de la m&aacute;s absoluta desregulaci&oacute;n del sector, y de la falta total de derechos de los y las transportistas, que para conservar su trabajo se ven obligados a hacer frente a las prisas y a las presiones de las empresas cargadoras, a horarios apretados, cargas con exceso de peso, precios bajos por los servicios, largas jornadas de trabajo, exigencia al transportista de la descarga del porte, imposibilidad de descansar con dignidad&#8230; Estas son las situaciones que difi- cultan y obstaculizan un ejercicio digno y seguro de la actividad del transporte, y que adem&aacute;s ponen en peligro la vida de los\/as profesionales. Estas son las situaciones a las que las Administraciones prefieren hacer o&iacute;dos sordos, ya que su &uacute;nico af&aacute;n es conseguir un transporte barato, a costa de cualquier cosa.<\/p>\n<p> Por ello, los miembros de la mayor&iacute;a sindical nos concentraremos el martes, 10 de enero, delante de la delegaci&oacute;n del Gobierno Vasco en Donostia, a las 11.30. La movilizaci&oacute;n y la lucha son elementos primordiales antes y cuando ocurren accidentes, por lo que LAB, ELA, ESK, STEILAS, EHNE e HIRU seguiremos denunciando cada accidente de trabajo.<\/p>\n<p> &nbsp;<\/p><\/div>\n<div style=\"width:180px; float:left; padding-left:15px;\">\n<div style=\"text-align: center; \"><a href=\"\/rssak\"><input src=\"\/materiala\/argazkiak\/feed.png\" alt=\"RSSak\" longdesc=\"undefined\" width=\"30\" type=\"image\" height=\"30\" \/><\/a><a target=\"_blank\" href=\"http:\/\/www.facebook.com\/pages\/LAB-sindikatua\/292846207397345\" rel=\"noopener noreferrer\"><input src=\"\/modules\/mod_socialmediacloud\/icons\/facebook.png\" alt=\"LAB Facebooken\" longdesc=\"undefined\" width=\"30\" type=\"image\" height=\"30\" \/><\/a><a target=\"_blank\" href=\"http:\/\/issuu.com\/lab_argitalpenak\" rel=\"noopener noreferrer\"><input src=\"\/modules\/mod_socialmediacloud\/icons\/issuu.png\" longdesc=\"undefined\" width=\"30\" type=\"image\" height=\"30\" \/><\/a><a target=\"_blank\" href=\"http:\/\/es.scribd.com\/LABsindikatua\" rel=\"noopener noreferrer\"><input src=\"\/modules\/mod_socialmediacloud\/icons\/scribd.png\" longdesc=\"undefined\" width=\"30\" type=\"image\" height=\"30\" \/><br \/> <\/a><\/div>\n<div style=\"text-align: center; \"><a target=\"_blank\" href=\"http:\/\/twitter.com\/LABsindikatua\" rel=\"noopener noreferrer\"><input src=\"\/modules\/mod_socialmediacloud\/icons\/twitter.png\" longdesc=\"undefined\" width=\"30\" type=\"image\" height=\"30\" \/><\/a><a target=\"_blank\" href=\"http:\/\/www.youtube.com\/user\/labsindikatua\" rel=\"noopener noreferrer\"><input src=\"\/modules\/mod_socialmediacloud\/icons\/youtube.png\" longdesc=\"undefined\" width=\"30\" type=\"image\" height=\"30\" \/><\/a><a target=\"_blank\" href=\"http:\/\/www.flickr.com\/photos\/lab-sindikatua\/\" rel=\"noopener noreferrer\"><input src=\"\/modules\/mod_socialmediacloud\/icons\/flickr.png\" longdesc=\"undefined\" width=\"30\" type=\"image\" height=\"30\" \/><\/a><a href=\"http:\/\/www.labsindikatua.org\/eu\/hasiera\/upload\"><input src=\"\/modules\/mod_socialmediacloud\/icons\/igo.png\" longdesc=\"undefined\" width=\"30\" type=\"image\" height=\"30\" \/><\/a><\/div>\n<p> &nbsp;<\/p><\/div>\n<div>&nbsp;<\/div>\n","protected":false},"excerpt":{"rendered":"<p>La mayor&iacute;a sindical vasca ha convocado para ma&ntilde;ana una concentraci&oacute;n en Donostia junto a la sede que tiene el Gobierno Vasco en la calle Andia. La protesta ser&aacute; a las 11:30, bajo el lema &#8216;Prekarietatea hiltzailea, lan istripu gehiagorik ez&#8217;. LAB, ELA, ESK, STEILAS, EHNE e HIRU han mostrado su solidaridad con la familia del [&hellip;]<\/p>\n","protected":false},"author":1,"featured_media":0,"comment_status":"open","ping_status":"open","sticky":false,"template":"","format":"standard","meta":{"_monsterinsights_skip_tracking":false,"_monsterinsights_sitenote_active":false,"_monsterinsights_sitenote_note":"","_monsterinsights_sitenote_category":0,"footnotes":"","_links_to":"","_links_to_target":""},"categories":[130],"tags":[],"class_list":{"0":"post-14800","1":"post","2":"type-post","3":"status-publish","4":"format-standard","6":"category-es-la-precariedad-mata-es-salud-laboral"},"_links":{"self":[{"href":"https:\/\/www.lab.eus\/es\/wp-json\/wp\/v2\/posts\/14800","targetHints":{"allow":["GET"]}}],"collection":[{"href":"https:\/\/www.lab.eus\/es\/wp-json\/wp\/v2\/posts"}],"about":[{"href":"https:\/\/www.lab.eus\/es\/wp-json\/wp\/v2\/types\/post"}],"author":[{"embeddable":true,"href":"https:\/\/www.lab.eus\/es\/wp-json\/wp\/v2\/users\/1"}],"replies":[{"embeddable":true,"href":"https:\/\/www.lab.eus\/es\/wp-json\/wp\/v2\/comments?post=14800"}],"version-history":[{"count":0,"href":"https:\/\/www.lab.eus\/es\/wp-json\/wp\/v2\/posts\/14800\/revisions"}],"wp:attachment":[{"href":"https:\/\/www.lab.eus\/es\/wp-json\/wp\/v2\/media?parent=14800"}],"wp:term":[{"taxonomy":"category","embeddable":true,"href":"https:\/\/www.lab.eus\/es\/wp-json\/wp\/v2\/categories?post=14800"},{"taxonomy":"post_tag","embeddable":true,"href":"https:\/\/www.lab.eus\/es\/wp-json\/wp\/v2\/tags?post=14800"}],"curies":[{"name":"wp","href":"https:\/\/api.w.org\/{rel}","templated":true}]}}