{"id":14783,"date":"2017-01-04T10:54:37","date_gmt":"2017-01-04T10:54:37","guid":{"rendered":"https:\/\/www.lab.eus\/advierten-de-que-la-flexibilizacion-del-horario-comercial-acarreara-mas-precariedad\/"},"modified":"2017-01-04T10:54:37","modified_gmt":"2017-01-04T10:54:37","slug":"advierten-de-que-la-flexibilizacion-del-horario-comercial-acarreara-mas-precariedad","status":"publish","type":"post","link":"https:\/\/www.lab.eus\/es\/advierten-de-que-la-flexibilizacion-del-horario-comercial-acarreara-mas-precariedad\/","title":{"rendered":"Advierten de que la flexibilizaci\u00f3n del horario comercial acarrear\u00e1 m\u00e1s precariedad"},"content":{"rendered":"<p> <\/p>\n<div style=\"padding-right:15px;width:345px; float:left; border-right-style:solid; border-right-width:1px; border-right-color:#dddddd\"><img loading=\"lazy\" decoding=\"async\" class=\" size-full wp-image-14782\" width=\"345\" height=\"148\" alt=\"\" src=\"https:\/\/www.lab.eus\/wp-content\/uploads\/2017\/01\/materiala_argazkiak_zerbitzuPribatuak_merkataritza_17_01_04Ordutegiak_Merkataritza.JPG\" srcset=\"https:\/\/www.lab.eus\/wp-content\/uploads\/2017\/01\/materiala_argazkiak_zerbitzuPribatuak_merkataritza_17_01_04Ordutegiak_Merkataritza.JPG 800w, https:\/\/www.lab.eus\/wp-content\/uploads\/2017\/01\/materiala_argazkiak_zerbitzuPribatuak_merkataritza_17_01_04Ordutegiak_Merkataritza-300x129.jpg 300w, https:\/\/www.lab.eus\/wp-content\/uploads\/2017\/01\/materiala_argazkiak_zerbitzuPribatuak_merkataritza_17_01_04Ordutegiak_Merkataritza-768x330.jpg 768w, https:\/\/www.lab.eus\/wp-content\/uploads\/2017\/01\/materiala_argazkiak_zerbitzuPribatuak_merkataritza_17_01_04Ordutegiak_Merkataritza-150x65.jpg 150w, https:\/\/www.lab.eus\/wp-content\/uploads\/2017\/01\/materiala_argazkiak_zerbitzuPribatuak_merkataritza_17_01_04Ordutegiak_Merkataritza-696x299.jpg 696w\" sizes=\"auto, (max-width: 345px) 100vw, 345px\" \/><em><span style=\"font-size: 14px; \"><\/p>\n<p> Agentes implicados en el &aacute;mbito del Comercio han comparecido hoy, LAB, entre ellos, para denunciar que las medidas impuestas desde Madrid, tales como la ampliaci&oacute;n de horarios y de apertura en festivos, empeorar&aacute;n notablemente las condiciones de las y los trabajadores del sector.<\/p>\n<p> <\/span><\/em>Este es el comunicado difundido hoy en la rueda de prensa convocada en Bilbo:<\/p>\n<p> El auto del Tribunal Constitucional emitido en diciembre pasado, obliga a que en la regulaci&oacute;n de la CAV se cumpla el decreto del 2012 impuesto desde Madrid.<\/p>\n<p> El decreto sobre todo nos perjudica gravemente en tres medidas:<br \/> 1) La posibilidad de que los comercios establezcan rebajas y descuentos \tcualquier d&iacute;a del a&ntilde;o.<br \/> 2) Ampliaci&oacute;n del horario comercial de 72 a 90 horas.<br \/> 3) Ampliaci&oacute;n de 8 a 10 d&iacute;as festivos en los que podr&iacute;an abrir los comercios de \tm&aacute;s de 150 metros cuadrados.<\/p>\n<p> Ante dicho ataque nos hemos reunido hoy todos los agentes implicados en el sector del Comercio en la Comunidad Autonoma Vasca, sindicatos, asociaciones de comerciantes y asociaciones de consumidores representados por:  Euskaldendak, asociaciones de consumidores EKA y EKE y los sindicatos ELA, LAB, CCOO y UGT. \t<\/p>\n<p> Manifestamos lo siguiente:<\/p>\n<p> 1. Que queda visible que el estatuto de autonom&iacute;a est&aacute; limitado y supeditado a las decisiones centralistas impuestas desde Madrid.<\/p>\n<p> 2. Que la liberalizaci&oacute;n de los periodos de rebajas solo beneficia a las cadenas y comercio de grandes  superficies, perjudicando gravemente al peque&ntilde;o y mediano comercio por no poder competir con las pol&iacute;ticas de precios y ofertas permanentes de las grandes.<\/p>\n<p> 3. La ampliaci&oacute;n del horario comercial y del n&uacute;mero de festivos anuales en los que se da opci&oacute;n a abrir es triplemente perjudicial para:<br \/> -Peque&ntilde;os y medianos comerciantes: El tener que abrir m&aacute;s horas y m&aacute;s d&iacute;as para competir con los grandes les supone m&aacute;s esfuerzo y no m&aacute;s rentabilidad.<br \/> -Trabajadores y trabajadoras: La flexibilizaci&oacute;n del horario comercial acarrear&iacute;a que las condiciones laborales se vean a&uacute;n m&aacute;s precarizadas y la conciliaci&oacute;n se har&iacute;a imposible. En la pr&aacute;ctica, las grandes cadenas, lejos de recurrir a nueva contrataci&oacute;n, aumentan la carga de trabajo de las actuales trabajadoras, oblig&aacute;ndolas a trabajar m&aacute;s en la misma jornada o a recurrir a las horas extra. Por lo tanto, con estas medidas es m&aacute;s el empleo que se destruye que el que se crea.<br \/> &#8211; Consumidores y consumidoras: el horario que se viene realizando en la CAV es lo suficientemente amplio para dar cabida a las necesidades de los y las consumidoras. La bajada del peque&ntilde;o y mediano comercio en favor de las grandes cadenas nos llevar&iacute;a a la homogeneizaci&oacute;n de productos, reduciendo as&iacute; la diversidad de la oferta y disminuyendo las opciones de elecci&oacute;n de consumidores y consumidoras.<\/p>\n<p> Nos quieren llevar hac&iacute;a un modelo de consumismo y precarizaci&oacute;n que solo responde a las exigencias de una minor&iacute;a que son los due&ntilde;os de las grandes cadenas comerciales, por lo que exigimos a toda la sociedad y en especial a los y las comerciantes que act&uacute;en con responsabilidad y sigan apostando por el modelo que tenemos hasta ahora. Las medidas que nos quieren imponer no har&aacute;n ning&uacute;n favor a nuestro sector comercial.<\/p>\n<p> Por &uacute;ltimo, exigimos a las instituciones que apuesten firmemente por un modelo de comercio que cierre los domingos y festivos y que no haga el doble juego de recurrir competencias mientras por otro lado, aplica gustosamente los criterios establecidos desde Madrid, como sucede en el caso de las Zonas de Gran Afluencia Tur&iacute;stica establecidas por el PNV en Ayuntamientos como Bilbo o Donostia.<\/p>\n<p> &nbsp;<\/p><\/div>\n<div style=\"width:180px; float:left; padding-left:15px;\">\n<div style=\"text-align: center; \"><a href=\"\/rssak\"><input src=\"\/materiala\/argazkiak\/feed.png\" alt=\"RSSak\" longdesc=\"undefined\" width=\"30\" type=\"image\" height=\"30\" \/><\/a><a target=\"_blank\" href=\"http:\/\/www.facebook.com\/pages\/LAB-sindikatua\/292846207397345\" rel=\"noopener noreferrer\"><input src=\"\/modules\/mod_socialmediacloud\/icons\/facebook.png\" alt=\"LAB Facebooken\" longdesc=\"undefined\" width=\"30\" type=\"image\" height=\"30\" \/><\/a><a target=\"_blank\" href=\"http:\/\/issuu.com\/lab_argitalpenak\" rel=\"noopener noreferrer\"><input src=\"\/modules\/mod_socialmediacloud\/icons\/issuu.png\" longdesc=\"undefined\" width=\"30\" type=\"image\" height=\"30\" \/><\/a><a target=\"_blank\" href=\"http:\/\/es.scribd.com\/LABsindikatua\" rel=\"noopener noreferrer\"><input src=\"\/modules\/mod_socialmediacloud\/icons\/scribd.png\" longdesc=\"undefined\" width=\"30\" type=\"image\" height=\"30\" \/><br \/> <\/a><\/div>\n<div style=\"text-align: center; \"><a target=\"_blank\" href=\"http:\/\/twitter.com\/LABsindikatua\" rel=\"noopener noreferrer\"><input src=\"\/modules\/mod_socialmediacloud\/icons\/twitter.png\" longdesc=\"undefined\" width=\"30\" type=\"image\" height=\"30\" \/><\/a><a target=\"_blank\" href=\"http:\/\/www.youtube.com\/user\/labsindikatua\" rel=\"noopener noreferrer\"><input src=\"\/modules\/mod_socialmediacloud\/icons\/youtube.png\" longdesc=\"undefined\" width=\"30\" type=\"image\" height=\"30\" \/><\/a><a target=\"_blank\" href=\"http:\/\/www.flickr.com\/photos\/lab-sindikatua\/\" rel=\"noopener noreferrer\"><input src=\"\/modules\/mod_socialmediacloud\/icons\/flickr.png\" longdesc=\"undefined\" width=\"30\" type=\"image\" height=\"30\" \/><\/a><a href=\"http:\/\/www.labsindikatua.org\/eu\/hasiera\/upload\"><input src=\"\/modules\/mod_socialmediacloud\/icons\/igo.png\" longdesc=\"undefined\" width=\"30\" type=\"image\" height=\"30\" \/><\/a><\/div>\n<p> &nbsp;<\/p><\/div>\n<div>&nbsp;<\/div>\n","protected":false},"excerpt":{"rendered":"<p>Agentes implicados en el &aacute;mbito del Comercio han comparecido hoy, LAB, entre ellos, para denunciar que las medidas impuestas desde Madrid, tales como la ampliaci&oacute;n de horarios y de apertura en festivos, empeorar&aacute;n notablemente las condiciones de las y los trabajadores del sector. Este es el comunicado difundido hoy en la rueda de prensa convocada [&hellip;]<\/p>\n","protected":false},"author":1,"featured_media":14782,"comment_status":"open","ping_status":"open","sticky":false,"template":"","format":"standard","meta":{"_monsterinsights_skip_tracking":false,"_monsterinsights_sitenote_active":false,"_monsterinsights_sitenote_note":"","_monsterinsights_sitenote_category":0,"footnotes":"","_links_to":"","_links_to_target":""},"categories":[2955,2998],"tags":[],"class_list":{"0":"post-14783","1":"post","2":"type-post","3":"status-publish","4":"format-standard","5":"has-post-thumbnail","7":"category-comercio","8":"category-uncategorized-eu-es"},"_links":{"self":[{"href":"https:\/\/www.lab.eus\/es\/wp-json\/wp\/v2\/posts\/14783","targetHints":{"allow":["GET"]}}],"collection":[{"href":"https:\/\/www.lab.eus\/es\/wp-json\/wp\/v2\/posts"}],"about":[{"href":"https:\/\/www.lab.eus\/es\/wp-json\/wp\/v2\/types\/post"}],"author":[{"embeddable":true,"href":"https:\/\/www.lab.eus\/es\/wp-json\/wp\/v2\/users\/1"}],"replies":[{"embeddable":true,"href":"https:\/\/www.lab.eus\/es\/wp-json\/wp\/v2\/comments?post=14783"}],"version-history":[{"count":0,"href":"https:\/\/www.lab.eus\/es\/wp-json\/wp\/v2\/posts\/14783\/revisions"}],"wp:featuredmedia":[{"embeddable":true,"href":"https:\/\/www.lab.eus\/es\/wp-json\/wp\/v2\/media\/14782"}],"wp:attachment":[{"href":"https:\/\/www.lab.eus\/es\/wp-json\/wp\/v2\/media?parent=14783"}],"wp:term":[{"taxonomy":"category","embeddable":true,"href":"https:\/\/www.lab.eus\/es\/wp-json\/wp\/v2\/categories?post=14783"},{"taxonomy":"post_tag","embeddable":true,"href":"https:\/\/www.lab.eus\/es\/wp-json\/wp\/v2\/tags?post=14783"}],"curies":[{"name":"wp","href":"https:\/\/api.w.org\/{rel}","templated":true}]}}