{"id":14780,"date":"2017-01-03T11:48:23","date_gmt":"2017-01-03T11:48:23","guid":{"rendered":"https:\/\/www.lab.eus\/los-trabajadores-y-las-trabajadoras-de-la-fundacion-sindrome-de-down-se-pondran-en-huelga\/"},"modified":"2017-01-03T11:48:23","modified_gmt":"2017-01-03T11:48:23","slug":"los-trabajadores-y-las-trabajadoras-de-la-fundacion-sindrome-de-down-se-pondran-en-huelga","status":"publish","type":"post","link":"https:\/\/www.lab.eus\/es\/los-trabajadores-y-las-trabajadoras-de-la-fundacion-sindrome-de-down-se-pondran-en-huelga\/","title":{"rendered":"Los trabajadores y las trabajadoras de la Fundaci\u00f3n S\u00edndrome de Down se pondr\u00e1n en huelga"},"content":{"rendered":"<p> <\/p>\n<div style=\"padding-right:15px;width:345px; float:left; border-right-style:solid; border-right-width:1px; border-right-color:#dddddd\"><em><span style=\"font-size: 14px; \">Solicitan la readmisi&oacute;n de una compa&ntilde;era despedida de forma injusta, por falta de protocolos de actuaci&oacute;n, y demandan una mejor gesti&oacute;n de los recursos humanos para garantizar la calidad de la atenci&oacute;n que se ofrece a m&aacute;s de 400 familias de Bizkaia.&nbsp;<\/span><\/em><em><span style=\"font-size: 14px; \"> <\/p>\n<p class=\"western\" style=\"margin-bottom: 0cm; line-height: 100%; widows: 0; orphans: 0; display: inline !important; \"><span lang=\"es-ES\">La huelga arrancar&aacute; el 13 de enero y se extender&aacute; al menos hasta el d&iacute;a 19 de este mes. Es la primera vez que convocan una huelga en los m&aacute;s de 25 a&ntilde;os de la fundaci&oacute;n.<\/span><\/p>\n<p> <\/span><\/em><em><span style=\"font-size: 14px; \"><\/p>\n<p> <\/span><\/em>Los trabajadores y las trabajadoras de la Fundaci&oacute;n S&iacute;ndrome de Down registraron ayer una convocatoria de huelga en la Delegaci&oacute;n Territorial del Gobierno Vasco. La misma arrancar&aacute; el pr&oacute;ximo d&iacute;a 13 de enero y se extender&aacute; al menos hasta el d&iacute;a 19 de enero, aunque podr&iacute;a prolongarse en el tiempo si no se llega a un acuerdo. La plantilla, compuesta por m&aacute;s de 50 trabajadores y trabajadoras, aprob&oacute; esta medida de forma abrumadora en una Asamblea celebrada el pasado viernes, 30 de diciembre.<\/p>\n<p> Los trabajadores y las trabajadoras de la Fundaci&oacute;n S&iacute;ndrome de Down, representados y representadas por los sindicatos ELA y LAB, van a la huelga para solicitar la readmisi&oacute;n de una compa&ntilde;era despedida de forma injusta, por falta de protocolos de actuaci&oacute;n, y para reclamar tambi&eacute;n una mejor gesti&oacute;n de los recursos humanos que garantice la calidad de la atenci&oacute;n que se ofrece, fundamentalmente, a m&aacute;s de 400 familias de Bizkaia. La plantilla denuncia, en este sentido, un aumento de la precariedad, falta de calendarios laborales, inaplicaci&oacute;n del Convenio Colectivo y aumento de la eventualidad.  <\/p>\n<p> La Fundaci&oacute;n S&iacute;ndrome de Down y otras discapacidades intelectuales del Pa&iacute;s Vasco es una entidad sin &aacute;nimo de lucro que trabaja desde el a&ntilde;o 1990, principalmente en el territorio de Bizkaia, si bien su &aacute;mbito de actuaci&oacute;n se extiende a usuarios y usuarias del resto de la Comunidad Aut&oacute;noma Vasca. En sus m&aacute;s de 25 a&ntilde;os de historia, &eacute;sta es la primera vez que se llama a la huelga y es fruto de un hartazgo colectivo.  <br \/> &nbsp;<\/div>\n<div style=\"width:180px; float:left; padding-left:15px;\">\n<div style=\"text-align: center; \"><a href=\"\/rssak\"><input src=\"\/materiala\/argazkiak\/feed.png\" alt=\"RSSak\" longdesc=\"undefined\" width=\"30\" type=\"image\" height=\"30\" \/><\/a><a target=\"_blank\" href=\"http:\/\/www.facebook.com\/pages\/LAB-sindikatua\/292846207397345\" rel=\"noopener noreferrer\"><input src=\"\/modules\/mod_socialmediacloud\/icons\/facebook.png\" alt=\"LAB Facebooken\" longdesc=\"undefined\" width=\"30\" type=\"image\" height=\"30\" \/><\/a><a target=\"_blank\" href=\"http:\/\/issuu.com\/lab_argitalpenak\" rel=\"noopener noreferrer\"><input src=\"\/modules\/mod_socialmediacloud\/icons\/issuu.png\" longdesc=\"undefined\" width=\"30\" type=\"image\" height=\"30\" \/><\/a><a target=\"_blank\" href=\"http:\/\/es.scribd.com\/LABsindikatua\" rel=\"noopener noreferrer\"><input src=\"\/modules\/mod_socialmediacloud\/icons\/scribd.png\" longdesc=\"undefined\" width=\"30\" type=\"image\" height=\"30\" \/><br \/> <\/a><\/div>\n<div style=\"text-align: center; \"><a target=\"_blank\" href=\"http:\/\/twitter.com\/LABsindikatua\" rel=\"noopener noreferrer\"><input src=\"\/modules\/mod_socialmediacloud\/icons\/twitter.png\" longdesc=\"undefined\" width=\"30\" type=\"image\" height=\"30\" \/><\/a><a target=\"_blank\" href=\"http:\/\/www.youtube.com\/user\/labsindikatua\" rel=\"noopener noreferrer\"><input src=\"\/modules\/mod_socialmediacloud\/icons\/youtube.png\" longdesc=\"undefined\" width=\"30\" type=\"image\" height=\"30\" \/><\/a><a target=\"_blank\" href=\"http:\/\/www.flickr.com\/photos\/lab-sindikatua\/\" rel=\"noopener noreferrer\"><input src=\"\/modules\/mod_socialmediacloud\/icons\/flickr.png\" longdesc=\"undefined\" width=\"30\" type=\"image\" height=\"30\" \/><\/a><a href=\"http:\/\/www.labsindikatua.org\/eu\/hasiera\/upload\"><input src=\"\/modules\/mod_socialmediacloud\/icons\/igo.png\" longdesc=\"undefined\" width=\"30\" type=\"image\" height=\"30\" \/><\/a><\/div>\n<p> &nbsp;<\/p><\/div>\n<div>&nbsp;<\/div>\n","protected":false},"excerpt":{"rendered":"<p>Solicitan la readmisi&oacute;n de una compa&ntilde;era despedida de forma injusta, por falta de protocolos de actuaci&oacute;n, y demandan una mejor gesti&oacute;n de los recursos humanos para garantizar la calidad de la atenci&oacute;n que se ofrece a m&aacute;s de 400 familias de Bizkaia.&nbsp; La huelga arrancar&aacute; el 13 de enero y se extender&aacute; al menos hasta [&hellip;]<\/p>\n","protected":false},"author":1,"featured_media":0,"comment_status":"open","ping_status":"open","sticky":false,"template":"","format":"standard","meta":{"_monsterinsights_skip_tracking":false,"_monsterinsights_sitenote_active":false,"_monsterinsights_sitenote_note":"","_monsterinsights_sitenote_category":0,"footnotes":"","_links_to":"","_links_to_target":""},"categories":[3000,2998],"tags":[],"class_list":{"0":"post-14780","1":"post","2":"type-post","3":"status-publish","4":"format-standard","6":"category-servicio-sociocomunitario","7":"category-uncategorized-eu-es"},"_links":{"self":[{"href":"https:\/\/www.lab.eus\/es\/wp-json\/wp\/v2\/posts\/14780","targetHints":{"allow":["GET"]}}],"collection":[{"href":"https:\/\/www.lab.eus\/es\/wp-json\/wp\/v2\/posts"}],"about":[{"href":"https:\/\/www.lab.eus\/es\/wp-json\/wp\/v2\/types\/post"}],"author":[{"embeddable":true,"href":"https:\/\/www.lab.eus\/es\/wp-json\/wp\/v2\/users\/1"}],"replies":[{"embeddable":true,"href":"https:\/\/www.lab.eus\/es\/wp-json\/wp\/v2\/comments?post=14780"}],"version-history":[{"count":0,"href":"https:\/\/www.lab.eus\/es\/wp-json\/wp\/v2\/posts\/14780\/revisions"}],"wp:attachment":[{"href":"https:\/\/www.lab.eus\/es\/wp-json\/wp\/v2\/media?parent=14780"}],"wp:term":[{"taxonomy":"category","embeddable":true,"href":"https:\/\/www.lab.eus\/es\/wp-json\/wp\/v2\/categories?post=14780"},{"taxonomy":"post_tag","embeddable":true,"href":"https:\/\/www.lab.eus\/es\/wp-json\/wp\/v2\/tags?post=14780"}],"curies":[{"name":"wp","href":"https:\/\/api.w.org\/{rel}","templated":true}]}}