{"id":14779,"date":"2017-01-02T14:49:42","date_gmt":"2017-01-02T14:49:42","guid":{"rendered":"https:\/\/www.lab.eus\/alexis-y-david-no-iran-a-la-carcel-gracias-a-la-movilizacion-social\/"},"modified":"2017-01-02T14:49:42","modified_gmt":"2017-01-02T14:49:42","slug":"alexis-y-david-no-iran-a-la-carcel-gracias-a-la-movilizacion-social","status":"publish","type":"post","link":"https:\/\/www.lab.eus\/es\/alexis-y-david-no-iran-a-la-carcel-gracias-a-la-movilizacion-social\/","title":{"rendered":"Alexis y David no ir\u00e1n a la c\u00e1rcel gracias a la movilizaci\u00f3n social"},"content":{"rendered":"<p> <\/p>\n<div style=\"padding-right:15px;width:345px; float:left; border-right-style:solid; border-right-width:1px; border-right-color:#dddddd\"><em><span style=\"font-size: 14px; \"><img loading=\"lazy\" decoding=\"async\" class=\" size-full wp-image-14778\" width=\"345\" height=\"162\" alt=\"\" src=\"https:\/\/www.lab.eus\/wp-content\/uploads\/2017\/01\/materiala_argazkiak_ekintzaSindikala_jazarpenSindikala_17_01_02alexisDavidLibre_ALEXIS-ETA-DAVID-LIBRE-epai.jpg\" srcset=\"https:\/\/www.lab.eus\/wp-content\/uploads\/2017\/01\/materiala_argazkiak_ekintzaSindikala_jazarpenSindikala_17_01_02alexisDavidLibre_ALEXIS-ETA-DAVID-LIBRE-epai.jpg 800w, https:\/\/www.lab.eus\/wp-content\/uploads\/2017\/01\/materiala_argazkiak_ekintzaSindikala_jazarpenSindikala_17_01_02alexisDavidLibre_ALEXIS-ETA-DAVID-LIBRE-epai-300x141.jpg 300w, https:\/\/www.lab.eus\/wp-content\/uploads\/2017\/01\/materiala_argazkiak_ekintzaSindikala_jazarpenSindikala_17_01_02alexisDavidLibre_ALEXIS-ETA-DAVID-LIBRE-epai-768x361.jpg 768w, https:\/\/www.lab.eus\/wp-content\/uploads\/2017\/01\/materiala_argazkiak_ekintzaSindikala_jazarpenSindikala_17_01_02alexisDavidLibre_ALEXIS-ETA-DAVID-LIBRE-epai-150x71.jpg 150w, https:\/\/www.lab.eus\/wp-content\/uploads\/2017\/01\/materiala_argazkiak_ekintzaSindikala_jazarpenSindikala_17_01_02alexisDavidLibre_ALEXIS-ETA-DAVID-LIBRE-epai-696x327.jpg 696w\" sizes=\"auto, (max-width: 345px) 100vw, 345px\" \/> <br \/> Hemos tenido hoy conocimiento de la sentencia por el juicio contra David Gonz&aacute;lez y Alexis Rodr&iacute;guez. Lejos de las condenas solicitadas por el empresario y por el fiscal, el juez les ha condenado a pagar una multa de 90 euros. Estos dos trabajadores no ir&aacute;n a la c&aacute;rcel gracias a la movilizaci&oacute;n social, pero, a&uacute;n as&iacute;, las y los antiguos trabajadores de Talleres Mec&aacute;nicos Arakistain (TMA) y LAB queremos denunciar que, en lugar de la absoluci&oacute;n, se ha emitido una sentencia en contra de los trabajadores, aunque &eacute;sta sea irrisoria.<\/span><\/em><\/p>\n<p> La sentencia est&aacute; ligada al conflicto laboral por el cierre de TMA. La empresa denunci&oacute; a varios trabajadores por la huelga y la lucha llevada a cabo para defender el empleo y sus salarios. El empresario solicit&oacute; para dos de ellos, Alexis Rodr&iacute;guez y David Gonz&aacute;lez, una pena de 5 a&ntilde;os y 6 meses de c&aacute;rcel y una multa de 69.000 euros a modo de indemnizaci&oacute;n; el fiscal, por su parte, pidi&oacute; 2 a&ntilde;os y 3 meses de c&aacute;rcel para cada uno.<\/p>\n<p> Las movilizaciones y la lucha han dado sus frutos, puesto que el juez ha impuesto una falta leve a los dos antiguos trabajadores, lejos de las penas de c&aacute;rcel solicitadas. De todos modos, hacemos una valoraci&oacute;n agridulce. Est&aacute; claro que es muy satisfactorio haber evitado la pena de c&aacute;rcel para ellos, pero queremos dejar claro que detr&aacute;s de esta sentencia est&aacute; el af&aacute;n de criminalizar la acci&oacute;n sindical. En opini&oacute;n de LAB, han querido poner l&iacute;mites a la lucha obrera. En su momento pedimos la absoluci&oacute;n para los dos, y hoy tambi&eacute;n creemos que la sentencia deber&iacute;a de haber obrado en esa direcci&oacute;n.<\/p>\n<p> Esta es la nota emitida por los antiguos trabajadores de TMA, al hilo de la sentencia:<\/p>\n<p> lexis Rodr&iacute;guez y David Gonz&aacute;lez fueron juzgados el pasado 29 de noviembre por la din&aacute;mica de lucha que emprendieron hace tres a&ntilde;os en favor de los puestos de trabajo y los salarios de las y los trabajadores de Talleres Mec&aacute;nicos Arakistain (TMA) de Etxebarria. El empresario pidi&oacute; para ellos 5 a&ntilde;os y 6 meses de c&aacute;rcel y una multa de 69.000 euros, mientras que el fiscal solicit&oacute; 2 a&ntilde;os y 3 meses de c&aacute;rcel.<\/p>\n<p> Hoy se ha conocido la sentencia, en la que el juez les condena a pagar una multa de 90 euros. Lo que deber&iacute;a ser absoluci&oacute;n, se ha convertido en una condena anunciada. &iquest;Por qu&eacute;?<\/p>\n<p> El juez ha querido criminalizar la lucha obrera, ha querido poner l&iacute;mites a la acci&oacute;n sindical. Se trata de una causa jur&iacute;dica insostenible, en la que no han podido demostrar delito alguno, por lo que han  recurrido a la excusa de la falta para castigar a los trabajadores con una condena irrisoria.<\/p>\n<p> La acci&oacute;n sindical es una herramienta imprescindible para las y los trabajadores en la defensa de nuestros derechos, y es eso precisamente lo que han condenado.<\/p>\n<p> La lucha es el &uacute;nico camino: Gora langileon borroka!<br \/> &nbsp;<\/div>\n<div style=\"width:180px; float:left; padding-left:15px;\">\n<div style=\"text-align: center; \"><a href=\"\/rssak\"><input width=\"30\" type=\"image\" height=\"30\" src=\"\/materiala\/argazkiak\/feed.png\" alt=\"RSSak\" longdesc=\"undefined\" \/><\/a><a target=\"_blank\" href=\"http:\/\/www.facebook.com\/pages\/LAB-sindikatua\/292846207397345\" rel=\"noopener noreferrer\"><input width=\"30\" type=\"image\" height=\"30\" src=\"\/modules\/mod_socialmediacloud\/icons\/facebook.png\" alt=\"LAB Facebooken\" longdesc=\"undefined\" \/><\/a><a target=\"_blank\" href=\"http:\/\/issuu.com\/lab_argitalpenak\" rel=\"noopener noreferrer\"><input width=\"30\" type=\"image\" height=\"30\" src=\"\/modules\/mod_socialmediacloud\/icons\/issuu.png\" longdesc=\"undefined\" \/><\/a><a target=\"_blank\" href=\"http:\/\/es.scribd.com\/LABsindikatua\" rel=\"noopener noreferrer\"><input width=\"30\" type=\"image\" height=\"30\" src=\"\/modules\/mod_socialmediacloud\/icons\/scribd.png\" longdesc=\"undefined\" \/><br \/> <\/a><\/div>\n<div style=\"text-align: center; \"><a target=\"_blank\" href=\"http:\/\/twitter.com\/LABsindikatua\" rel=\"noopener noreferrer\"><input width=\"30\" type=\"image\" height=\"30\" src=\"\/modules\/mod_socialmediacloud\/icons\/twitter.png\" longdesc=\"undefined\" \/><\/a><a target=\"_blank\" href=\"http:\/\/www.youtube.com\/user\/labsindikatua\" rel=\"noopener noreferrer\"><input width=\"30\" type=\"image\" height=\"30\" src=\"\/modules\/mod_socialmediacloud\/icons\/youtube.png\" longdesc=\"undefined\" \/><\/a><a target=\"_blank\" href=\"http:\/\/www.flickr.com\/photos\/lab-sindikatua\/\" rel=\"noopener noreferrer\"><input width=\"30\" type=\"image\" height=\"30\" src=\"\/modules\/mod_socialmediacloud\/icons\/flickr.png\" longdesc=\"undefined\" \/><\/a><a href=\"http:\/\/www.labsindikatua.org\/eu\/hasiera\/upload\"><input width=\"30\" type=\"image\" height=\"30\" src=\"\/modules\/mod_socialmediacloud\/icons\/igo.png\" longdesc=\"undefined\" \/><\/a><\/div>\n<p> &nbsp;<\/p><\/div>\n<div>&nbsp;<\/div>\n","protected":false},"excerpt":{"rendered":"<p>Hemos tenido hoy conocimiento de la sentencia por el juicio contra David Gonz&aacute;lez y Alexis Rodr&iacute;guez. Lejos de las condenas solicitadas por el empresario y por el fiscal, el juez les ha condenado a pagar una multa de 90 euros. Estos dos trabajadores no ir&aacute;n a la c&aacute;rcel gracias a la movilizaci&oacute;n social, pero, a&uacute;n [&hellip;]<\/p>\n","protected":false},"author":1,"featured_media":14778,"comment_status":"open","ping_status":"open","sticky":false,"template":"","format":"standard","meta":{"_monsterinsights_skip_tracking":false,"_monsterinsights_sitenote_active":false,"_monsterinsights_sitenote_note":"","_monsterinsights_sitenote_category":0,"footnotes":"","_links_to":"","_links_to_target":""},"categories":[18,2998],"tags":[3033],"class_list":{"0":"post-14779","1":"post","2":"type-post","3":"status-publish","4":"format-standard","5":"has-post-thumbnail","7":"category-es-accion-sindical","8":"category-uncategorized-eu-es","9":"tag-accion-sindical-es"},"_links":{"self":[{"href":"https:\/\/www.lab.eus\/es\/wp-json\/wp\/v2\/posts\/14779","targetHints":{"allow":["GET"]}}],"collection":[{"href":"https:\/\/www.lab.eus\/es\/wp-json\/wp\/v2\/posts"}],"about":[{"href":"https:\/\/www.lab.eus\/es\/wp-json\/wp\/v2\/types\/post"}],"author":[{"embeddable":true,"href":"https:\/\/www.lab.eus\/es\/wp-json\/wp\/v2\/users\/1"}],"replies":[{"embeddable":true,"href":"https:\/\/www.lab.eus\/es\/wp-json\/wp\/v2\/comments?post=14779"}],"version-history":[{"count":0,"href":"https:\/\/www.lab.eus\/es\/wp-json\/wp\/v2\/posts\/14779\/revisions"}],"wp:featuredmedia":[{"embeddable":true,"href":"https:\/\/www.lab.eus\/es\/wp-json\/wp\/v2\/media\/14778"}],"wp:attachment":[{"href":"https:\/\/www.lab.eus\/es\/wp-json\/wp\/v2\/media?parent=14779"}],"wp:term":[{"taxonomy":"category","embeddable":true,"href":"https:\/\/www.lab.eus\/es\/wp-json\/wp\/v2\/categories?post=14779"},{"taxonomy":"post_tag","embeddable":true,"href":"https:\/\/www.lab.eus\/es\/wp-json\/wp\/v2\/tags?post=14779"}],"curies":[{"name":"wp","href":"https:\/\/api.w.org\/{rel}","templated":true}]}}