{"id":14545,"date":"2016-10-25T13:09:06","date_gmt":"2016-10-25T13:09:06","guid":{"rendered":"https:\/\/www.lab.eus\/lab-no-se-suma-a-la-convocatoria-de-ensenanza-del-dia-26-pues-responde-a-la-logica-estatal\/"},"modified":"2016-10-25T13:09:06","modified_gmt":"2016-10-25T13:09:06","slug":"lab-no-se-suma-a-la-convocatoria-de-ensenanza-del-dia-26-pues-responde-a-la-logica-estatal","status":"publish","type":"post","link":"https:\/\/www.lab.eus\/es\/lab-no-se-suma-a-la-convocatoria-de-ensenanza-del-dia-26-pues-responde-a-la-logica-estatal\/","title":{"rendered":"LAB no se suma a la convocatoria de ense\u00f1anza del d\u00eda 26 pu\u00e9s responde a la l\u00f3gica estatal"},"content":{"rendered":"<p> <\/p>\n<div style=\"padding-right:15px;width:345px; float:left; border-right-style:solid; border-right-width:1px; border-right-color:#dddddd\"><em><span style=\"font-size: small;\">Sin hacer ninguna aportaci&oacute;n a nuestra v&iacute;a propia, responde a la l&oacute;gica estatal. Por eso no nos sumamos a la misma. Hay dos caminos: dejar que la situaci&oacute;n actual se eternice o realizar una reflexi&oacute;n com&uacute;n como pueblo y tener una actitud activa para adaptarse a las necesidades de las personas de Euskal Herria, poner en marcha un proceso independentista, en definitiva. Por otro lado, somos conscientes de que estamos en los pasos preliminares y que reconducir y desarrollar estos ser&aacute; indispensable si queremos activar toda la potencialidad que tiene este camino. &iexcl;Estamos preparados y preparadas!<\/span><\/em><\/p>\n<div style=\"border: 1px solid rgb(221, 221, 221); padding: 5px; background-color: rgb(237, 237, 237);\"><a href=\"index.php?option=com_content&amp;view=article&amp;catid=213;irakaskuntza&amp;id=5584;prest-gaude\"><strong><span style=\"font-family: 'Arial Narrow';\"><span style=\"color: rgb(0, 0, 0);\">IRITZIA: Prest gaude<\/span><\/span><\/strong><\/a><\/div>\n<div>&nbsp;<\/div>\n<p> &nbsp;<\/p><\/div>\n<div style=\"width:180px; float:left; padding-left:15px;\">\n<div style=\"text-align: center; \"><a href=\"\/rssak\"><input type=\"image\" src=\"\/materiala\/argazkiak\/feed.png\" alt=\"RSSak\" width=\"30\" height=\"30\" longdesc=\"undefined\" \/><\/a><a target=\"_blank\" href=\"http:\/\/www.facebook.com\/pages\/LAB-sindikatua\/292846207397345\" rel=\"noopener noreferrer\"><input type=\"image\" src=\"\/modules\/mod_socialmediacloud\/icons\/facebook.png\" alt=\"LAB Facebooken\" width=\"30\" height=\"30\" longdesc=\"undefined\" \/><\/a><a target=\"_blank\" href=\"http:\/\/issuu.com\/lab_argitalpenak\" rel=\"noopener noreferrer\"><input type=\"image\" src=\"\/modules\/mod_socialmediacloud\/icons\/issuu.png\" width=\"30\" height=\"30\" longdesc=\"undefined\" \/><\/a><a target=\"_blank\" href=\"http:\/\/es.scribd.com\/LABsindikatua\" rel=\"noopener noreferrer\"><input type=\"image\" src=\"\/modules\/mod_socialmediacloud\/icons\/scribd.png\" width=\"30\" height=\"30\" longdesc=\"undefined\" \/><br \/> <\/a><\/div>\n<div style=\"text-align: center; \"><a target=\"_blank\" href=\"http:\/\/twitter.com\/LABsindikatua\" rel=\"noopener noreferrer\"><input type=\"image\" src=\"\/modules\/mod_socialmediacloud\/icons\/twitter.png\" width=\"30\" height=\"30\" longdesc=\"undefined\" \/><\/a><a target=\"_blank\" href=\"http:\/\/www.youtube.com\/user\/labsindikatua\" rel=\"noopener noreferrer\"><input type=\"image\" src=\"\/modules\/mod_socialmediacloud\/icons\/youtube.png\" width=\"30\" height=\"30\" longdesc=\"undefined\" \/><\/a><a target=\"_blank\" href=\"http:\/\/www.flickr.com\/photos\/lab-sindikatua\/\" rel=\"noopener noreferrer\"><input type=\"image\" src=\"\/modules\/mod_socialmediacloud\/icons\/flickr.png\" width=\"30\" height=\"30\" longdesc=\"undefined\" \/><\/a><a href=\"http:\/\/www.labsindikatua.org\/eu\/hasiera\/upload\"><input type=\"image\" src=\"\/modules\/mod_socialmediacloud\/icons\/igo.png\" width=\"30\" height=\"30\" longdesc=\"undefined\" \/><\/a><\/div>\n<p> &nbsp;<\/p><\/div>\n<div>&nbsp;<\/div>\n","protected":false},"excerpt":{"rendered":"<p>Sin hacer ninguna aportaci&oacute;n a nuestra v&iacute;a propia, responde a la l&oacute;gica estatal. Por eso no nos sumamos a la misma. Hay dos caminos: dejar que la situaci&oacute;n actual se eternice o realizar una reflexi&oacute;n com&uacute;n como pueblo y tener una actitud activa para adaptarse a las necesidades de las personas de Euskal Herria, poner [&hellip;]<\/p>\n","protected":false},"author":1,"featured_media":0,"comment_status":"open","ping_status":"open","sticky":false,"template":"","format":"standard","meta":{"_monsterinsights_skip_tracking":false,"_monsterinsights_sitenote_active":false,"_monsterinsights_sitenote_note":"","_monsterinsights_sitenote_category":0,"footnotes":"","_links_to":"","_links_to_target":""},"categories":[33,2998],"tags":[],"class_list":{"0":"post-14545","1":"post","2":"type-post","3":"status-publish","4":"format-standard","6":"category-es-ensenanza","7":"category-uncategorized-eu-es"},"_links":{"self":[{"href":"https:\/\/www.lab.eus\/es\/wp-json\/wp\/v2\/posts\/14545","targetHints":{"allow":["GET"]}}],"collection":[{"href":"https:\/\/www.lab.eus\/es\/wp-json\/wp\/v2\/posts"}],"about":[{"href":"https:\/\/www.lab.eus\/es\/wp-json\/wp\/v2\/types\/post"}],"author":[{"embeddable":true,"href":"https:\/\/www.lab.eus\/es\/wp-json\/wp\/v2\/users\/1"}],"replies":[{"embeddable":true,"href":"https:\/\/www.lab.eus\/es\/wp-json\/wp\/v2\/comments?post=14545"}],"version-history":[{"count":0,"href":"https:\/\/www.lab.eus\/es\/wp-json\/wp\/v2\/posts\/14545\/revisions"}],"wp:attachment":[{"href":"https:\/\/www.lab.eus\/es\/wp-json\/wp\/v2\/media?parent=14545"}],"wp:term":[{"taxonomy":"category","embeddable":true,"href":"https:\/\/www.lab.eus\/es\/wp-json\/wp\/v2\/categories?post=14545"},{"taxonomy":"post_tag","embeddable":true,"href":"https:\/\/www.lab.eus\/es\/wp-json\/wp\/v2\/tags?post=14545"}],"curies":[{"name":"wp","href":"https:\/\/api.w.org\/{rel}","templated":true}]}}