{"id":14540,"date":"2016-10-21T12:12:01","date_gmt":"2016-10-21T12:12:01","guid":{"rendered":"https:\/\/www.lab.eus\/lab-participara-en-la-negociacion-de-un-acuerdo-marco-para-la-hosteleria-de-la-cav-para-blindar-los-convenios\/"},"modified":"2016-10-21T12:12:01","modified_gmt":"2016-10-21T12:12:01","slug":"lab-participara-en-la-negociacion-de-un-acuerdo-marco-para-la-hosteleria-de-la-cav-para-blindar-los-convenios","status":"publish","type":"post","link":"https:\/\/www.lab.eus\/es\/lab-participara-en-la-negociacion-de-un-acuerdo-marco-para-la-hosteleria-de-la-cav-para-blindar-los-convenios\/","title":{"rendered":"LAB participar\u00e1 en la negociaci\u00f3n de un Acuerdo Marco para la Hosteler\u00eda de la CAV para blindar los convenios"},"content":{"rendered":"<p><em><br \/> <\/em> <\/p>\n<div style=\"padding-right:15px;width:345px; float:left; border-right-style:solid; border-right-width:1px; border-right-color:#dddddd\"><em>Ayer, 20 de octubre de 2016, se celebr&oacute; una reuni&oacute;n en el Consejo de Relaciones Laborales para promover la negociaci&oacute;n de un Acuerdo Marco para el sector de Hosteler&iacute;a de la CAV. El acuerdo tiene como objeto proteger los convenios provinciales frente al ataque estatal fruto de las reformas laborales de Zapatero y Rajoy, que posibilitan la estatalizaci&oacute;n de los convenios colectivos.<\/em><\/p>\n<p> En la reuni&oacute;n hemos participado los sindicatos LAB, ELA CCOO y UGT, y tambi&eacute;n las organizaciones empresariales Confebask, Federaci&oacute;n de Hosteler&iacute;a del Pa&iacute;s Vasco, Asociaci&oacute;n de Hosteler&iacute;a de Gipuzkoa, Asociaci&oacute;n de Hosteler&iacute;a de Vitoria, Asociaci&oacute;n de Hosteler&iacute;a de Bizkaia y Garen.<\/p>\n<p> LAB particip&oacute; en los dos intentos de consecuci&oacute;n de un Acuerdo Interprofesional para  proteger a trabajadoras y trabajadores de la CAV de las consecuencias de las reformas laborales, y blindar nuestro &aacute;mbito de negociaci&oacute;n colectiva y evitara as&iacute; la estatalizaci&oacute;n que estamos sufriendo hoy en d&iacute;a. Ambos intentos fracasaron por la posici&oacute;n de Confebask, que solo buscaba ahondar a&uacute;n m&aacute;s en la precarizaci&oacute;n de la clase trabajadora de este Pa&iacute;s.<\/p>\n<p> Posteriormente, LAB promovi&oacute; las mesas de  negociaci&oacute;n de Acuerdos Marcos Sectoriales en  Comercio y Limpieza, siendo intenci&oacute;n de esta central, tambi&eacute;n la de promoverla en otro sector precarizado como el de hosteler&iacute;a. Tras el fracaso de blindar todos los convenios, se trataba de trasladar a cada sector la posibilidad de blindar las condiciones de las y los y las trabajadoras de ese sector. Estas negociaciones fueron rechazadas tanto por el resto de sindicatos como por las asociaciones empresariales. <\/p>\n<p> Desde LAB valoramos muy positivamente esta mesa como mecanismo para frenar la estatalizaci&oacute;n y conseguir convenios propios con contenidos que frenen el proceso de precarizaci&oacute;n impulsado por Confebask, y participaremos en la pr&oacute;xima reuni&oacute;n acordada entre las partes legitimadas a participar en esa mesa de negociaci&oacute;n, que tendr&aacute; lugar el pr&oacute;ximo 11 de noviembre de 2016 a las 11.30 horas en el Consejo de Relaciones Laborales.<\/p>\n<p> &nbsp;<\/p><\/div>\n<div style=\"width:180px; float:left; padding-left:15px;\">\n<div style=\"text-align: center; \"><a href=\"\/rssak\"><input width=\"30\" type=\"image\" height=\"30\" longdesc=\"undefined\" alt=\"RSSak\" src=\"\/materiala\/argazkiak\/feed.png\" \/><\/a><a href=\"http:\/\/www.facebook.com\/pages\/LAB-sindikatua\/292846207397345\" target=\"_blank\" rel=\"noopener noreferrer\"><input width=\"30\" type=\"image\" height=\"30\" longdesc=\"undefined\" alt=\"LAB Facebooken\" src=\"\/modules\/mod_socialmediacloud\/icons\/facebook.png\" \/><\/a><a href=\"http:\/\/issuu.com\/lab_argitalpenak\" target=\"_blank\" rel=\"noopener noreferrer\"><input width=\"30\" type=\"image\" height=\"30\" longdesc=\"undefined\" src=\"\/modules\/mod_socialmediacloud\/icons\/issuu.png\" \/><\/a><a href=\"http:\/\/es.scribd.com\/LABsindikatua\" target=\"_blank\" rel=\"noopener noreferrer\"><input width=\"30\" type=\"image\" height=\"30\" longdesc=\"undefined\" src=\"\/modules\/mod_socialmediacloud\/icons\/scribd.png\" \/><br \/> <\/a><\/div>\n<div style=\"text-align: center; \"><a href=\"http:\/\/twitter.com\/LABsindikatua\" target=\"_blank\" rel=\"noopener noreferrer\"><input width=\"30\" type=\"image\" height=\"30\" longdesc=\"undefined\" src=\"\/modules\/mod_socialmediacloud\/icons\/twitter.png\" \/><\/a><a href=\"http:\/\/www.youtube.com\/user\/labsindikatua\" target=\"_blank\" rel=\"noopener noreferrer\"><input width=\"30\" type=\"image\" height=\"30\" longdesc=\"undefined\" src=\"\/modules\/mod_socialmediacloud\/icons\/youtube.png\" \/><\/a><a href=\"http:\/\/www.flickr.com\/photos\/lab-sindikatua\/\" target=\"_blank\" rel=\"noopener noreferrer\"><input width=\"30\" type=\"image\" height=\"30\" longdesc=\"undefined\" src=\"\/modules\/mod_socialmediacloud\/icons\/flickr.png\" \/><\/a><a href=\"http:\/\/www.labsindikatua.org\/eu\/hasiera\/upload\"><input width=\"30\" type=\"image\" height=\"30\" longdesc=\"undefined\" src=\"\/modules\/mod_socialmediacloud\/icons\/igo.png\" \/><\/a><\/div>\n<p> &nbsp;<\/p><\/div>\n<div>&nbsp;<\/div>\n","protected":false},"excerpt":{"rendered":"<p>Ayer, 20 de octubre de 2016, se celebr&oacute; una reuni&oacute;n en el Consejo de Relaciones Laborales para promover la negociaci&oacute;n de un Acuerdo Marco para el sector de Hosteler&iacute;a de la CAV. El acuerdo tiene como objeto proteger los convenios provinciales frente al ataque estatal fruto de las reformas laborales de Zapatero y Rajoy, que [&hellip;]<\/p>\n","protected":false},"author":1,"featured_media":0,"comment_status":"open","ping_status":"open","sticky":false,"template":"","format":"standard","meta":{"_monsterinsights_skip_tracking":false,"_monsterinsights_sitenote_active":false,"_monsterinsights_sitenote_note":"","_monsterinsights_sitenote_category":0,"footnotes":"","_links_to":"","_links_to_target":""},"categories":[18],"tags":[3033],"class_list":{"0":"post-14540","1":"post","2":"type-post","3":"status-publish","4":"format-standard","6":"category-es-accion-sindical","7":"tag-accion-sindical-es"},"_links":{"self":[{"href":"https:\/\/www.lab.eus\/es\/wp-json\/wp\/v2\/posts\/14540","targetHints":{"allow":["GET"]}}],"collection":[{"href":"https:\/\/www.lab.eus\/es\/wp-json\/wp\/v2\/posts"}],"about":[{"href":"https:\/\/www.lab.eus\/es\/wp-json\/wp\/v2\/types\/post"}],"author":[{"embeddable":true,"href":"https:\/\/www.lab.eus\/es\/wp-json\/wp\/v2\/users\/1"}],"replies":[{"embeddable":true,"href":"https:\/\/www.lab.eus\/es\/wp-json\/wp\/v2\/comments?post=14540"}],"version-history":[{"count":0,"href":"https:\/\/www.lab.eus\/es\/wp-json\/wp\/v2\/posts\/14540\/revisions"}],"wp:attachment":[{"href":"https:\/\/www.lab.eus\/es\/wp-json\/wp\/v2\/media?parent=14540"}],"wp:term":[{"taxonomy":"category","embeddable":true,"href":"https:\/\/www.lab.eus\/es\/wp-json\/wp\/v2\/categories?post=14540"},{"taxonomy":"post_tag","embeddable":true,"href":"https:\/\/www.lab.eus\/es\/wp-json\/wp\/v2\/tags?post=14540"}],"curies":[{"name":"wp","href":"https:\/\/api.w.org\/{rel}","templated":true}]}}