{"id":14477,"date":"2016-09-29T05:07:14","date_gmt":"2016-09-29T05:07:14","guid":{"rendered":"https:\/\/www.lab.eus\/exigimos-una-investigacion-rigurosa-y-que-se-aclaren-las-causas-y-la-falta-de-medidas-de-prevencion-ante-el-ultimo-accidente-laboral-en-zalain-de-bera\/"},"modified":"2016-09-29T05:07:14","modified_gmt":"2016-09-29T05:07:14","slug":"exigimos-una-investigacion-rigurosa-y-que-se-aclaren-las-causas-y-la-falta-de-medidas-de-prevencion-ante-el-ultimo-accidente-laboral-en-zalain-de-bera","status":"publish","type":"post","link":"https:\/\/www.lab.eus\/es\/exigimos-una-investigacion-rigurosa-y-que-se-aclaren-las-causas-y-la-falta-de-medidas-de-prevencion-ante-el-ultimo-accidente-laboral-en-zalain-de-bera\/","title":{"rendered":"Exigimos una investigaci\u00f3n rigurosa y que se aclaren las causas y la falta de medidas de prevenci\u00f3n ante el \u00faltimo accidente laboral en Zalain de Bera"},"content":{"rendered":"<p> <\/p>\n<div style=\"padding-right:15px;width:345px; float:left; border-right-style:solid; border-right-width:1px; border-right-color:#dddddd\"><em><span style=\"font-size: small;\">Ayer tuvimos conocimiento de una nueva muerte en el trabajo. En la empresa Zalain de Bera falleci&oacute; un trabajador de 64 a&ntilde;os tras caer desde altura mientras trabajaba. Desde el sindicato LAB queremos mostrar nuestro apoyo y solidaridad a la familia, allegados, allegadas, compa&ntilde;eras y compa&ntilde;eros de trabajo. Con esta nueva muerte son 10 los fallecidos en accidente laboral en Nafarroa y 39 en el conjunto de Euskal Herria. Destacar que es el tercer fallecido en menos de una semana en Nafarroa. Es inadmisible.<\/span><\/em><\/p>\n<p> Los accidentes no son fruto de la fatalidad, vienen por las condiciones de trabajo y el modelo productivo que prima el beneficio econ&oacute;mico sobre la salud. Esa realidad se materializa de manera clara en la empresa Zalain Transformados. La falta de sensibilidad y la dejaci&oacute;n absoluta de responsabilidades son las dos palabras que mejor pueden describir la actitud de la Direcci&oacute;n en lo relativo al salud de los y las trabajadoras.<\/p>\n<p> Por eso exigimos una investigaci&oacute;n rigurosa y que se aclaren las causas y la falta de medidas de prevenci&oacute;n. Los trabajadores y trabajadoras pagamos con nuestra salud las condiciones de vida y trabajo que nos impone este modelo, que antepone la productividad sobre la salud y la vida.<\/p>\n<p> Por eso, tenemos que impulsar un cambio desde aqu&iacute;, con una marco propio que anteponga los derechos de la clase trabajadora sobre el modelo actual creado para una patronal, empoderada durante a&ntilde;os por los poderes p&uacute;blicos y elites pol&iacute;ticas y que nos ha llevado a este modelo actual. <\/p>\n<p> Por eso, desde LAB denunciamos y llamamos a las movilizaciones que se convoquen para denunciar esta nueva muerte y destacamos la necesidad de un marco que nos lleve a un modelo justo, que prime la seguridad y salud de la clase trabajadora y los derechos laborales y sociales. <\/p>\n<p> &nbsp;<\/div>\n<div style=\"width:180px; float:left; padding-left:15px;\">\n<div style=\"text-align: center; \"><a href=\"\/rssak\"><input type=\"image\" src=\"\/materiala\/argazkiak\/feed.png\" alt=\"RSSak\" width=\"30\" height=\"30\" longdesc=\"undefined\" \/><\/a><a target=\"_blank\" href=\"http:\/\/www.facebook.com\/pages\/LAB-sindikatua\/292846207397345\" rel=\"noopener noreferrer\"><input type=\"image\" src=\"\/modules\/mod_socialmediacloud\/icons\/facebook.png\" alt=\"LAB Facebooken\" width=\"30\" height=\"30\" longdesc=\"undefined\" \/><\/a><a target=\"_blank\" href=\"http:\/\/issuu.com\/lab_argitalpenak\" rel=\"noopener noreferrer\"><input type=\"image\" src=\"\/modules\/mod_socialmediacloud\/icons\/issuu.png\" width=\"30\" height=\"30\" longdesc=\"undefined\" \/><\/a><a target=\"_blank\" href=\"http:\/\/es.scribd.com\/LABsindikatua\" rel=\"noopener noreferrer\"><input type=\"image\" src=\"\/modules\/mod_socialmediacloud\/icons\/scribd.png\" width=\"30\" height=\"30\" longdesc=\"undefined\" \/><br \/> <\/a><\/div>\n<div style=\"text-align: center; \"><a target=\"_blank\" href=\"http:\/\/twitter.com\/LABsindikatua\" rel=\"noopener noreferrer\"><input type=\"image\" src=\"\/modules\/mod_socialmediacloud\/icons\/twitter.png\" width=\"30\" height=\"30\" longdesc=\"undefined\" \/><\/a><a target=\"_blank\" href=\"http:\/\/www.youtube.com\/user\/labsindikatua\" rel=\"noopener noreferrer\"><input type=\"image\" src=\"\/modules\/mod_socialmediacloud\/icons\/youtube.png\" width=\"30\" height=\"30\" longdesc=\"undefined\" \/><\/a><a target=\"_blank\" href=\"http:\/\/www.flickr.com\/photos\/lab-sindikatua\/\" rel=\"noopener noreferrer\"><input type=\"image\" src=\"\/modules\/mod_socialmediacloud\/icons\/flickr.png\" width=\"30\" height=\"30\" longdesc=\"undefined\" \/><\/a><a href=\"http:\/\/www.labsindikatua.org\/eu\/hasiera\/upload\"><input type=\"image\" src=\"\/modules\/mod_socialmediacloud\/icons\/igo.png\" width=\"30\" height=\"30\" longdesc=\"undefined\" \/><\/a><\/div>\n<p> &nbsp;<\/p><\/div>\n<div>&nbsp;<\/div>\n","protected":false},"excerpt":{"rendered":"<p>Ayer tuvimos conocimiento de una nueva muerte en el trabajo. En la empresa Zalain de Bera falleci&oacute; un trabajador de 64 a&ntilde;os tras caer desde altura mientras trabajaba. Desde el sindicato LAB queremos mostrar nuestro apoyo y solidaridad a la familia, allegados, allegadas, compa&ntilde;eras y compa&ntilde;eros de trabajo. Con esta nueva muerte son 10 los [&hellip;]<\/p>\n","protected":false},"author":1,"featured_media":0,"comment_status":"open","ping_status":"open","sticky":false,"template":"","format":"standard","meta":{"_monsterinsights_skip_tracking":false,"_monsterinsights_sitenote_active":false,"_monsterinsights_sitenote_note":"","_monsterinsights_sitenote_category":0,"footnotes":"","_links_to":"","_links_to_target":""},"categories":[130],"tags":[],"class_list":{"0":"post-14477","1":"post","2":"type-post","3":"status-publish","4":"format-standard","6":"category-es-la-precariedad-mata-es-salud-laboral"},"_links":{"self":[{"href":"https:\/\/www.lab.eus\/es\/wp-json\/wp\/v2\/posts\/14477","targetHints":{"allow":["GET"]}}],"collection":[{"href":"https:\/\/www.lab.eus\/es\/wp-json\/wp\/v2\/posts"}],"about":[{"href":"https:\/\/www.lab.eus\/es\/wp-json\/wp\/v2\/types\/post"}],"author":[{"embeddable":true,"href":"https:\/\/www.lab.eus\/es\/wp-json\/wp\/v2\/users\/1"}],"replies":[{"embeddable":true,"href":"https:\/\/www.lab.eus\/es\/wp-json\/wp\/v2\/comments?post=14477"}],"version-history":[{"count":0,"href":"https:\/\/www.lab.eus\/es\/wp-json\/wp\/v2\/posts\/14477\/revisions"}],"wp:attachment":[{"href":"https:\/\/www.lab.eus\/es\/wp-json\/wp\/v2\/media?parent=14477"}],"wp:term":[{"taxonomy":"category","embeddable":true,"href":"https:\/\/www.lab.eus\/es\/wp-json\/wp\/v2\/categories?post=14477"},{"taxonomy":"post_tag","embeddable":true,"href":"https:\/\/www.lab.eus\/es\/wp-json\/wp\/v2\/tags?post=14477"}],"curies":[{"name":"wp","href":"https:\/\/api.w.org\/{rel}","templated":true}]}}