{"id":14147,"date":"2016-05-10T19:07:51","date_gmt":"2016-05-10T19:07:51","guid":{"rendered":"https:\/\/www.lab.eus\/lab-trabajara-por-una-ley-municipal-que-garantice-el-caracter-publico-de-los-servicios-municipales\/"},"modified":"2016-05-10T19:07:51","modified_gmt":"2016-05-10T19:07:51","slug":"lab-trabajara-por-una-ley-municipal-que-garantice-el-caracter-publico-de-los-servicios-municipales","status":"publish","type":"post","link":"https:\/\/www.lab.eus\/es\/lab-trabajara-por-una-ley-municipal-que-garantice-el-caracter-publico-de-los-servicios-municipales\/","title":{"rendered":"LAB trabajar\u00e1 por una ley municipal que garantice el car\u00e1cter p\u00fablico de los servicios municipales"},"content":{"rendered":"<p> <\/p>\n<div style=\"padding-right:15px;width:345px; float:left; border-right-style:solid; border-right-width:1px; border-right-color:#dddddd\"><em>En abril el Parlamento de Gasteiz aprob&oacute; la Ley Municipal de la CAV, la primera ley auton&oacute;mica que regula nuestros ayuntamientos y servicios municipales. Tras un largo tiempo sin que hubiera una Ley Municipal propia, m&aacute;s que necesidad, hab&iacute;a urgencia para acordarla. De hecho, la &uacute;ltima reforma de la ley estatal, en ausencia de legislaci&oacute;n auton&oacute;mica, dejaba a un lado muchas competencias que hasta la fecha correspond&iacute;an a los municipios. Tras el pacto entre PNV y EH Bildu podr&iacute;amos pensar que en esta parte de Euskal Herria, en la CAV, tendr&iacute;amos una ley que ayudar&iacute;a en la construcci&oacute;n nacional de modo participativo y al servicio de la ciudadan&iacute;a, colaborando en garantizar los derechos de las y los trabajadores municipales.<\/em><\/p>\n<p> LAB no considera que se trate de un gran paso desde el punto de vista de las y los trabajadores municipales. Despu&eacute;s de tantos a&ntilde;os podr&iacute;amos esperar algo m&aacute;s si se hubiera tratado de una ley negociada con agentes sociales y que se creara de la negociaci&oacute;n con &eacute;stos. Adem&aacute;s, tenemos la certeza de que si hubiera sido fruto de un proceso participativo, la Ley Municipal no ser&iacute;a la que se ha aprobado, sino una ley que tuviera mayores garant&iacute;as sobre los intereses de ciudadan&iacute;a, trabajadores, trabajadoras y los servicios p&uacute;blicos. <\/p>\n<p> La ley tiene este d&eacute;ficit desde su nacimiento. Tal y como vemos en el &aacute;mbito institucional, en los dos a&ntilde;os en los que se ha prolongado la negociaci&oacute;n, no ha habido ni negociaci&oacute;n ni relaci&oacute;n con quienes trabajamos en este &aacute;mbito. No hemos participado y, por lo tanto, no hemos conocido el acuerdo en profundidad casi hasta que se aprobada. Por lo tanto, se ha desde&ntilde;ado la Negociaci&oacute;n Colectiva.<\/p>\n<p> Hemos empezado a analizar la ley en cuanto hemos tenido acceso a la misma, desde la perspectiva de los y las trabajadoras, y son los aspectos negativos los que prevalecen. No vamos a negar los aspectos positivos de la ley: los pasos que da en la normalizaci&oacute;n del euskara, es esfuerzo que se hace de cara a la participaci&oacute;n ciudadana en los ayuntamientos, el paso imprescindible para que los ayuntamientos estabilicen sus competencias y consigan nuevas (aunque &eacute;stas queden a la espera de una nueva Ley). Pero se trata de pasos muy t&iacute;midos.<\/p>\n<p> Los aspectos negativos tienen m&aacute;s peso para nosotras: est&aacute; subordinada a la Ley Estatal y se mueve en los l&iacute;mites establecidos por &eacute;sta, no cierra la puerta a las privatizaciones, en detrimento de la calidad de los servicios p&uacute;blicos y las condiciones laborales de trabajadores y trabajadoras. Apenas dice nada en el cap&iacute;tulo relativo al empleo p&uacute;blico, si exceptuamos la figura de la Direcci&oacute;n Profesional, que nos preocupa de forma notable. La Direcci&oacute;n Profesional, mencionada en el proyecto de Ley de Empleo P&uacute;blico se concreta aqu&iacute; y LAB no ve con buenos ojos que directivos de empresas se dedique a responsabilidades municipales (esta ley abre las puertas a esto). Por otro lado, aunque esta ley garantice financiaci&oacute;n para que los ayuntamientos puedan desarrollar sus competencias, el objetivo relativo al cumplimiento del d&eacute;ficit se sit&uacute;a por encima de cualquier otra consideraci&oacute;n, a las &oacute;rdenes de la Ley Estatal, y &eacute;sta limita la actividad municipal y el desarrollo de servicios p&uacute;blicos.<\/p>\n<p> En nuestra opini&oacute;n, el camino para desarrollar los servicios p&uacute;blicos para por la remunicipalizaci&oacute;n y la reversi&oacute;n y esta Ley podr&iacute;a haber sido un paso para garantizar eso, cerrando la puerta a privatizaciones y estableciendo mecanismos para que se den reversiones. Hay que dar por finiquitado el camino que deja los servicios p&uacute;blicos en manos privadas y deteriora y precariza sin cesar las condiciones laborales de las y los trabajadores y esto hay que hacerlo respondiendo a las necesidades de trabajadores, trabajadoras y ciudadan&iacute;a, d&aacute;ndonos la palabra y permitiendo que participemos en la decisi&oacute;n. Los ayuntamientos y las instituciones en general deber&iacute;an tomar otro camino, el de la democratizaci&oacute;n de las instituciones y el desarrollo de los servicios p&uacute;blicos.<\/p>\n<p> LAB continuar&aacute; trabajando con el objetivo de desarrollar los servicios p&uacute;blicos y publificar los privatizados y luchar&aacute; porque la figura de la Direcci&oacute;n Profesional no se lleve a cabo en los ayuntamientos. En esta direcci&oacute;n, tambi&eacute;n trabajaremos para que en la Ley Municipal se hagan los cambios que son necesarios.<\/p>\n<p> &nbsp;<\/p><\/div>\n<div style=\"width:180px; float:left; padding-left:15px;\">\n<div style=\"text-align: center; \"><a href=\"\/rssak\"><input width=\"30\" type=\"image\" height=\"30\" longdesc=\"undefined\" alt=\"RSSak\" src=\"\/materiala\/argazkiak\/feed.png\" \/><\/a><a href=\"http:\/\/www.facebook.com\/pages\/LAB-sindikatua\/292846207397345\" target=\"_blank\" rel=\"noopener noreferrer\"><input width=\"30\" type=\"image\" height=\"30\" longdesc=\"undefined\" alt=\"LAB Facebooken\" src=\"\/modules\/mod_socialmediacloud\/icons\/facebook.png\" \/><\/a><a href=\"http:\/\/issuu.com\/lab_argitalpenak\" target=\"_blank\" rel=\"noopener noreferrer\"><input width=\"30\" type=\"image\" height=\"30\" longdesc=\"undefined\" src=\"\/modules\/mod_socialmediacloud\/icons\/issuu.png\" \/><\/a><a href=\"http:\/\/es.scribd.com\/LABsindikatua\" target=\"_blank\" rel=\"noopener noreferrer\"><input width=\"30\" type=\"image\" height=\"30\" longdesc=\"undefined\" src=\"\/modules\/mod_socialmediacloud\/icons\/scribd.png\" \/><br \/> <\/a><\/div>\n<div style=\"text-align: center; \"><a href=\"http:\/\/twitter.com\/LABsindikatua\" target=\"_blank\" rel=\"noopener noreferrer\"><input width=\"30\" type=\"image\" height=\"30\" longdesc=\"undefined\" src=\"\/modules\/mod_socialmediacloud\/icons\/twitter.png\" \/><\/a><a href=\"http:\/\/www.youtube.com\/user\/labsindikatua\" target=\"_blank\" rel=\"noopener noreferrer\"><input width=\"30\" type=\"image\" height=\"30\" longdesc=\"undefined\" src=\"\/modules\/mod_socialmediacloud\/icons\/youtube.png\" \/><\/a><a href=\"http:\/\/www.flickr.com\/photos\/lab-sindikatua\/\" target=\"_blank\" rel=\"noopener noreferrer\"><input width=\"30\" type=\"image\" height=\"30\" longdesc=\"undefined\" src=\"\/modules\/mod_socialmediacloud\/icons\/flickr.png\" \/><\/a><a href=\"http:\/\/www.labsindikatua.org\/eu\/hasiera\/upload\"><input width=\"30\" type=\"image\" height=\"30\" longdesc=\"undefined\" src=\"\/modules\/mod_socialmediacloud\/icons\/igo.png\" \/><\/a><\/div>\n<p> &nbsp;<\/p><\/div>\n<div>&nbsp;<\/div>\n","protected":false},"excerpt":{"rendered":"<p>En abril el Parlamento de Gasteiz aprob&oacute; la Ley Municipal de la CAV, la primera ley auton&oacute;mica que regula nuestros ayuntamientos y servicios municipales. Tras un largo tiempo sin que hubiera una Ley Municipal propia, m&aacute;s que necesidad, hab&iacute;a urgencia para acordarla. De hecho, la &uacute;ltima reforma de la ley estatal, en ausencia de legislaci&oacute;n [&hellip;]<\/p>\n","protected":false},"author":1,"featured_media":0,"comment_status":"open","ping_status":"open","sticky":false,"template":"","format":"standard","meta":{"_monsterinsights_skip_tracking":false,"_monsterinsights_sitenote_active":false,"_monsterinsights_sitenote_note":"","_monsterinsights_sitenote_category":0,"footnotes":"","_links_to":"","_links_to_target":""},"categories":[3108,2998],"tags":[],"class_list":{"0":"post-14147","1":"post","2":"type-post","3":"status-publish","4":"format-standard","6":"category-administracion-municipal-y-foral","7":"category-uncategorized-eu-es"},"_links":{"self":[{"href":"https:\/\/www.lab.eus\/es\/wp-json\/wp\/v2\/posts\/14147","targetHints":{"allow":["GET"]}}],"collection":[{"href":"https:\/\/www.lab.eus\/es\/wp-json\/wp\/v2\/posts"}],"about":[{"href":"https:\/\/www.lab.eus\/es\/wp-json\/wp\/v2\/types\/post"}],"author":[{"embeddable":true,"href":"https:\/\/www.lab.eus\/es\/wp-json\/wp\/v2\/users\/1"}],"replies":[{"embeddable":true,"href":"https:\/\/www.lab.eus\/es\/wp-json\/wp\/v2\/comments?post=14147"}],"version-history":[{"count":0,"href":"https:\/\/www.lab.eus\/es\/wp-json\/wp\/v2\/posts\/14147\/revisions"}],"wp:attachment":[{"href":"https:\/\/www.lab.eus\/es\/wp-json\/wp\/v2\/media?parent=14147"}],"wp:term":[{"taxonomy":"category","embeddable":true,"href":"https:\/\/www.lab.eus\/es\/wp-json\/wp\/v2\/categories?post=14147"},{"taxonomy":"post_tag","embeddable":true,"href":"https:\/\/www.lab.eus\/es\/wp-json\/wp\/v2\/tags?post=14147"}],"curies":[{"name":"wp","href":"https:\/\/api.w.org\/{rel}","templated":true}]}}