{"id":14076,"date":"2016-04-21T10:34:09","date_gmt":"2016-04-21T10:34:09","guid":{"rendered":"https:\/\/www.lab.eus\/la-manifestacion-por-una-politica-industrial-real-recibe-el-apoyo-de-numerosos-comites-de-empresa\/"},"modified":"2016-04-21T10:34:09","modified_gmt":"2016-04-21T10:34:09","slug":"la-manifestacion-por-una-politica-industrial-real-recibe-el-apoyo-de-numerosos-comites-de-empresa","status":"publish","type":"post","link":"https:\/\/www.lab.eus\/es\/la-manifestacion-por-una-politica-industrial-real-recibe-el-apoyo-de-numerosos-comites-de-empresa\/","title":{"rendered":"La manifestaci\u00f3n por una pol\u00edtica industrial real recibe el apoyo de numerosos Comit\u00e9s de Empresa"},"content":{"rendered":"<p><img loading=\"lazy\" decoding=\"async\" class=\" size-full wp-image-14075\" width=\"550\" height=\"778\" alt=\"\" src=\"https:\/\/www.lab.eus\/wp-content\/uploads\/2016\/04\/www.lab_.eus_materiala_argazkiak_industria_metala_16_04_18Industria_gaurkoBorrokaBiharkoEnplegua.jpg\" srcset=\"https:\/\/www.lab.eus\/wp-content\/uploads\/2016\/04\/www.lab_.eus_materiala_argazkiak_industria_metala_16_04_18Industria_gaurkoBorrokaBiharkoEnplegua.jpg 826w, https:\/\/www.lab.eus\/wp-content\/uploads\/2016\/04\/www.lab_.eus_materiala_argazkiak_industria_metala_16_04_18Industria_gaurkoBorrokaBiharkoEnplegua-212x300.jpg 212w, https:\/\/www.lab.eus\/wp-content\/uploads\/2016\/04\/www.lab_.eus_materiala_argazkiak_industria_metala_16_04_18Industria_gaurkoBorrokaBiharkoEnplegua-724x1024.jpg 724w, https:\/\/www.lab.eus\/wp-content\/uploads\/2016\/04\/www.lab_.eus_materiala_argazkiak_industria_metala_16_04_18Industria_gaurkoBorrokaBiharkoEnplegua-768x1086.jpg 768w, https:\/\/www.lab.eus\/wp-content\/uploads\/2016\/04\/www.lab_.eus_materiala_argazkiak_industria_metala_16_04_18Industria_gaurkoBorrokaBiharkoEnplegua-150x212.jpg 150w, https:\/\/www.lab.eus\/wp-content\/uploads\/2016\/04\/www.lab_.eus_materiala_argazkiak_industria_metala_16_04_18Industria_gaurkoBorrokaBiharkoEnplegua-300x424.jpg 300w, https:\/\/www.lab.eus\/wp-content\/uploads\/2016\/04\/www.lab_.eus_materiala_argazkiak_industria_metala_16_04_18Industria_gaurkoBorrokaBiharkoEnplegua-696x984.jpg 696w, https:\/\/www.lab.eus\/wp-content\/uploads\/2016\/04\/www.lab_.eus_materiala_argazkiak_industria_metala_16_04_18Industria_gaurkoBorrokaBiharkoEnplegua-297x420.jpg 297w\" sizes=\"auto, (max-width: 550px) 100vw, 550px\" \/><br \/> Mes tras mes empresas de Euskal Herria se cierran porque las decisiones respecto a su futuro se toman en fondos de inversi&oacute;n o empresas trasnacionales que tienen como m&aacute;ximo objetivo el beneficio de sus accionistas. Contra este tipo de pr&aacute;cticas y a favor de una pol&iacute;tica industrial real,&nbsp; Llamamos a  participar en la manifestaci&oacute;n convocada para este s&aacute;bado en Bilbao a las 12:00 desde el Sagrado Coraz&oacute;n &ldquo;Gure industriaren defentsan, por una pol&iacute;tica industrial real&rdquo;.<br \/>  <!--more--> <em><br \/> <\/em> <\/p>\n<div style=\"padding-right:15px;width:345px; float:left; border-right-style:solid; border-right-width:1px; border-right-color:#dddddd\"><img loading=\"lazy\" decoding=\"async\" class=\" size-full wp-image-14075\" width=\"345\" height=\"488\" alt=\"\" src=\"https:\/\/www.lab.eus\/wp-content\/uploads\/2016\/04\/www.lab_.eus_materiala_argazkiak_industria_metala_16_04_18Industria_gaurkoBorrokaBiharkoEnplegua.jpg\" srcset=\"https:\/\/www.lab.eus\/wp-content\/uploads\/2016\/04\/www.lab_.eus_materiala_argazkiak_industria_metala_16_04_18Industria_gaurkoBorrokaBiharkoEnplegua.jpg 826w, https:\/\/www.lab.eus\/wp-content\/uploads\/2016\/04\/www.lab_.eus_materiala_argazkiak_industria_metala_16_04_18Industria_gaurkoBorrokaBiharkoEnplegua-212x300.jpg 212w, https:\/\/www.lab.eus\/wp-content\/uploads\/2016\/04\/www.lab_.eus_materiala_argazkiak_industria_metala_16_04_18Industria_gaurkoBorrokaBiharkoEnplegua-724x1024.jpg 724w, https:\/\/www.lab.eus\/wp-content\/uploads\/2016\/04\/www.lab_.eus_materiala_argazkiak_industria_metala_16_04_18Industria_gaurkoBorrokaBiharkoEnplegua-768x1086.jpg 768w, https:\/\/www.lab.eus\/wp-content\/uploads\/2016\/04\/www.lab_.eus_materiala_argazkiak_industria_metala_16_04_18Industria_gaurkoBorrokaBiharkoEnplegua-150x212.jpg 150w, https:\/\/www.lab.eus\/wp-content\/uploads\/2016\/04\/www.lab_.eus_materiala_argazkiak_industria_metala_16_04_18Industria_gaurkoBorrokaBiharkoEnplegua-300x424.jpg 300w, https:\/\/www.lab.eus\/wp-content\/uploads\/2016\/04\/www.lab_.eus_materiala_argazkiak_industria_metala_16_04_18Industria_gaurkoBorrokaBiharkoEnplegua-696x984.jpg 696w, https:\/\/www.lab.eus\/wp-content\/uploads\/2016\/04\/www.lab_.eus_materiala_argazkiak_industria_metala_16_04_18Industria_gaurkoBorrokaBiharkoEnplegua-297x420.jpg 297w\" sizes=\"auto, (max-width: 345px) 100vw, 345px\" \/><br \/> <em><br \/> Contra este tipo de pr&aacute;cticas y a favor de una pol&iacute;tica industrial real,  Llamamos a participar en la manifestaci&oacute;n convocada para este s&aacute;bado en Bilbao a las 12:00 desde el Sagrado Coraz&oacute;n &ldquo;Gure industriaren defentsan, por una pol&iacute;tica industrial real&rdquo;.<\/em><\/p>\n<p> Las multinacionales y los fondos de inversi&oacute;n se est&aacute;n haciendo con cada vez m&aacute;s empresas vascas cuyos beneficios se acumulan en manos de gestores y accionistas que los utilizan para buscar ventajas competitivas en otros pa&iacute;ses con inferiores costes de producci&oacute;n.<\/p>\n<p> Los gobiernos, tanto espa&ntilde;oles como de la CAV, hacen todo lo necesario para conceder ventajas fiscales y de todo tipo para que el capital disponga de m&aacute;s capital para seguir haciendo lo mismo, mejorar sus cuentas de resultados con la ingenua o c&oacute;mplice esperanza de que van a invertir en crear empleo y desarrollar nuestro tejido productivo. Sin embargo, no se establecen exigencias en ese sentido. <\/p>\n<p> De nada vale lamentar cuando se produce un cierre si no hay una pol&iacute;tica econ&oacute;mica con capacidad de predecir situaciones y actuar en consecuencia, impulsando estrategias de apoyo a la inversi&oacute;n, a la innovaci&oacute;n, a la organizaci&oacute;n y la democratizaci&oacute;n de las empresas, la cualificaci&oacute;n y estabilidad laboral y una redistribuci&oacute;n del beneficio que prime el inter&eacute;s colectivo por encima del inter&eacute;s de inversores y rentistas.<\/p>\n<p> No hay por parte de las instituciones vascas una estrategia identificable para conformar un espacio socio-econ&oacute;mico vasco competitivo en el contexto de la internacionalizaci&oacute;n de la econom&iacute;a. No hay pol&iacute;ticas detectables que promuevan din&aacute;micas de desarrollo end&oacute;geno con la internacionalizaci&oacute;n. No hay planificaci&oacute;n estrat&eacute;gica alguna que nos indiquen cu&aacute;l es el modelo industrial en particular y socio-productivo en general de las instituciones vascas y qu&eacute; se est&aacute; dispuesto a poner encima de la mesa para construirlo. En definitiva, no hay una pol&iacute;tica industrial real.<\/p>\n<p> Ante esta situaci&oacute;n, lo &uacute;nico que nos queda es la organizaci&oacute;n y la lucha. En un marco legislativo que dota a las grandes multinacionales de todas las herramientas, y con unos gobiernos sumisos que no son capaz de hacerles frente, la lucha es lo &uacute;nico que queda al conjunto de trabajadores y trabajadoras. La lucha de hoy ser&aacute; el empleo de ma&ntilde;ana. <\/p>\n<p> <span style=\"font-size: 18px; \"><strong>Algunos de los comit&eacute;s de empresa que han mostrado su apoyo a la manifestaci&oacute;n del 23 <\/strong><\/span><br \/> <!--[if !mso]> \n\n<style> v\\:* {behavior:url(#default#VML);} o\\:* {behavior:url(#default#VML);} w\\:* {behavior:url(#default#VML);} .shape {behavior:url(#default#VML);} <\/style>\n\n <![endif]--><!--[if gte mso 9]><![endif]--><!--[if gte mso 9]><xml>     0   false      21      18 pt   18 pt   0   0      false   false   false                             <\/xml><![endif]--><!--[if gte mso 9]><![endif]-->  <!--[if gte mso 10]> \n\n<style>  \/* Style Definitions *\/ table.MsoNormalTable \t{mso-style-name:\"Tabla normal\"; \tmso-style-parent:\"\"; \tfont-size:12.0pt;\"Times New Roman\"; \tmso-fareast-\"Times New Roman\"; \tmso-bidi-\"Times New Roman\";} <\/style>\n\n <![endif]--> <\/p>\n<div>\n<div>&nbsp;<\/div>\n<table border=\"0\" cellspacing=\"0\" cellpadding=\"5\">\n<tbody>\n<tr>\n<td width=\"108\" valign=\"top\">\n<div><strong>BIZKAIA<br \/>             <br type=\"_moz\" \/>             <\/strong><\/div>\n<div>GESTAMP<\/div>\n<p><span>MATRICERIA   DEUSTO<\/span><\/p>\n<div>PINE<\/div>\n<p><span>ARCELOR   SESTAO<\/span><\/p>\n<div>TECNICHAPA<\/div>\n<p><span>MECANICAS   MALLABIA<\/span><\/p>\n<div>VICINAY<\/div>\n<div>ABB<\/div>\n<p><span>NEMAK   <\/span><\/p>\n<div>WARTSILA<\/div>\n<div>NEGARRA<\/div>\n<div>GERDAU<\/div>\n<div><b>&nbsp;<\/b><\/div>\n<\/td>\n<td width=\"108\" valign=\"top\">\n<div><strong>GIPUZKOA<br \/>             <br type=\"_moz\" \/>             <\/strong><\/div>\n<div>IKOR<\/div>\n<div>CAF<\/div>\n<div>ESNELAT<\/div>\n<div>ETXESA<\/div>\n<div>SAM<\/div>\n<div>JASO<\/div>\n<div>MICHELIN<\/div>\n<p><span>BIELE   <\/span><\/p>\n<div>JUARISTI<\/div>\n<div>GIROA<\/div>\n<p><span>ARCELOR   ZUMARRAGA<\/span><\/p>\n<p><span>EDESA   INDUSTRIAL<\/span><\/p>\n<p><span>ABC   GOL<\/span><\/p>\n<p><span>ALFA   AYRACARDAN<\/span><\/p>\n<div>ALKORTA<\/div>\n<div>CEGASA<\/div>\n<p><span>SNA   EUROPE<\/span><\/p>\n<div>INDAR<\/div>\n<div><b>&nbsp;<\/b><\/div>\n<\/td>\n<td width=\"108\" valign=\"top\">\n<div><strong>ARABA<\/strong><\/div>\n<p><span>CONDESA   FABRIL<\/span><\/p>\n<div>MICHELIN<\/div>\n<p><span>MERCEDES   <\/span><\/p>\n<div>AERNNOVA<\/div>\n<p><span>TUBOS   REUNIDOS<\/span><\/p>\n<div>INAUXA<\/div>\n<div>ALESTIS<\/div>\n<div>GERDAU<\/div>\n<p><span>CONDESA   INOX<\/span><\/p>\n<div><b>&nbsp;<\/b><\/div>\n<\/td>\n<td width=\"108\" valign=\"top\">\n<div><strong>NAFARROA<\/strong><\/div>\n<p><span>ARCELOR   MITTAL AM LESAKA<\/span><\/p>\n<p><span>ARCELOR   MITTAL AMDS (LEGASA)<\/span><\/p>\n<p><span>GRAFTECH   IB&Eacute;RICA<\/span><\/p>\n<div>BILBO<\/div>\n<div>CONSONNI<\/div>\n<div>KYBSE<\/div>\n<div><b>&nbsp;<\/b><\/div>\n<\/td>\n<\/tr>\n<\/tbody>\n<\/table><\/div>\n<p> <b><span><br clear=\"ALL\" \/> <\/span><\/b> <\/p>\n<div>&nbsp;<\/div>\n<p> &nbsp;<\/p><\/div>\n<div style=\"width:180px; float:left; padding-left:15px;\">\n<div style=\"text-align: center; \"><a href=\"\/rssak\"><input width=\"30\" type=\"image\" height=\"30\" longdesc=\"undefined\" alt=\"RSSak\" src=\"\/materiala\/argazkiak\/feed.png\" \/><\/a><a target=\"_blank\" href=\"http:\/\/www.facebook.com\/pages\/LAB-sindikatua\/292846207397345\" rel=\"noopener noreferrer\"><input width=\"30\" type=\"image\" height=\"30\" longdesc=\"undefined\" alt=\"LAB Facebooken\" src=\"\/modules\/mod_socialmediacloud\/icons\/facebook.png\" \/><\/a><a target=\"_blank\" href=\"http:\/\/issuu.com\/lab_argitalpenak\" rel=\"noopener noreferrer\"><input width=\"30\" type=\"image\" height=\"30\" longdesc=\"undefined\" src=\"\/modules\/mod_socialmediacloud\/icons\/issuu.png\" \/><\/a><a target=\"_blank\" href=\"http:\/\/es.scribd.com\/LABsindikatua\" rel=\"noopener noreferrer\"><input width=\"30\" type=\"image\" height=\"30\" longdesc=\"undefined\" src=\"\/modules\/mod_socialmediacloud\/icons\/scribd.png\" \/><br \/> <\/a><\/div>\n<div style=\"text-align: center; \"><a target=\"_blank\" href=\"http:\/\/twitter.com\/LABsindikatua\" rel=\"noopener noreferrer\"><input width=\"30\" type=\"image\" height=\"30\" longdesc=\"undefined\" src=\"\/modules\/mod_socialmediacloud\/icons\/twitter.png\" \/><\/a><a target=\"_blank\" href=\"http:\/\/www.youtube.com\/user\/labsindikatua\" rel=\"noopener noreferrer\"><input width=\"30\" type=\"image\" height=\"30\" longdesc=\"undefined\" src=\"\/modules\/mod_socialmediacloud\/icons\/youtube.png\" \/><\/a><a target=\"_blank\" href=\"http:\/\/www.flickr.com\/photos\/lab-sindikatua\/\" rel=\"noopener noreferrer\"><input width=\"30\" type=\"image\" height=\"30\" longdesc=\"undefined\" src=\"\/modules\/mod_socialmediacloud\/icons\/flickr.png\" \/><\/a><a href=\"http:\/\/www.labsindikatua.org\/eu\/hasiera\/upload\"><input width=\"30\" type=\"image\" height=\"30\" longdesc=\"undefined\" src=\"\/modules\/mod_socialmediacloud\/icons\/igo.png\" \/><\/a><\/div>\n<p> &nbsp;<\/p><\/div>\n<div>&nbsp;<\/div>\n","protected":false},"excerpt":{"rendered":"<p>Mes tras mes empresas de Euskal Herria se cierran porque las decisiones respecto a su futuro se toman en fondos de inversi&oacute;n o empresas trasnacionales que tienen como m&aacute;ximo objetivo el beneficio de sus accionistas. Contra este tipo de pr&aacute;cticas y a favor de una pol&iacute;tica industrial real,&nbsp; Llamamos a participar en la manifestaci&oacute;n convocada [&hellip;]<\/p>\n","protected":false},"author":1,"featured_media":14075,"comment_status":"open","ping_status":"open","sticky":false,"template":"","format":"standard","meta":{"_monsterinsights_skip_tracking":false,"_monsterinsights_sitenote_active":false,"_monsterinsights_sitenote_note":"","_monsterinsights_sitenote_category":0,"footnotes":"","_links_to":"","_links_to_target":""},"categories":[2933,2998],"tags":[3066,2996],"class_list":{"0":"post-14076","1":"post","2":"type-post","3":"status-publish","4":"format-standard","5":"has-post-thumbnail","7":"category-federaciones-es","8":"category-uncategorized-eu-es","9":"tag-federaciones-es","10":"tag-industria-es"},"_links":{"self":[{"href":"https:\/\/www.lab.eus\/es\/wp-json\/wp\/v2\/posts\/14076","targetHints":{"allow":["GET"]}}],"collection":[{"href":"https:\/\/www.lab.eus\/es\/wp-json\/wp\/v2\/posts"}],"about":[{"href":"https:\/\/www.lab.eus\/es\/wp-json\/wp\/v2\/types\/post"}],"author":[{"embeddable":true,"href":"https:\/\/www.lab.eus\/es\/wp-json\/wp\/v2\/users\/1"}],"replies":[{"embeddable":true,"href":"https:\/\/www.lab.eus\/es\/wp-json\/wp\/v2\/comments?post=14076"}],"version-history":[{"count":0,"href":"https:\/\/www.lab.eus\/es\/wp-json\/wp\/v2\/posts\/14076\/revisions"}],"wp:featuredmedia":[{"embeddable":true,"href":"https:\/\/www.lab.eus\/es\/wp-json\/wp\/v2\/media\/14075"}],"wp:attachment":[{"href":"https:\/\/www.lab.eus\/es\/wp-json\/wp\/v2\/media?parent=14076"}],"wp:term":[{"taxonomy":"category","embeddable":true,"href":"https:\/\/www.lab.eus\/es\/wp-json\/wp\/v2\/categories?post=14076"},{"taxonomy":"post_tag","embeddable":true,"href":"https:\/\/www.lab.eus\/es\/wp-json\/wp\/v2\/tags?post=14076"}],"curies":[{"name":"wp","href":"https:\/\/api.w.org\/{rel}","templated":true}]}}