{"id":14074,"date":"2016-04-20T15:44:54","date_gmt":"2016-04-20T15:44:54","guid":{"rendered":"https:\/\/www.lab.eus\/pnv-y-psoe-bloquean-en-comision-una-mocion-que-mejoraria-las-condiciones-en-el-servicio-de-ayuda-a-domicilio-del-ayuntamiento-de-bilbo\/"},"modified":"2016-04-20T15:44:54","modified_gmt":"2016-04-20T15:44:54","slug":"pnv-y-psoe-bloquean-en-comision-una-mocion-que-mejoraria-las-condiciones-en-el-servicio-de-ayuda-a-domicilio-del-ayuntamiento-de-bilbo","status":"publish","type":"post","link":"https:\/\/www.lab.eus\/es\/pnv-y-psoe-bloquean-en-comision-una-mocion-que-mejoraria-las-condiciones-en-el-servicio-de-ayuda-a-domicilio-del-ayuntamiento-de-bilbo\/","title":{"rendered":"PNV y PSOE bloquean en comisi\u00f3n una moci\u00f3n que mejorar\u00eda las condiciones  en el Servicio de Ayuda a Domicilio del Ayuntamiento de Bilbo"},"content":{"rendered":"<p><em><br \/> <\/em> <\/p>\n<div style=\"padding-right:15px;width:345px; float:left; border-right-style:solid; border-right-width:1px; border-right-color:#dddddd\"><em>Hoy se ha celebrado la comisi&oacute;n del Ayuntamiento de Bilbao, paso previo al pleno municipal. Las trabajadoras del servicio de Ayuda a Domicilio, del cual el Ayuntamiento es titular, han defendido la propuesta de moci&oacute;n al pleno, respaldada con las firmas de trabajadoras de este servicio. Esta moci&oacute;n reivindicaba mejoras en la calidad del servicio.  <\/em><\/p>\n<p> El PNV y el PSOE han bloqueado que la misma prospere y se debata en el pleno y se d&eacute; soluci&oacute;n a la grave situaci&oacute;n del servicio de ayuda a domicilio de Bilbao, tanto en el plano asistencial como en el laboral.<\/p>\n<p> An&aacute;lisis de la situaci&oacute;n en relaci&oacute;n al plano socio &ndash; asistencial:<\/p>\n<p> &bull; Ha supuesto una reducci&oacute;n en el nivel de protecci&oacute;n a un colectivo cada vez mayor, toda vez que las horas de servicio son menos, as&iacute; como una disminuci&oacute;n en la calidad del servicio, toda vez que adem&aacute;s de la reducci&oacute;n de horas, por cada hora de trabajo se realizan m&aacute;s funciones. <br \/> En el plano laboral, quienes llevamos desempe&ntilde;ando este fundamental servicio durante d&eacute;cadas, casi en su totalidad mujeres, hemos sufrido una p&eacute;rdida de empleo y de derechos laborales a&ntilde;o tras a&ntilde;o.<\/p>\n<p> &bull; Se ha despedido de manera masiva a trabajadoras con contratos eventuales, mayoritariamente en fraude de ley. La contrataci&oacute;n eventual es la pol&iacute;tica de contrataci&oacute;n predilecta de las empresas. Por la cual se arrogan un mecanismo adecuado de flexibilidad, contratando a trabajadoras con jornadas parciales y a la carta, aunque no exista causa real y se encuentren en fraude de ley, e incluso incumpliendo los m&iacute;nimos establecidos en el Convenio Colectivo de aplicaci&oacute;n. A d&iacute;a de hoy, las empresas se niegan a regularizar este tipo de contratos en fraude de ley, as&iacute; como a acordar con la Representaci&oacute;n Legal de los y las Trabajadoras, bolsas de trabajo garantistas para estas trabajadoras.<\/p>\n<p> &bull; No se garantizan las horas que por contrato tenemos, siendo modificadas nuestras condiciones, descolg&aacute;ndose del Convenio Colectivo, perdiendo salario y cotizaci&oacute;n. Un alto porcentaje de trabajadoras realiza actividad a jornada parcial.<\/p>\n<p> &bull;  En los &uacute;ltimos tres a&ntilde;os, adem&aacute;s de empeorar nuestras condiciones laborales, hemos perdido casi un 3% de poder adquisitivo, como consecuencia de la congelaci&oacute;n salarial de los a&ntilde;os 2013 y 2015, con la excepci&oacute;n del 2014 que se actualizaron 8 &euro; mensuales a jornada completa. <\/p>\n<p> &bull; Las empresas achacan a las trabajadoras y a la Representaci&oacute;n Legal de los y las Trabajadoras el alto &iacute;ndice de absentismo, motivado por contingencias comunes y profesionales, pero no encontramos en ellas voluntad para cumplir con sus obligaciones y garantizar a las trabajadoras las medidas preventivas adecuadas para que no sufran ning&uacute;n da&ntilde;o por el hecho de realizar su trabajo. <\/p>\n<p> Con este posicionamiento el PNV y el PSOE haciendo una dejaci&oacute;n en sus responsabilidades al ser un servicio de responsabilidad p&uacute;blica y un servicio social y fundamental, potencian la crisis de los cuidados.<\/p>\n<p> Las Representantes de las Trabajadoras, trasladaran lo acontecido al resto de trabajadoras y anuncian la defensa de los contenidos de la moci&oacute;n en la calle, el d&iacute;a 28, frente al Ayuntamiento.<\/p><\/div>\n<div style=\"width:180px; float:left; padding-left:15px;\">\n<div style=\"text-align: center; \"><a href=\"\/rssak\"><input width=\"30\" type=\"image\" height=\"30\" longdesc=\"undefined\" alt=\"RSSak\" src=\"\/materiala\/argazkiak\/feed.png\" \/><\/a><a href=\"http:\/\/www.facebook.com\/pages\/LAB-sindikatua\/292846207397345\" target=\"_blank\" rel=\"noopener noreferrer\"><input width=\"30\" type=\"image\" height=\"30\" longdesc=\"undefined\" alt=\"LAB Facebooken\" src=\"\/modules\/mod_socialmediacloud\/icons\/facebook.png\" \/><\/a><a href=\"http:\/\/issuu.com\/lab_argitalpenak\" target=\"_blank\" rel=\"noopener noreferrer\"><input width=\"30\" type=\"image\" height=\"30\" longdesc=\"undefined\" src=\"\/modules\/mod_socialmediacloud\/icons\/issuu.png\" \/><\/a><a href=\"http:\/\/es.scribd.com\/LABsindikatua\" target=\"_blank\" rel=\"noopener noreferrer\"><input width=\"30\" type=\"image\" height=\"30\" longdesc=\"undefined\" src=\"\/modules\/mod_socialmediacloud\/icons\/scribd.png\" \/><br \/> <\/a><\/div>\n<div style=\"text-align: center; \"><a href=\"http:\/\/twitter.com\/LABsindikatua\" target=\"_blank\" rel=\"noopener noreferrer\"><input width=\"30\" type=\"image\" height=\"30\" longdesc=\"undefined\" src=\"\/modules\/mod_socialmediacloud\/icons\/twitter.png\" \/><\/a><a href=\"http:\/\/www.youtube.com\/user\/labsindikatua\" target=\"_blank\" rel=\"noopener noreferrer\"><input width=\"30\" type=\"image\" height=\"30\" longdesc=\"undefined\" src=\"\/modules\/mod_socialmediacloud\/icons\/youtube.png\" \/><\/a><a href=\"http:\/\/www.flickr.com\/photos\/lab-sindikatua\/\" target=\"_blank\" rel=\"noopener noreferrer\"><input width=\"30\" type=\"image\" height=\"30\" longdesc=\"undefined\" src=\"\/modules\/mod_socialmediacloud\/icons\/flickr.png\" \/><\/a><a href=\"http:\/\/www.labsindikatua.org\/eu\/hasiera\/upload\"><input width=\"30\" type=\"image\" height=\"30\" longdesc=\"undefined\" src=\"\/modules\/mod_socialmediacloud\/icons\/igo.png\" \/><\/a><\/div>\n<p> &nbsp;<\/p><\/div>\n<div>&nbsp;<\/div>\n","protected":false},"excerpt":{"rendered":"<p>Hoy se ha celebrado la comisi&oacute;n del Ayuntamiento de Bilbao, paso previo al pleno municipal. Las trabajadoras del servicio de Ayuda a Domicilio, del cual el Ayuntamiento es titular, han defendido la propuesta de moci&oacute;n al pleno, respaldada con las firmas de trabajadoras de este servicio. Esta moci&oacute;n reivindicaba mejoras en la calidad del servicio. [&hellip;]<\/p>\n","protected":false},"author":1,"featured_media":0,"comment_status":"open","ping_status":"open","sticky":false,"template":"","format":"standard","meta":{"_monsterinsights_skip_tracking":false,"_monsterinsights_sitenote_active":false,"_monsterinsights_sitenote_note":"","_monsterinsights_sitenote_category":0,"footnotes":"","_links_to":"","_links_to_target":""},"categories":[3108,2998],"tags":[],"class_list":{"0":"post-14074","1":"post","2":"type-post","3":"status-publish","4":"format-standard","6":"category-administracion-municipal-y-foral","7":"category-uncategorized-eu-es"},"_links":{"self":[{"href":"https:\/\/www.lab.eus\/es\/wp-json\/wp\/v2\/posts\/14074","targetHints":{"allow":["GET"]}}],"collection":[{"href":"https:\/\/www.lab.eus\/es\/wp-json\/wp\/v2\/posts"}],"about":[{"href":"https:\/\/www.lab.eus\/es\/wp-json\/wp\/v2\/types\/post"}],"author":[{"embeddable":true,"href":"https:\/\/www.lab.eus\/es\/wp-json\/wp\/v2\/users\/1"}],"replies":[{"embeddable":true,"href":"https:\/\/www.lab.eus\/es\/wp-json\/wp\/v2\/comments?post=14074"}],"version-history":[{"count":0,"href":"https:\/\/www.lab.eus\/es\/wp-json\/wp\/v2\/posts\/14074\/revisions"}],"wp:attachment":[{"href":"https:\/\/www.lab.eus\/es\/wp-json\/wp\/v2\/media?parent=14074"}],"wp:term":[{"taxonomy":"category","embeddable":true,"href":"https:\/\/www.lab.eus\/es\/wp-json\/wp\/v2\/categories?post=14074"},{"taxonomy":"post_tag","embeddable":true,"href":"https:\/\/www.lab.eus\/es\/wp-json\/wp\/v2\/tags?post=14074"}],"curies":[{"name":"wp","href":"https:\/\/api.w.org\/{rel}","templated":true}]}}