{"id":14007,"date":"2016-04-04T13:36:34","date_gmt":"2016-04-04T13:36:34","guid":{"rendered":"https:\/\/www.lab.eus\/despues-de-casi-ocho-anos-desde-el-inicio-de-la-crisis-el-paro-continua-en-niveles-intolerables\/"},"modified":"2016-04-04T13:36:34","modified_gmt":"2016-04-04T13:36:34","slug":"despues-de-casi-ocho-anos-desde-el-inicio-de-la-crisis-el-paro-continua-en-niveles-intolerables","status":"publish","type":"post","link":"https:\/\/www.lab.eus\/es\/despues-de-casi-ocho-anos-desde-el-inicio-de-la-crisis-el-paro-continua-en-niveles-intolerables\/","title":{"rendered":"Despu\u00e9s de casi ocho a\u00f1os desde el inicio de la crisis el paro contin\u00faa en niveles intolerables"},"content":{"rendered":"<p> <\/p>\n<div style=\"padding-right:15px;width:345px; float:left; border-right-style:solid; border-right-width:1px; border-right-color:#dddddd\"><em><span style=\"font-size: small; \">El paro registrado en Hego Euskal Herria al finalizar el mes de marzo se situ&oacute; en 198.055 personas desempleadas, lo que supone 1.596 menos que en febrero. No obstante, despu&eacute;s de casi ocho a&ntilde;os desde el inicio de la crisis el paro contin&uacute;a en niveles intolerables, y el incremento de la precariedad aumenta las desigualdades y la pobreza laboral.<\/span><\/em><\/p>\n<p> En efecto, la evoluci&oacute;n del desempleo se ha visto favorecida por la influencia de factores estacionales relacionados con el auge del turismo y de las contrataciones en el sector servicios durante la Semana Santa. No obstante, el empuje del empleo de temporada e inestable no deber&iacute;a distraernos de los graves problemas que debemos enfrentar en este momento:<\/p>\n<p> &bull;\tLa ralentizaci&oacute;n en la creaci&oacute;n de empleo y su progresiva precarizaci&oacute;n,<\/p>\n<p> &bull;\tLas amenazas que se ciernen sobre la industria del acero en general, pero que de forma injustificable se est&aacute;n focalizando en nuestro territorio.<\/p>\n<p> En este sentido, la situaci&oacute;n por la que atraviesan las acer&iacute;as de Zum&aacute;rraga y Sestao (por citar los dos ejemplos m&aacute;s recientes) nos alerta de las negativas consecuencias que tendr&iacute;a un cambio de modelo productivo abocado a sustituir empleo de calidad por empleo precario.<\/p>\n<p> Por otro lado, aunque la afiliaci&oacute;n a la Seguridad Social contin&uacute;a aumentando, cada vez lo hace a menor ritmo; y adem&aacute;s, a golpe de precariedad e impulsada por la extensi&oacute;n del empleo con muy bajos salarios.<\/p>\n<p> En todo caso, este incremento de la afiliaci&oacute;n no ha impedido que el d&eacute;ficit de la Seguridad Social haya dejado de crecer, en gran parte por el deterioro de la calidad del empleo y de las bases de cotizaci&oacute;n; pero tambi&eacute;n por las reducciones aplicadas en las cuotas ingresadas por las empresas, que suponen un aut&eacute;ntico derroche y un trasvase de dinero p&uacute;blico al empresariado.<\/p>\n<p> De la misma manera, el aumento de la afiliaci&oacute;n tampoco se ha traducido en una mejora apreciable de las condiciones de vida de la clase trabajadora. Al contrario, la progresiva precarizaci&oacute;n de las condiciones laborales y la profunda devaluaci&oacute;n salarial ha disparado los &iacute;ndices de desigualdad y de pobreza laboral.<br \/> &nbsp;<\/div>\n<div style=\"width:180px; float:left; padding-left:15px;\">\n<div style=\"text-align: center; \"><a href=\"\/rssak\"><input type=\"image\" src=\"\/materiala\/argazkiak\/feed.png\" alt=\"RSSak\" width=\"30\" height=\"30\" longdesc=\"undefined\" \/><\/a><a target=\"_blank\" href=\"http:\/\/www.facebook.com\/pages\/LAB-sindikatua\/292846207397345\" rel=\"noopener noreferrer\"><input type=\"image\" src=\"\/modules\/mod_socialmediacloud\/icons\/facebook.png\" alt=\"LAB Facebooken\" width=\"30\" height=\"30\" longdesc=\"undefined\" \/><\/a><a target=\"_blank\" href=\"http:\/\/issuu.com\/lab_argitalpenak\" rel=\"noopener noreferrer\"><input type=\"image\" src=\"\/modules\/mod_socialmediacloud\/icons\/issuu.png\" width=\"30\" height=\"30\" longdesc=\"undefined\" \/><\/a><a target=\"_blank\" href=\"http:\/\/es.scribd.com\/LABsindikatua\" rel=\"noopener noreferrer\"><input type=\"image\" src=\"\/modules\/mod_socialmediacloud\/icons\/scribd.png\" width=\"30\" height=\"30\" longdesc=\"undefined\" \/><br \/> <\/a><\/div>\n<div style=\"text-align: center; \"><a target=\"_blank\" href=\"http:\/\/twitter.com\/LABsindikatua\" rel=\"noopener noreferrer\"><input type=\"image\" src=\"\/modules\/mod_socialmediacloud\/icons\/twitter.png\" width=\"30\" height=\"30\" longdesc=\"undefined\" \/><\/a><a target=\"_blank\" href=\"http:\/\/www.youtube.com\/user\/labsindikatua\" rel=\"noopener noreferrer\"><input type=\"image\" src=\"\/modules\/mod_socialmediacloud\/icons\/youtube.png\" width=\"30\" height=\"30\" longdesc=\"undefined\" \/><\/a><a target=\"_blank\" href=\"http:\/\/www.flickr.com\/photos\/lab-sindikatua\/\" rel=\"noopener noreferrer\"><input type=\"image\" src=\"\/modules\/mod_socialmediacloud\/icons\/flickr.png\" width=\"30\" height=\"30\" longdesc=\"undefined\" \/><\/a><a href=\"http:\/\/www.labsindikatua.org\/eu\/hasiera\/upload\"><input type=\"image\" src=\"\/modules\/mod_socialmediacloud\/icons\/igo.png\" width=\"30\" height=\"30\" longdesc=\"undefined\" \/><\/a><\/div>\n<p> &nbsp;<\/p><\/div>\n<div>&nbsp;<\/div>\n","protected":false},"excerpt":{"rendered":"<p>El paro registrado en Hego Euskal Herria al finalizar el mes de marzo se situ&oacute; en 198.055 personas desempleadas, lo que supone 1.596 menos que en febrero. No obstante, despu&eacute;s de casi ocho a&ntilde;os desde el inicio de la crisis el paro contin&uacute;a en niveles intolerables, y el incremento de la precariedad aumenta las desigualdades [&hellip;]<\/p>\n","protected":false},"author":1,"featured_media":0,"comment_status":"open","ping_status":"open","sticky":false,"template":"","format":"standard","meta":{"_monsterinsights_skip_tracking":false,"_monsterinsights_sitenote_active":false,"_monsterinsights_sitenote_note":"","_monsterinsights_sitenote_category":0,"footnotes":"","_links_to":"","_links_to_target":""},"categories":[2994],"tags":[3182,3101],"class_list":{"0":"post-14007","1":"post","2":"type-post","3":"status-publish","4":"format-standard","6":"category-accion-social","7":"tag-accion-social-es","8":"tag-desempleo"},"_links":{"self":[{"href":"https:\/\/www.lab.eus\/es\/wp-json\/wp\/v2\/posts\/14007","targetHints":{"allow":["GET"]}}],"collection":[{"href":"https:\/\/www.lab.eus\/es\/wp-json\/wp\/v2\/posts"}],"about":[{"href":"https:\/\/www.lab.eus\/es\/wp-json\/wp\/v2\/types\/post"}],"author":[{"embeddable":true,"href":"https:\/\/www.lab.eus\/es\/wp-json\/wp\/v2\/users\/1"}],"replies":[{"embeddable":true,"href":"https:\/\/www.lab.eus\/es\/wp-json\/wp\/v2\/comments?post=14007"}],"version-history":[{"count":0,"href":"https:\/\/www.lab.eus\/es\/wp-json\/wp\/v2\/posts\/14007\/revisions"}],"wp:attachment":[{"href":"https:\/\/www.lab.eus\/es\/wp-json\/wp\/v2\/media?parent=14007"}],"wp:term":[{"taxonomy":"category","embeddable":true,"href":"https:\/\/www.lab.eus\/es\/wp-json\/wp\/v2\/categories?post=14007"},{"taxonomy":"post_tag","embeddable":true,"href":"https:\/\/www.lab.eus\/es\/wp-json\/wp\/v2\/tags?post=14007"}],"curies":[{"name":"wp","href":"https:\/\/api.w.org\/{rel}","templated":true}]}}