{"id":14003,"date":"2016-04-01T10:25:36","date_gmt":"2016-04-01T10:25:36","guid":{"rendered":"https:\/\/www.lab.eus\/lab-exige-la-libertad-del-companero-del-sat-andres-bodalo\/"},"modified":"2016-04-01T10:25:36","modified_gmt":"2016-04-01T10:25:36","slug":"lab-exige-la-libertad-del-companero-del-sat-andres-bodalo","status":"publish","type":"post","link":"https:\/\/www.lab.eus\/es\/lab-exige-la-libertad-del-companero-del-sat-andres-bodalo\/","title":{"rendered":"LAB exige la libertad del compa\u00f1ero del SAT Andr\u00e9s B\u00f3dalo"},"content":{"rendered":"<p><em><br \/> <\/em> <\/p>\n<div style=\"padding-right:15px;width:345px; float:left; border-right-style:solid; border-right-width:1px; border-right-color:#dddddd\"><img loading=\"lazy\" decoding=\"async\" class=\" size-full wp-image-14002\" src=\"https:\/\/www.lab.eus\/wp-content\/uploads\/2016\/04\/materiala_argazkiak_ekintzaSindikala_jazarpenSindikala_16_04_01Bodalo_bodaloAske.jpg\" width=\"345\" height=\"224\" alt=\"\" srcset=\"https:\/\/www.lab.eus\/wp-content\/uploads\/2016\/04\/materiala_argazkiak_ekintzaSindikala_jazarpenSindikala_16_04_01Bodalo_bodaloAske.jpg 800w, https:\/\/www.lab.eus\/wp-content\/uploads\/2016\/04\/materiala_argazkiak_ekintzaSindikala_jazarpenSindikala_16_04_01Bodalo_bodaloAske-300x195.jpg 300w, https:\/\/www.lab.eus\/wp-content\/uploads\/2016\/04\/materiala_argazkiak_ekintzaSindikala_jazarpenSindikala_16_04_01Bodalo_bodaloAske-768x499.jpg 768w, https:\/\/www.lab.eus\/wp-content\/uploads\/2016\/04\/materiala_argazkiak_ekintzaSindikala_jazarpenSindikala_16_04_01Bodalo_bodaloAske-150x98.jpg 150w, https:\/\/www.lab.eus\/wp-content\/uploads\/2016\/04\/materiala_argazkiak_ekintzaSindikala_jazarpenSindikala_16_04_01Bodalo_bodaloAske-696x452.jpg 696w, https:\/\/www.lab.eus\/wp-content\/uploads\/2016\/04\/materiala_argazkiak_ekintzaSindikala_jazarpenSindikala_16_04_01Bodalo_bodaloAske-646x420.jpg 646w\" sizes=\"auto, (max-width: 345px) 100vw, 345px\" \/><br \/> <em><br \/> LAB exige al Gobierno Espa&ntilde;ol la liberaci&oacute;n del compa&ntilde;ero sindicalista del SAT Andr&eacute;s B&oacute;dalo que fue encarcelado el pasado 29 de marzo por defender los derechos laborales de los trabajadores y trabajadoras del pueblo andaluz.<\/em><\/p>\n<p> El sistema econ&oacute;mico actual, el capitalismo neoliberal, no permite la disidencia y la discrepancia. Se criminaliza y persigue cualquier organizaci&oacute;n o movimiento que  cuestione la ortodoxia econ&oacute;mica actual. All&aacute; donde el movimiento sindical permanece vivo y confronta con el poder pol&iacute;tico y econ&oacute;mico se convierte en objeto de su ataque.<\/p>\n<p> En Euskal Herria lo sabemos bien. Adem&aacute;s de sanciones, multas, ocupaci&oacute;n policial de locales, etc. Los poderes econ&oacute;micos han buscado la ilegalizaci&oacute;n del movimiento sindical combativo con el silencio c&oacute;mplice del poder pol&iacute;tico y el sindicalismo de acompa&ntilde;amiento. <\/p>\n<p> El Estado Espa&ntilde;ol es un alumno aventajado. Ha profundizado a&uacute;n m&aacute;s en la v&iacute;a represiva y criminalizadota contra movimientos sindicales y sociales mediante la promulgaci&oacute;n de la Ley Mordaza. <\/p>\n<p> Ahora ha sido el turno del compa&ntilde;ero Andr&eacute;s B&oacute;dalo. Compa&ntilde;ero de larga trayectoria en el movimiento sindical andaluz e incansable luchador por los derechos de trabajadores y trabajadoras. V&iacute;ctima de persecuci&oacute;n sindical y pol&iacute;tica. Condenado en base a testimonios policiales y sin tener en consideraci&oacute;n las pruebas presentadas a su favor. Encarcelado a&uacute;n cuando no hay sentencia firme. <\/p>\n<p> Por todo ello, LAB solicita la liberaci&oacute;n inmediata del compa&ntilde;ero del SAT Andr&eacute;s B&oacute;dalo.<\/p>\n<p> &nbsp;<\/p><\/div>\n<div style=\"width:180px; float:left; padding-left:15px;\">\n<div style=\"text-align: center; \"><a href=\"\/rssak\"><input width=\"30\" type=\"image\" height=\"30\" longdesc=\"undefined\" alt=\"RSSak\" src=\"\/materiala\/argazkiak\/feed.png\" \/><\/a><a href=\"http:\/\/www.facebook.com\/pages\/LAB-sindikatua\/292846207397345\" target=\"_blank\" rel=\"noopener noreferrer\"><input width=\"30\" type=\"image\" height=\"30\" longdesc=\"undefined\" alt=\"LAB Facebooken\" src=\"\/modules\/mod_socialmediacloud\/icons\/facebook.png\" \/><\/a><a href=\"http:\/\/issuu.com\/lab_argitalpenak\" target=\"_blank\" rel=\"noopener noreferrer\"><input width=\"30\" type=\"image\" height=\"30\" longdesc=\"undefined\" src=\"\/modules\/mod_socialmediacloud\/icons\/issuu.png\" \/><\/a><a href=\"http:\/\/es.scribd.com\/LABsindikatua\" target=\"_blank\" rel=\"noopener noreferrer\"><input width=\"30\" type=\"image\" height=\"30\" longdesc=\"undefined\" src=\"\/modules\/mod_socialmediacloud\/icons\/scribd.png\" \/><br \/> <\/a><\/div>\n<div style=\"text-align: center; \"><a href=\"http:\/\/twitter.com\/LABsindikatua\" target=\"_blank\" rel=\"noopener noreferrer\"><input width=\"30\" type=\"image\" height=\"30\" longdesc=\"undefined\" src=\"\/modules\/mod_socialmediacloud\/icons\/twitter.png\" \/><\/a><a href=\"http:\/\/www.youtube.com\/user\/labsindikatua\" target=\"_blank\" rel=\"noopener noreferrer\"><input width=\"30\" type=\"image\" height=\"30\" longdesc=\"undefined\" src=\"\/modules\/mod_socialmediacloud\/icons\/youtube.png\" \/><\/a><a href=\"http:\/\/www.flickr.com\/photos\/lab-sindikatua\/\" target=\"_blank\" rel=\"noopener noreferrer\"><input width=\"30\" type=\"image\" height=\"30\" longdesc=\"undefined\" src=\"\/modules\/mod_socialmediacloud\/icons\/flickr.png\" \/><\/a><a href=\"http:\/\/www.labsindikatua.org\/eu\/hasiera\/upload\"><input width=\"30\" type=\"image\" height=\"30\" longdesc=\"undefined\" src=\"\/modules\/mod_socialmediacloud\/icons\/igo.png\" \/><\/a><\/div>\n<p> &nbsp;<\/p><\/div>\n<div>&nbsp;<\/div>\n","protected":false},"excerpt":{"rendered":"<p>LAB exige al Gobierno Espa&ntilde;ol la liberaci&oacute;n del compa&ntilde;ero sindicalista del SAT Andr&eacute;s B&oacute;dalo que fue encarcelado el pasado 29 de marzo por defender los derechos laborales de los trabajadores y trabajadoras del pueblo andaluz. El sistema econ&oacute;mico actual, el capitalismo neoliberal, no permite la disidencia y la discrepancia. Se criminaliza y persigue cualquier organizaci&oacute;n [&hellip;]<\/p>\n","protected":false},"author":1,"featured_media":14002,"comment_status":"open","ping_status":"open","sticky":false,"template":"","format":"standard","meta":{"_monsterinsights_skip_tracking":false,"_monsterinsights_sitenote_active":false,"_monsterinsights_sitenote_note":"","_monsterinsights_sitenote_category":0,"footnotes":"","_links_to":"","_links_to_target":""},"categories":[2998],"tags":[3033],"class_list":{"0":"post-14003","1":"post","2":"type-post","3":"status-publish","4":"format-standard","5":"has-post-thumbnail","7":"category-uncategorized-eu-es","8":"tag-accion-sindical-es"},"_links":{"self":[{"href":"https:\/\/www.lab.eus\/es\/wp-json\/wp\/v2\/posts\/14003","targetHints":{"allow":["GET"]}}],"collection":[{"href":"https:\/\/www.lab.eus\/es\/wp-json\/wp\/v2\/posts"}],"about":[{"href":"https:\/\/www.lab.eus\/es\/wp-json\/wp\/v2\/types\/post"}],"author":[{"embeddable":true,"href":"https:\/\/www.lab.eus\/es\/wp-json\/wp\/v2\/users\/1"}],"replies":[{"embeddable":true,"href":"https:\/\/www.lab.eus\/es\/wp-json\/wp\/v2\/comments?post=14003"}],"version-history":[{"count":0,"href":"https:\/\/www.lab.eus\/es\/wp-json\/wp\/v2\/posts\/14003\/revisions"}],"wp:featuredmedia":[{"embeddable":true,"href":"https:\/\/www.lab.eus\/es\/wp-json\/wp\/v2\/media\/14002"}],"wp:attachment":[{"href":"https:\/\/www.lab.eus\/es\/wp-json\/wp\/v2\/media?parent=14003"}],"wp:term":[{"taxonomy":"category","embeddable":true,"href":"https:\/\/www.lab.eus\/es\/wp-json\/wp\/v2\/categories?post=14003"},{"taxonomy":"post_tag","embeddable":true,"href":"https:\/\/www.lab.eus\/es\/wp-json\/wp\/v2\/tags?post=14003"}],"curies":[{"name":"wp","href":"https:\/\/api.w.org\/{rel}","templated":true}]}}